{"id":75775,"date":"2026-01-04T00:01:00","date_gmt":"2026-01-04T07:01:00","guid":{"rendered":"https:\/\/www.opinionpublica.tv\/portada\/?p=75775"},"modified":"2026-01-03T16:20:24","modified_gmt":"2026-01-03T23:20:24","slug":"nicolas-maduro-ya-esta-en-nueva-york-sera-vecino-de-caro-quintero-y-el-mayo-zambada","status":"publish","type":"post","link":"https:\/\/www.opinionpublica.tv\/portada\/nicolas-maduro-ya-esta-en-nueva-york-sera-vecino-de-caro-quintero-y-el-mayo-zambada\/","title":{"rendered":"Maduro ya est\u00e1 en Nueva York; ser\u00e1 vecino de Caro Quintero y \u2018El Mayo\u2019 Zambada"},"content":{"rendered":"\n<figure class=\"wp-block-image size-large\"><img fetchpriority=\"high\" decoding=\"async\" width=\"1024\" height=\"748\" src=\"https:\/\/www.opinionpublica.tv\/portada\/wp-content\/uploads\/2026\/01\/Maduro-ya-esta-en-Nueva-York-sera-vecino-de-Caro-Quintero-y-\u2018El-Mayo-Zambada-1024x748.jpg\" alt=\"Maduro ya esta\u0301 en nueva york; sera\u0301 vecino de caro quintero y \u2018el mayo\u2019 zambada\" class=\"wp-image-75779\" srcset=\"https:\/\/www.opinionpublica.tv\/portada\/wp-content\/uploads\/2026\/01\/Maduro-ya-esta-en-Nueva-York-sera-vecino-de-Caro-Quintero-y-\u2018El-Mayo-Zambada-1024x748.jpg 1024w, https:\/\/www.opinionpublica.tv\/portada\/wp-content\/uploads\/2026\/01\/Maduro-ya-esta-en-Nueva-York-sera-vecino-de-Caro-Quintero-y-\u2018El-Mayo-Zambada-300x219.jpg 300w, https:\/\/www.opinionpublica.tv\/portada\/wp-content\/uploads\/2026\/01\/Maduro-ya-esta-en-Nueva-York-sera-vecino-de-Caro-Quintero-y-\u2018El-Mayo-Zambada-768x561.jpg 768w, https:\/\/www.opinionpublica.tv\/portada\/wp-content\/uploads\/2026\/01\/Maduro-ya-esta-en-Nueva-York-sera-vecino-de-Caro-Quintero-y-\u2018El-Mayo-Zambada.jpg 1080w\" sizes=\"(max-width: 1024px) 100vw, 1024px\" \/><\/figure>\n\n\n\n<p class=\"wp-block-paragraph\"><em>Nueva York, EU<\/em>.- El presidente de Venezuela, Nicol\u00e1s Maduro, ya est\u00e1 en Nueva York y ser\u00e1 trasladado al Metropolitan Detention Center (MDC), una prisi\u00f3n federal situada en el distrito de Brooklyn, seg\u00fan la cadena estadounidense CNN.<\/p>\n\n\n\n<p class=\"wp-block-paragraph\">Seg\u00fan la televisi\u00f3n, Nicol\u00e1s Maduro comparecer\u00e1 por pronto el pr\u00f3ximo lunes ante un tribunal del Distrito Sur de Nueva York (SDNY), con sede en Manhattan.<\/p>\n\n\n\n<p class=\"wp-block-paragraph\">El Centro de Detenci\u00f3n Metropolitano (MDC, por sus siglas en ingl\u00e9s) de Nueva York ha sido descrito como \u201cel infierno en la tierra\u201d.<\/p>\n\n\n\n<p class=\"wp-block-paragraph\">Por esta prisi\u00f3n han pasado varios presos de alto perfil, entre ellos el expresidente de Honduras Juan Orlando Hern\u00e1ndez y Genaro Garc\u00eda Luna, ex secretario de Seguridad P\u00fablica de M\u00e9xico. Y a\u00fan conviven en el lugar Ismael \u201cEl Mayo\u201d Zambada, l\u00edder del c\u00e1rtel de Sinaloa, y el rapero y productor musical Sean \u201cDiddy\u201d Combs.<\/p>\n\n\n\n<figure class=\"wp-block-image size-full\"><img decoding=\"async\" width=\"960\" height=\"475\" src=\"https:\/\/www.opinionpublica.tv\/portada\/wp-content\/uploads\/2026\/01\/Maduro-ya-esta-en-Nueva-York-sera-vecino-de-Caro-Quintero-y-\u2018El-Mayo-Zambada-1.jpg\" alt=\"Maduro ya esta\u0301 en nueva york; sera\u0301 vecino de caro quintero y \u2018el mayo\u2019 zambada\" class=\"wp-image-75780\" srcset=\"https:\/\/www.opinionpublica.tv\/portada\/wp-content\/uploads\/2026\/01\/Maduro-ya-esta-en-Nueva-York-sera-vecino-de-Caro-Quintero-y-\u2018El-Mayo-Zambada-1.jpg 960w, https:\/\/www.opinionpublica.tv\/portada\/wp-content\/uploads\/2026\/01\/Maduro-ya-esta-en-Nueva-York-sera-vecino-de-Caro-Quintero-y-\u2018El-Mayo-Zambada-1-300x148.jpg 300w, https:\/\/www.opinionpublica.tv\/portada\/wp-content\/uploads\/2026\/01\/Maduro-ya-esta-en-Nueva-York-sera-vecino-de-Caro-Quintero-y-\u2018El-Mayo-Zambada-1-768x380.jpg 768w\" sizes=\"(max-width: 960px) 100vw, 960px\" \/><\/figure>\n\n\n\n<p class=\"wp-block-paragraph\">Tambi\u00e9n est\u00e1n otros los narcotraficantes como Vicente Carrillo Fuentes, alias \u201cEl Viceroy\u201d, y Rafael Caro Quintero.<\/p>\n\n\n\n<p class=\"wp-block-paragraph\"><strong>\u00bfDe qu\u00e9 est\u00e1 acusado Nicol\u00e1s Maduro, seg\u00fan EU?<\/strong><\/p>\n\n\n\n<p class=\"wp-block-paragraph\">Nicol\u00e1s Maduro fue acusado formalmente en 2020 por la Fiscal\u00eda del Distrito Sur de Nueva York y el pasado s\u00e1bado se hizo p\u00fablica una acusaci\u00f3n sustitutiva en ese mismo tribunal que reitera cargos por narcoterrorismo, conspiraci\u00f3n para importar coca\u00edna y delitos relacionados con armas autom\u00e1ticas.<\/p>\n\n\n\n<p class=\"wp-block-paragraph\">Seg\u00fan The New York Times, Maduro y su esposa deber\u00e1n comparecer ante un juez del SDNY, si bien se\u00f1ala que el dirigente ser\u00eda trasladado desde el aeropuerto Stewart International, a unos 115 kil\u00f3metros al norte de la ciudad, hasta el tribunal federal en el Bajo Manhattan.<\/p>\n\n\n\n<p class=\"wp-block-paragraph\">El medio se\u00f1ala que todav\u00eda no est\u00e1 claro cu\u00e1ndo llegar\u00e1n a Nueva York ni si ya cuentan con abogados defensores, y que se espera que la seguridad sea \u201cestricta\u201d durante toda la operaci\u00f3n.<\/p>\n\n\n\n<p class=\"wp-block-paragraph\">Mientras, la cadena NBC indica que Maduro se encuentra en \u201cun avi\u00f3n que sali\u00f3 del Caribe\u201d rumbo a un aeropuerto del \u00e1rea de Nueva York y que, seg\u00fan sus fuentes, ser\u00e1 trasladado posteriormente en helic\u00f3ptero a la ciudad, donde permanecer\u00e1 bajo custodia hasta que se celebre su audiencia.<\/p>\n\n\n\n<p class=\"wp-block-paragraph\">Este s\u00e1bado se hizo p\u00fablica una \u201cimputaci\u00f3n sustitutiva\u201d ante el juez federal Alvin K. Hellerstein, quien ya supervisaba la causa abierta en 2020.<\/p>\n\n\n\n<p class=\"wp-block-paragraph\">La acusaci\u00f3n original, basada en una investigaci\u00f3n de la DEA, se\u00f1alaba a Maduro como l\u00edder del Cartel de los Soles, una red vinculada a altos mandos militares venezolanos que buscaba enriquecerse y \u201cutilizar la coca\u00edna como un arma contra Estados Unidos\u201d.<\/p>\n\n\n\n<p class=\"wp-block-paragraph\">El documento mantiene los cargos de narcoterrorismo, conspiraci\u00f3n para importar coca\u00edna y delitos relacionados con armas autom\u00e1ticas y artefactos destructivos, ampl\u00eda la descripci\u00f3n de las \u201cactividades il\u00edcitas\u201d e incorpora nuevos imputados, como la esposa de Maduro y uno de sus hijos, con penas que podr\u00edan derivar en largas condenas de prisi\u00f3n.<\/p>\n\n\n\n<p class=\"wp-block-paragraph\"><em>Con informaci\u00f3n de El Financiero<\/em>.<\/p>\n","protected":false},"excerpt":{"rendered":"<p>Nueva York, EU.- El presidente de Venezuela, Nicol\u00e1s Maduro, ya est\u00e1 en Nueva York y ser\u00e1 trasladado al Metropolitan Detention Center (MDC), una prisi\u00f3n federal situada en el distrito de Brooklyn, seg\u00fan la cadena estadounidense CNN. Seg\u00fan la televisi\u00f3n, Nicol\u00e1s Maduro comparecer\u00e1 por pronto el pr\u00f3ximo lunes ante un tribunal del Distrito Sur de Nueva [&hellip;]<\/p>\n","protected":false},"author":6,"featured_media":75779,"comment_status":"closed","ping_status":"closed","sticky":false,"template":"","format":"standard","meta":{"_acf_changed":false,"_monsterinsights_skip_tracking":false,"slim_seo":{"title":"Maduro ya est\u00e1 en Nueva York; ser\u00e1 vecino de Caro Quintero y \u2018El Mayo\u2019 Zambada - Opini\u00f3n P\u00fablica","description":"Nueva York, EU .- El presidente de Venezuela, Nicol\u00e1s Maduro, ya est\u00e1 en Nueva York y ser\u00e1 trasladado al Metropolitan Detention Center (MDC), una prisi\u00f3n federa"},"footnotes":""},"categories":[4],"tags":[1356,1766,1285,1102],"class_list":["post-75775","post","type-post","status-publish","format-standard","has-post-thumbnail","hentry","category-pulsopolitico","tag-mayo-zambada","tag-metropolitan-detention-center","tag-nicolas-maduro","tag-nueva-york"],"acf":[],"_links":{"self":[{"href":"https:\/\/www.opinionpublica.tv\/portada\/wp-json\/wp\/v2\/posts\/75775","targetHints":{"allow":["GET"]}}],"collection":[{"href":"https:\/\/www.opinionpublica.tv\/portada\/wp-json\/wp\/v2\/posts"}],"about":[{"href":"https:\/\/www.opinionpublica.tv\/portada\/wp-json\/wp\/v2\/types\/post"}],"author":[{"embeddable":true,"href":"https:\/\/www.opinionpublica.tv\/portada\/wp-json\/wp\/v2\/users\/6"}],"replies":[{"embeddable":true,"href":"https:\/\/www.opinionpublica.tv\/portada\/wp-json\/wp\/v2\/comments?post=75775"}],"version-history":[{"count":4,"href":"https:\/\/www.opinionpublica.tv\/portada\/wp-json\/wp\/v2\/posts\/75775\/revisions"}],"predecessor-version":[{"id":75782,"href":"https:\/\/www.opinionpublica.tv\/portada\/wp-json\/wp\/v2\/posts\/75775\/revisions\/75782"}],"wp:featuredmedia":[{"embeddable":true,"href":"https:\/\/www.opinionpublica.tv\/portada\/wp-json\/wp\/v2\/media\/75779"}],"wp:attachment":[{"href":"https:\/\/www.opinionpublica.tv\/portada\/wp-json\/wp\/v2\/media?parent=75775"}],"wp:term":[{"taxonomy":"category","embeddable":true,"href":"https:\/\/www.opinionpublica.tv\/portada\/wp-json\/wp\/v2\/categories?post=75775"},{"taxonomy":"post_tag","embeddable":true,"href":"https:\/\/www.opinionpublica.tv\/portada\/wp-json\/wp\/v2\/tags?post=75775"}],"curies":[{"name":"wp","href":"https:\/\/api.w.org\/{rel}","templated":true}]}}