{"id":75583,"date":"2026-01-01T16:36:48","date_gmt":"2026-01-01T23:36:48","guid":{"rendered":"https:\/\/www.opinionpublica.tv\/portada\/?p=75583"},"modified":"2026-01-01T16:38:26","modified_gmt":"2026-01-01T23:38:26","slug":"es-nina-la-primer-ciudadana-juarense-nacida-en-2026-alcalde-acude-a-visitarla","status":"publish","type":"post","link":"https:\/\/www.opinionpublica.tv\/portada\/es-nina-la-primer-ciudadana-juarense-nacida-en-2026-alcalde-acude-a-visitarla\/","title":{"rendered":"Es ni\u00f1a la primer ciudadana juarense nacida en el 2026, alcalde acude a visitarla"},"content":{"rendered":"\n<figure class=\"wp-block-image size-large\"><img fetchpriority=\"high\" decoding=\"async\" width=\"1024\" height=\"683\" src=\"https:\/\/www.opinionpublica.tv\/portada\/wp-content\/uploads\/2026\/01\/Es-nina-la-primer-ciudadana-juarense-nacida-en-2026-alcalde-acude-a-visitarla-1024x683.jpeg\" alt=\"Es nin\u0303a la primer ciudadana juarense nacida en 2026, alcalde acude a visitarla\" class=\"wp-image-75586\" srcset=\"https:\/\/www.opinionpublica.tv\/portada\/wp-content\/uploads\/2026\/01\/Es-nina-la-primer-ciudadana-juarense-nacida-en-2026-alcalde-acude-a-visitarla-1024x683.jpeg 1024w, https:\/\/www.opinionpublica.tv\/portada\/wp-content\/uploads\/2026\/01\/Es-nina-la-primer-ciudadana-juarense-nacida-en-2026-alcalde-acude-a-visitarla-300x200.jpeg 300w, https:\/\/www.opinionpublica.tv\/portada\/wp-content\/uploads\/2026\/01\/Es-nina-la-primer-ciudadana-juarense-nacida-en-2026-alcalde-acude-a-visitarla-768x512.jpeg 768w, https:\/\/www.opinionpublica.tv\/portada\/wp-content\/uploads\/2026\/01\/Es-nina-la-primer-ciudadana-juarense-nacida-en-2026-alcalde-acude-a-visitarla-1536x1024.jpeg 1536w, https:\/\/www.opinionpublica.tv\/portada\/wp-content\/uploads\/2026\/01\/Es-nina-la-primer-ciudadana-juarense-nacida-en-2026-alcalde-acude-a-visitarla-2048x1366.jpeg 2048w\" sizes=\"(max-width: 1024px) 100vw, 1024px\" \/><\/figure>\n\n\n\n<p class=\"wp-block-paragraph\"><em>Ciudad Ju\u00e1rez, Chih<\/em>.- El presidente municipal, Cruz P\u00e9rez Cu\u00e9llar y su esposa Martha Rub\u00ed Enr\u00edquez Parada, acudieron la ma\u00f1ana de este jueves 1 de enero al Hospital de la Mujer para dar la bienvenida a la primera ciudadana juarense del a\u00f1o 2026.<\/p>\n\n\n\n<p class=\"wp-block-paragraph\">\u201cEstamos aqu\u00ed tal y como marca la tradici\u00f3n para recibir a su beb\u00e9, que le toc\u00f3 ser capricornio, eso es bueno, porque yo tambi\u00e9n soy de este signo\u201d, expres\u00f3 con humor y orgullo el edil.<\/p>\n\n\n\n<p class=\"wp-block-paragraph\">La reci\u00e9n nacida a las 12:05 de la madrugada, present\u00f3 una estatura de 54 cent\u00edmetros y pes\u00f3 3 kilos 400 gramos, indicaron sus padres Carmen Guadalupe Rangel Rasc\u00f3n y Erik S\u00e1nchez Garc\u00eda.<\/p>\n\n\n\n<p class=\"wp-block-paragraph\">El alcalde y su esposa brindaron obsequios en nombre del Gobierno Municipal, en donde se incluyen art\u00edculos y productos b\u00e1sicos para la beb\u00e9; asimismo, se le proveer\u00e1 de pa\u00f1ales durante su primer a\u00f1o de vida.<\/p>\n\n\n\n<p class=\"wp-block-paragraph\">Por su parte la se\u00f1ora Rub\u00ed Enr\u00edquez deseo a la familia lo mejor en esta etapa y ofreci\u00f3 apoyo durante el proceso de crianza de la beb\u00e9.<\/p>\n\n\n\n<p class=\"wp-block-paragraph\">Los padres de Aylani agradecieron al alcalde y su esposa los detalles, as\u00ed como los buenos deseos para este a\u00f1o que inicia.<\/p>\n","protected":false},"excerpt":{"rendered":"<p>Ciudad Ju\u00e1rez, Chih.- El presidente municipal, Cruz P\u00e9rez Cu\u00e9llar y su esposa Martha Rub\u00ed Enr\u00edquez Parada, acudieron la ma\u00f1ana de este jueves 1 de enero al Hospital de la Mujer para dar la bienvenida a la primera ciudadana juarense del a\u00f1o 2026. \u201cEstamos aqu\u00ed tal y como marca la tradici\u00f3n para recibir a su beb\u00e9, [&hellip;]<\/p>\n","protected":false},"author":6,"featured_media":75586,"comment_status":"closed","ping_status":"closed","sticky":false,"template":"","format":"standard","meta":{"_acf_changed":false,"_monsterinsights_skip_tracking":false,"slim_seo":{"title":"Es ni\u00f1a la primer ciudadana juarense nacida en el 2026, alcalde acude a visitarla - Opini\u00f3n P\u00fablica","description":"Ciudad Ju\u00e1rez, Chih .- El presidente municipal, Cruz P\u00e9rez Cu\u00e9llar y su esposa Martha Rub\u00ed Enr\u00edquez Parada, acudieron la ma\u00f1ana de este jueves 1 de enero al Hos"},"footnotes":""},"categories":[41],"tags":[1709,753],"class_list":["post-75583","post","type-post","status-publish","format-standard","has-post-thumbnail","hentry","category-juarez","tag-ano-nuevo","tag-cruz-perez-cuellar"],"acf":[],"_links":{"self":[{"href":"https:\/\/www.opinionpublica.tv\/portada\/wp-json\/wp\/v2\/posts\/75583","targetHints":{"allow":["GET"]}}],"collection":[{"href":"https:\/\/www.opinionpublica.tv\/portada\/wp-json\/wp\/v2\/posts"}],"about":[{"href":"https:\/\/www.opinionpublica.tv\/portada\/wp-json\/wp\/v2\/types\/post"}],"author":[{"embeddable":true,"href":"https:\/\/www.opinionpublica.tv\/portada\/wp-json\/wp\/v2\/users\/6"}],"replies":[{"embeddable":true,"href":"https:\/\/www.opinionpublica.tv\/portada\/wp-json\/wp\/v2\/comments?post=75583"}],"version-history":[{"count":3,"href":"https:\/\/www.opinionpublica.tv\/portada\/wp-json\/wp\/v2\/posts\/75583\/revisions"}],"predecessor-version":[{"id":75588,"href":"https:\/\/www.opinionpublica.tv\/portada\/wp-json\/wp\/v2\/posts\/75583\/revisions\/75588"}],"wp:featuredmedia":[{"embeddable":true,"href":"https:\/\/www.opinionpublica.tv\/portada\/wp-json\/wp\/v2\/media\/75586"}],"wp:attachment":[{"href":"https:\/\/www.opinionpublica.tv\/portada\/wp-json\/wp\/v2\/media?parent=75583"}],"wp:term":[{"taxonomy":"category","embeddable":true,"href":"https:\/\/www.opinionpublica.tv\/portada\/wp-json\/wp\/v2\/categories?post=75583"},{"taxonomy":"post_tag","embeddable":true,"href":"https:\/\/www.opinionpublica.tv\/portada\/wp-json\/wp\/v2\/tags?post=75583"}],"curies":[{"name":"wp","href":"https:\/\/api.w.org\/{rel}","templated":true}]}}