{"id":75466,"date":"2026-01-01T00:01:00","date_gmt":"2026-01-01T07:01:00","guid":{"rendered":"https:\/\/www.opinionpublica.tv\/portada\/?p=75466"},"modified":"2025-12-31T19:00:12","modified_gmt":"2026-01-01T02:00:12","slug":"invita-direccion-de-educacion-a-visitar-las-bibliotecas-publicas-en-estas-vacaciones","status":"publish","type":"post","link":"https:\/\/www.opinionpublica.tv\/portada\/invita-direccion-de-educacion-a-visitar-las-bibliotecas-publicas-en-estas-vacaciones\/","title":{"rendered":"Invita Direcci\u00f3n de Educaci\u00f3n a visitar las bibliotecas p\u00fablicas en estas vacaciones"},"content":{"rendered":"\n<figure class=\"wp-block-image size-large\"><img fetchpriority=\"high\" decoding=\"async\" width=\"1024\" height=\"768\" src=\"https:\/\/www.opinionpublica.tv\/portada\/wp-content\/uploads\/2025\/12\/Invita-Direccion-de-Educacion-a-visitar-las-bibliotecas-publicas-en-estas-vacaciones-1024x768.jpeg\" alt=\"Invita direccio\u0301n de educacio\u0301n a visitar las bibliotecas pu\u0301blicas en estas vacaciones\" class=\"wp-image-75469\" srcset=\"https:\/\/www.opinionpublica.tv\/portada\/wp-content\/uploads\/2025\/12\/Invita-Direccion-de-Educacion-a-visitar-las-bibliotecas-publicas-en-estas-vacaciones-1024x768.jpeg 1024w, https:\/\/www.opinionpublica.tv\/portada\/wp-content\/uploads\/2025\/12\/Invita-Direccion-de-Educacion-a-visitar-las-bibliotecas-publicas-en-estas-vacaciones-300x225.jpeg 300w, https:\/\/www.opinionpublica.tv\/portada\/wp-content\/uploads\/2025\/12\/Invita-Direccion-de-Educacion-a-visitar-las-bibliotecas-publicas-en-estas-vacaciones-768x576.jpeg 768w, https:\/\/www.opinionpublica.tv\/portada\/wp-content\/uploads\/2025\/12\/Invita-Direccion-de-Educacion-a-visitar-las-bibliotecas-publicas-en-estas-vacaciones.jpeg 1152w\" sizes=\"(max-width: 1024px) 100vw, 1024px\" \/><\/figure>\n\n\n\n<p class=\"wp-block-paragraph\"><em>Ciudad Ju\u00e1rez, Chih<\/em>.- La Direcci\u00f3n de Educaci\u00f3n Municipal invita a la comunidad a visitar las Bibliotecas P\u00fablicas en este periodo vacacional, donde pueden disfrutar de la lectura y realizar diferentes actividades.<\/p>\n\n\n\n<p class=\"wp-block-paragraph\">Guillermo Enrique Alv\u00eddrez Olivas, titular de la dependencia, coment\u00f3 que estos espacios contin\u00faan consolid\u00e1ndose como lugares de encuentro, aprendizaje y convivencia, donde familias y vecinos participan en actividades que fomentan la lectura, la creatividad y el trabajo comunitario.<\/p>\n\n\n\n<p class=\"wp-block-paragraph\">A trav\u00e9s de talleres, din\u00e1micas culturales y actividades recreativas, estos espacios promueven el intercambio de saberes y la construcci\u00f3n de recuerdos colectivos, adem\u00e1s de contribuir al fortalecimiento de los lazos sociales y a la preservaci\u00f3n de tradiciones que forman parte de la identidad de las comunidades.<\/p>\n\n\n\n<p class=\"wp-block-paragraph\">El Gobierno Municipal, encabezado por el alcalde, Cruz P\u00e9rez Cu\u00e9llar, impulsa estas acciones que acercan los servicios bibliotecarios a la ciudadan\u00eda y refuerzan su funci\u00f3n social como puntos de encuentro accesibles y cercanos, expres\u00f3.<\/p>\n\n\n\n<p class=\"wp-block-paragraph\">Indic\u00f3 que cada biblioteca ofrece diferentes actividades a la poblaci\u00f3n, por ejemplo, en la Biblioteca Espiridi\u00f3n Provencio, ubicada en la colonia Anapra, se realizaron pi\u00f1atas navide\u00f1as.<\/p>\n\n\n\n<p class=\"wp-block-paragraph\">Enfatiz\u00f3 que en estos lugares no solamente se promueve la lectura, tambi\u00e9n se fortalece la convivencia y el sentido de pertenencia entre las familias juarenses.<\/p>\n","protected":false},"excerpt":{"rendered":"<p>Ciudad Ju\u00e1rez, Chih.- La Direcci\u00f3n de Educaci\u00f3n Municipal invita a la comunidad a visitar las Bibliotecas P\u00fablicas en este periodo vacacional, donde pueden disfrutar de la lectura y realizar diferentes actividades. Guillermo Enrique Alv\u00eddrez Olivas, titular de la dependencia, coment\u00f3 que estos espacios contin\u00faan consolid\u00e1ndose como lugares de encuentro, aprendizaje y convivencia, donde familias y [&hellip;]<\/p>\n","protected":false},"author":6,"featured_media":75469,"comment_status":"closed","ping_status":"closed","sticky":false,"template":"","format":"standard","meta":{"_acf_changed":false,"_monsterinsights_skip_tracking":false,"slim_seo":{"title":"Invita Direcci\u00f3n de Educaci\u00f3n a visitar las bibliotecas p\u00fablicas en estas vacaciones - Opini\u00f3n P\u00fablica","description":"Ciudad Ju\u00e1rez, Chih .- La Direcci\u00f3n de Educaci\u00f3n Municipal invita a la comunidad a visitar las Bibliotecas P\u00fablicas en este periodo vacacional, donde pueden dis"},"footnotes":""},"categories":[41],"tags":[1722,608,563,823],"class_list":["post-75466","post","type-post","status-publish","format-standard","has-post-thumbnail","hentry","category-juarez","tag-bibliotecas-publicas","tag-ciudad-juarez","tag-educacion","tag-vacaciones"],"acf":[],"_links":{"self":[{"href":"https:\/\/www.opinionpublica.tv\/portada\/wp-json\/wp\/v2\/posts\/75466","targetHints":{"allow":["GET"]}}],"collection":[{"href":"https:\/\/www.opinionpublica.tv\/portada\/wp-json\/wp\/v2\/posts"}],"about":[{"href":"https:\/\/www.opinionpublica.tv\/portada\/wp-json\/wp\/v2\/types\/post"}],"author":[{"embeddable":true,"href":"https:\/\/www.opinionpublica.tv\/portada\/wp-json\/wp\/v2\/users\/6"}],"replies":[{"embeddable":true,"href":"https:\/\/www.opinionpublica.tv\/portada\/wp-json\/wp\/v2\/comments?post=75466"}],"version-history":[{"count":2,"href":"https:\/\/www.opinionpublica.tv\/portada\/wp-json\/wp\/v2\/posts\/75466\/revisions"}],"predecessor-version":[{"id":75470,"href":"https:\/\/www.opinionpublica.tv\/portada\/wp-json\/wp\/v2\/posts\/75466\/revisions\/75470"}],"wp:featuredmedia":[{"embeddable":true,"href":"https:\/\/www.opinionpublica.tv\/portada\/wp-json\/wp\/v2\/media\/75469"}],"wp:attachment":[{"href":"https:\/\/www.opinionpublica.tv\/portada\/wp-json\/wp\/v2\/media?parent=75466"}],"wp:term":[{"taxonomy":"category","embeddable":true,"href":"https:\/\/www.opinionpublica.tv\/portada\/wp-json\/wp\/v2\/categories?post=75466"},{"taxonomy":"post_tag","embeddable":true,"href":"https:\/\/www.opinionpublica.tv\/portada\/wp-json\/wp\/v2\/tags?post=75466"}],"curies":[{"name":"wp","href":"https:\/\/api.w.org\/{rel}","templated":true}]}}