{"id":75459,"date":"2026-01-01T00:01:00","date_gmt":"2026-01-01T07:01:00","guid":{"rendered":"https:\/\/www.opinionpublica.tv\/portada\/?p=75459"},"modified":"2025-12-31T18:54:15","modified_gmt":"2026-01-01T01:54:15","slug":"fortalece-gobierno-municipal-acciones-de-atencion-y-prevencion-de-la-violencia-de-genero","status":"publish","type":"post","link":"https:\/\/www.opinionpublica.tv\/portada\/fortalece-gobierno-municipal-acciones-de-atencion-y-prevencion-de-la-violencia-de-genero\/","title":{"rendered":"Fortalece Gobierno Municipal la atenci\u00f3n y prevenci\u00f3n de la violencia de g\u00e9nero en Ju\u00e1rez"},"content":{"rendered":"\n<figure class=\"wp-block-image size-large\"><img fetchpriority=\"high\" decoding=\"async\" width=\"1024\" height=\"768\" src=\"https:\/\/www.opinionpublica.tv\/portada\/wp-content\/uploads\/2025\/12\/Fortalece-Gobierno-Municipal-la-atencion-y-prevencion-de-la-violencia-de-genero-en-Juarez-1024x768.jpeg\" alt=\"Fortalece gobierno municipal la atencio\u0301n y prevencio\u0301n de la violencia de ge\u0301nero en jua\u0301rez\" class=\"wp-image-75464\" srcset=\"https:\/\/www.opinionpublica.tv\/portada\/wp-content\/uploads\/2025\/12\/Fortalece-Gobierno-Municipal-la-atencion-y-prevencion-de-la-violencia-de-genero-en-Juarez-1024x768.jpeg 1024w, https:\/\/www.opinionpublica.tv\/portada\/wp-content\/uploads\/2025\/12\/Fortalece-Gobierno-Municipal-la-atencion-y-prevencion-de-la-violencia-de-genero-en-Juarez-300x225.jpeg 300w, https:\/\/www.opinionpublica.tv\/portada\/wp-content\/uploads\/2025\/12\/Fortalece-Gobierno-Municipal-la-atencion-y-prevencion-de-la-violencia-de-genero-en-Juarez-768x576.jpeg 768w, https:\/\/www.opinionpublica.tv\/portada\/wp-content\/uploads\/2025\/12\/Fortalece-Gobierno-Municipal-la-atencion-y-prevencion-de-la-violencia-de-genero-en-Juarez-1536x1152.jpeg 1536w, https:\/\/www.opinionpublica.tv\/portada\/wp-content\/uploads\/2025\/12\/Fortalece-Gobierno-Municipal-la-atencion-y-prevencion-de-la-violencia-de-genero-en-Juarez.jpeg 1600w\" sizes=\"(max-width: 1024px) 100vw, 1024px\" \/><\/figure>\n\n\n\n<p class=\"wp-block-paragraph\"><em>Ciudad Ju\u00e1rez, Chih<\/em>.- El presidente municipal, Cruz P\u00e9rez Cu\u00e9llar, resalt\u00f3 el trabajo que realiza el Instituto Municipal de las Mujeres (IMM) en la atenci\u00f3n y prevenci\u00f3n de la violencia de g\u00e9nero.<\/p>\n\n\n\n<p class=\"wp-block-paragraph\">Expres\u00f3 que la violencia de g\u00e9nero contra las mujeres es muy dif\u00edcil de medir porque es un tema culturalmente muy arraigado.<\/p>\n\n\n\n<p class=\"wp-block-paragraph\">Adem\u00e1s del apoyo que se otorga a las mujeres ofreci\u00e9ndoles incluso una casa donde pueden refugiarse acompa\u00f1adas de sus hijos e hijas, el Gobierno Municipal est\u00e1 tratando de concientizar tambi\u00e9n a los hombres para que entendamos que no se debe ejercer ning\u00fan tipo de violencia contra las mujeres, manifest\u00f3 el alcalde.<\/p>\n\n\n\n<p class=\"wp-block-paragraph\">\u201cYo creo que el trabajo ha sido muy positivo, es m\u00e1s, a veces es hasta al rev\u00e9s, cuando se trabaja mucho en esto se incrementan las denuncias porque m\u00e1s mujeres se empoderan y se animan a denunciar y eso es algo positivo\u201d, a\u00f1adi\u00f3.<\/p>\n","protected":false},"excerpt":{"rendered":"<p>Ciudad Ju\u00e1rez, Chih.- El presidente municipal, Cruz P\u00e9rez Cu\u00e9llar, resalt\u00f3 el trabajo que realiza el Instituto Municipal de las Mujeres (IMM) en la atenci\u00f3n y prevenci\u00f3n de la violencia de g\u00e9nero. Expres\u00f3 que la violencia de g\u00e9nero contra las mujeres es muy dif\u00edcil de medir porque es un tema culturalmente muy arraigado. Adem\u00e1s del apoyo [&hellip;]<\/p>\n","protected":false},"author":6,"featured_media":75464,"comment_status":"closed","ping_status":"closed","sticky":false,"template":"","format":"standard","meta":{"_acf_changed":false,"_monsterinsights_skip_tracking":false,"slim_seo":{"title":"Fortalece Gobierno Municipal la atenci\u00f3n y prevenci\u00f3n de la violencia de g\u00e9nero en Ju\u00e1rez - Opini\u00f3n P\u00fablica","description":"Ciudad Ju\u00e1rez, Chih .- El presidente municipal, Cruz P\u00e9rez Cu\u00e9llar, resalt\u00f3 el trabajo que realiza el Instituto Municipal de las Mujeres (IMM) en la atenci\u00f3n y"},"footnotes":""},"categories":[41],"tags":[608,1561,1706,454],"class_list":["post-75459","post","type-post","status-publish","format-standard","has-post-thumbnail","hentry","category-juarez","tag-ciudad-juarez","tag-instituto-municipal-de-las-mujeres","tag-prevencion","tag-violencia-de-genero"],"acf":[],"_links":{"self":[{"href":"https:\/\/www.opinionpublica.tv\/portada\/wp-json\/wp\/v2\/posts\/75459","targetHints":{"allow":["GET"]}}],"collection":[{"href":"https:\/\/www.opinionpublica.tv\/portada\/wp-json\/wp\/v2\/posts"}],"about":[{"href":"https:\/\/www.opinionpublica.tv\/portada\/wp-json\/wp\/v2\/types\/post"}],"author":[{"embeddable":true,"href":"https:\/\/www.opinionpublica.tv\/portada\/wp-json\/wp\/v2\/users\/6"}],"replies":[{"embeddable":true,"href":"https:\/\/www.opinionpublica.tv\/portada\/wp-json\/wp\/v2\/comments?post=75459"}],"version-history":[{"count":4,"href":"https:\/\/www.opinionpublica.tv\/portada\/wp-json\/wp\/v2\/posts\/75459\/revisions"}],"predecessor-version":[{"id":75465,"href":"https:\/\/www.opinionpublica.tv\/portada\/wp-json\/wp\/v2\/posts\/75459\/revisions\/75465"}],"wp:featuredmedia":[{"embeddable":true,"href":"https:\/\/www.opinionpublica.tv\/portada\/wp-json\/wp\/v2\/media\/75464"}],"wp:attachment":[{"href":"https:\/\/www.opinionpublica.tv\/portada\/wp-json\/wp\/v2\/media?parent=75459"}],"wp:term":[{"taxonomy":"category","embeddable":true,"href":"https:\/\/www.opinionpublica.tv\/portada\/wp-json\/wp\/v2\/categories?post=75459"},{"taxonomy":"post_tag","embeddable":true,"href":"https:\/\/www.opinionpublica.tv\/portada\/wp-json\/wp\/v2\/tags?post=75459"}],"curies":[{"name":"wp","href":"https:\/\/api.w.org\/{rel}","templated":true}]}}