{"id":75439,"date":"2026-01-01T00:01:00","date_gmt":"2026-01-01T07:01:00","guid":{"rendered":"https:\/\/www.opinionpublica.tv\/portada\/?p=75439"},"modified":"2025-12-31T18:38:23","modified_gmt":"2026-01-01T01:38:23","slug":"encabeza-chihuahua-exportaciones-nacionales-y-liderazgo-en-el-sector-industrial","status":"publish","type":"post","link":"https:\/\/www.opinionpublica.tv\/portada\/encabeza-chihuahua-exportaciones-nacionales-y-liderazgo-en-el-sector-industrial\/","title":{"rendered":"Chihuahua lidera exportaci\u00f3n nacional y se consolid\u00f3 en el sector industrial durante 2025"},"content":{"rendered":"\n<figure class=\"wp-block-image size-large\"><img fetchpriority=\"high\" decoding=\"async\" width=\"1024\" height=\"576\" src=\"https:\/\/www.opinionpublica.tv\/portada\/wp-content\/uploads\/2025\/12\/Chihuahua-lidera-exportacion-nacional-y-se-consolido-en-el-sector-industrial-durante-2025-1024x576.jpeg\" alt=\"Chihuahua lidera exportacio\u0301n nacional y se consolido\u0301 en el sector industrial durante 2025\" class=\"wp-image-75446\" srcset=\"https:\/\/www.opinionpublica.tv\/portada\/wp-content\/uploads\/2025\/12\/Chihuahua-lidera-exportacion-nacional-y-se-consolido-en-el-sector-industrial-durante-2025-1024x576.jpeg 1024w, https:\/\/www.opinionpublica.tv\/portada\/wp-content\/uploads\/2025\/12\/Chihuahua-lidera-exportacion-nacional-y-se-consolido-en-el-sector-industrial-durante-2025-300x169.jpeg 300w, https:\/\/www.opinionpublica.tv\/portada\/wp-content\/uploads\/2025\/12\/Chihuahua-lidera-exportacion-nacional-y-se-consolido-en-el-sector-industrial-durante-2025-768x432.jpeg 768w, https:\/\/www.opinionpublica.tv\/portada\/wp-content\/uploads\/2025\/12\/Chihuahua-lidera-exportacion-nacional-y-se-consolido-en-el-sector-industrial-durante-2025-1536x864.jpeg 1536w, https:\/\/www.opinionpublica.tv\/portada\/wp-content\/uploads\/2025\/12\/Chihuahua-lidera-exportacion-nacional-y-se-consolido-en-el-sector-industrial-durante-2025.jpeg 1600w\" sizes=\"(max-width: 1024px) 100vw, 1024px\" \/><\/figure>\n\n\n\n<p class=\"wp-block-paragraph\"><em>Chihuahua, Chih<\/em>.- El estado de Chihuahua consolid\u00f3 durante 2025 su liderazgo en el comercio exterior nacional al ser el principal exportador en el pa\u00eds, gracias a su fortaleza industrial e integraci\u00f3n con los mercados globales, de acuerdo con datos de la Secretar\u00eda de Innovaci\u00f3n y Desarrollo Econ\u00f3mico (SIDE).<\/p>\n\n\n\n<p class=\"wp-block-paragraph\">Durante los primeros nueve meses del a\u00f1o, registr\u00f3 exportaciones por 76 mil 459 millones de d\u00f3lares, que representan un crecimiento del 38.3 por ciento respecto al mismo periodo de 2024, que lo ubica por encima del promedio nacional y muestra un comportamiento contra c\u00edclico frente a otras entidades.<\/p>\n\n\n\n<p class=\"wp-block-paragraph\">Este desempe\u00f1o est\u00e1 vinculado al incremento en la exportaci\u00f3n de equipo de c\u00f3mputo, servidores y productos electr\u00f3nicos, sectores que han dinamizado la econom\u00eda estatal y han fortalecido su posicionamiento estrat\u00e9gico dentro de las cadenas globales de valor.<\/p>\n\n\n\n<p class=\"wp-block-paragraph\">Este resultado es reflejo de la solidez del modelo productivo que se implementa a nivel estatal, que ha permitido superar los m\u00e1ximos hist\u00f3ricos gracias a la confianza de la industria y al trabajo coordinado entre Gobierno e iniciativa privada.<\/p>\n\n\n\n<p class=\"wp-block-paragraph\">El Gobierno del Estado impulsa una estrategia p\u00fablico-privada de largo plazo enfocada en semiconductores e inteligencia artificial, para desarrollar talento especializado, atraer inversi\u00f3n de alto valor, y vincular la investigaci\u00f3n y el desarrollo con las necesidades productivas de la industria.<\/p>\n","protected":false},"excerpt":{"rendered":"<p>Chihuahua, Chih.- El estado de Chihuahua consolid\u00f3 durante 2025 su liderazgo en el comercio exterior nacional al ser el principal exportador en el pa\u00eds, gracias a su fortaleza industrial e integraci\u00f3n con los mercados globales, de acuerdo con datos de la Secretar\u00eda de Innovaci\u00f3n y Desarrollo Econ\u00f3mico (SIDE). Durante los primeros nueve meses del a\u00f1o, [&hellip;]<\/p>\n","protected":false},"author":6,"featured_media":75446,"comment_status":"closed","ping_status":"closed","sticky":false,"template":"","format":"standard","meta":{"_acf_changed":false,"_monsterinsights_skip_tracking":false,"slim_seo":{"title":"Chihuahua lidera exportaci\u00f3n nacional y se consolid\u00f3 en el sector industrial durante 2025 - Opini\u00f3n P\u00fablica","description":"Chihuahua, Chih .- El estado de Chihuahua consolid\u00f3 durante 2025 su liderazgo en el comercio exterior nacional al ser el principal exportador en el pa\u00eds, gracia"},"footnotes":""},"categories":[11],"tags":[88,754,103,1098],"class_list":["post-75439","post","type-post","status-publish","format-standard","has-post-thumbnail","hentry","category-tendencias","tag-chihuahua","tag-comercio-exterior","tag-exportaciones","tag-industria-maquiladora"],"acf":[],"_links":{"self":[{"href":"https:\/\/www.opinionpublica.tv\/portada\/wp-json\/wp\/v2\/posts\/75439","targetHints":{"allow":["GET"]}}],"collection":[{"href":"https:\/\/www.opinionpublica.tv\/portada\/wp-json\/wp\/v2\/posts"}],"about":[{"href":"https:\/\/www.opinionpublica.tv\/portada\/wp-json\/wp\/v2\/types\/post"}],"author":[{"embeddable":true,"href":"https:\/\/www.opinionpublica.tv\/portada\/wp-json\/wp\/v2\/users\/6"}],"replies":[{"embeddable":true,"href":"https:\/\/www.opinionpublica.tv\/portada\/wp-json\/wp\/v2\/comments?post=75439"}],"version-history":[{"count":5,"href":"https:\/\/www.opinionpublica.tv\/portada\/wp-json\/wp\/v2\/posts\/75439\/revisions"}],"predecessor-version":[{"id":75447,"href":"https:\/\/www.opinionpublica.tv\/portada\/wp-json\/wp\/v2\/posts\/75439\/revisions\/75447"}],"wp:featuredmedia":[{"embeddable":true,"href":"https:\/\/www.opinionpublica.tv\/portada\/wp-json\/wp\/v2\/media\/75446"}],"wp:attachment":[{"href":"https:\/\/www.opinionpublica.tv\/portada\/wp-json\/wp\/v2\/media?parent=75439"}],"wp:term":[{"taxonomy":"category","embeddable":true,"href":"https:\/\/www.opinionpublica.tv\/portada\/wp-json\/wp\/v2\/categories?post=75439"},{"taxonomy":"post_tag","embeddable":true,"href":"https:\/\/www.opinionpublica.tv\/portada\/wp-json\/wp\/v2\/tags?post=75439"}],"curies":[{"name":"wp","href":"https:\/\/api.w.org\/{rel}","templated":true}]}}