{"id":75163,"date":"2025-12-28T00:01:00","date_gmt":"2025-12-28T07:01:00","guid":{"rendered":"https:\/\/www.opinionpublica.tv\/portada\/?p=75163"},"modified":"2025-12-27T20:00:21","modified_gmt":"2025-12-28T03:00:21","slug":"bienestar-animal-emite-recomendaciones-para-proteger-a-las-mascotas-del-frio-extremo","status":"publish","type":"post","link":"https:\/\/www.opinionpublica.tv\/portada\/bienestar-animal-emite-recomendaciones-para-proteger-a-las-mascotas-del-frio-extremo\/","title":{"rendered":"Pide Bienestar Animal tomar precauciones para proteger a las mascotas del fr\u00edo extremo"},"content":{"rendered":"\n<figure class=\"wp-block-image size-large\"><img fetchpriority=\"high\" decoding=\"async\" width=\"1024\" height=\"768\" src=\"https:\/\/www.opinionpublica.tv\/portada\/wp-content\/uploads\/2025\/12\/Pide-Bienestar-Animal-tomar-precauciones-para-proteger-a-las-mascotas-del-frio-extremo-1024x768.jpeg\" alt=\"Pide bienestar animal tomar precauciones para proteger a las mascotas del fri\u0301o extremo\" class=\"wp-image-75167\" srcset=\"https:\/\/www.opinionpublica.tv\/portada\/wp-content\/uploads\/2025\/12\/Pide-Bienestar-Animal-tomar-precauciones-para-proteger-a-las-mascotas-del-frio-extremo-1024x768.jpeg 1024w, https:\/\/www.opinionpublica.tv\/portada\/wp-content\/uploads\/2025\/12\/Pide-Bienestar-Animal-tomar-precauciones-para-proteger-a-las-mascotas-del-frio-extremo-300x225.jpeg 300w, https:\/\/www.opinionpublica.tv\/portada\/wp-content\/uploads\/2025\/12\/Pide-Bienestar-Animal-tomar-precauciones-para-proteger-a-las-mascotas-del-frio-extremo-768x576.jpeg 768w, https:\/\/www.opinionpublica.tv\/portada\/wp-content\/uploads\/2025\/12\/Pide-Bienestar-Animal-tomar-precauciones-para-proteger-a-las-mascotas-del-frio-extremo-1536x1152.jpeg 1536w, https:\/\/www.opinionpublica.tv\/portada\/wp-content\/uploads\/2025\/12\/Pide-Bienestar-Animal-tomar-precauciones-para-proteger-a-las-mascotas-del-frio-extremo.jpeg 1600w\" sizes=\"(max-width: 1024px) 100vw, 1024px\" \/><\/figure>\n\n\n\n<p class=\"wp-block-paragraph\"><em>Ciudad Ju\u00e1rez, Chih<\/em>.- Ante el pron\u00f3stico de bajas temperaturas a partir de este lunes, la Direcci\u00f3n de Atenci\u00f3n y Bienestar Animal (DABA) emiti\u00f3 una serie de recomendaciones para proteger a las mascotas y evitar afectaciones a su salud, que en casos extremos podr\u00edan derivar en la muerte.<\/p>\n\n\n\n<p class=\"wp-block-paragraph\">La directora de DABA, Alma Edith Arredondo Salinas, se\u00f1al\u00f3 la importancia de que las mascotas que permanecen en el exterior cuenten con un espacio adecuado para resguardarse del fr\u00edo, adem\u00e1s de evitar que se encuentren mojadas o expuestas a condiciones de congelaci\u00f3n.<\/p>\n\n\n\n<p class=\"wp-block-paragraph\">Indic\u00f3 que tambi\u00e9n es fundamental colocar agua y alimento en un sitio seguro y protegido, as\u00ed como mantenerse atentos a cualquier cambio en la salud de los animales, ya que las bajas temperaturas pueden provocar enfermedades respiratorias y otros padecimientos.<\/p>\n\n\n\n<p class=\"wp-block-paragraph\">Arredondo Salinas hizo un llamado especial a la ciudadan\u00eda para revisar los veh\u00edculos antes de encenderlos, debido a que los gatos suelen refugiarse cerca del motor para protegerse del fr\u00edo, lo que representa un riesgo grave.<\/p>\n\n\n\n<p class=\"wp-block-paragraph\">\u201cHacemos un llamado a la ciudadan\u00eda para que extreme precauciones y as\u00ed evitemos enfermedades en las mascotas\u201d, expres\u00f3 la funcionaria.<\/p>\n\n\n\n<p class=\"wp-block-paragraph\">En cuanto a los niveles de riesgo, explic\u00f3 que cuando la temperatura oscila entre los 12 y 15 grados cent\u00edgrados no existe peligro para las mascotas; sin embargo, con descensos de 7 a 10 grados cent\u00edgrados, comienza a presentarse riesgo para perros de razas peque\u00f1as y medianas.<\/p>\n\n\n\n<p class=\"wp-block-paragraph\">Agreg\u00f3 que entre 1 y 4 grados cent\u00edgrados el fr\u00edo puede afectar la salud de perros de cualquier tama\u00f1o, mientras que temperaturas de -1 a -4 grados cent\u00edgrados resultan peligrosas para todas las mascotas.<\/p>\n\n\n\n<p class=\"wp-block-paragraph\">Cuando el term\u00f3metro marca entre -6 y -9 grados cent\u00edgrados, el riesgo es extremo para razas peque\u00f1as, y con temperaturas de -12 grados cent\u00edgrados, el peligro es extremo para todas las mascotas, sin importar su tama\u00f1o.<\/p>\n\n\n\n<p class=\"wp-block-paragraph\">La titular de la dependencia reiter\u00f3 el llamado a la poblaci\u00f3n para brindar protecci\u00f3n y cuidados oportunos a los animales durante la temporada invernal, recordando que el fr\u00edo no perdona y las mascotas dependen completamente de la responsabilidad de sus due\u00f1os.<\/p>\n","protected":false},"excerpt":{"rendered":"<p>Ciudad Ju\u00e1rez, Chih.- Ante el pron\u00f3stico de bajas temperaturas a partir de este lunes, la Direcci\u00f3n de Atenci\u00f3n y Bienestar Animal (DABA) emiti\u00f3 una serie de recomendaciones para proteger a las mascotas y evitar afectaciones a su salud, que en casos extremos podr\u00edan derivar en la muerte. La directora de DABA, Alma Edith Arredondo Salinas, [&hellip;]<\/p>\n","protected":false},"author":6,"featured_media":75167,"comment_status":"closed","ping_status":"closed","sticky":false,"template":"","format":"standard","meta":{"_acf_changed":false,"_monsterinsights_skip_tracking":false,"slim_seo":{"title":"Pide Bienestar Animal tomar precauciones para proteger a las mascotas del fr\u00edo extremo - Opini\u00f3n P\u00fablica","description":"Ciudad Ju\u00e1rez, Chih .- Ante el pron\u00f3stico de bajas temperaturas a partir de este lunes, la Direcci\u00f3n de Atenci\u00f3n y Bienestar Animal (DABA) emiti\u00f3 una serie de r"},"footnotes":""},"categories":[41],"tags":[1303,1172,608,1620],"class_list":["post-75163","post","type-post","status-publish","format-standard","has-post-thumbnail","hentry","category-juarez","tag-bajas-temperaturas","tag-bienestar-animal","tag-ciudad-juarez","tag-mascotas"],"acf":[],"_links":{"self":[{"href":"https:\/\/www.opinionpublica.tv\/portada\/wp-json\/wp\/v2\/posts\/75163","targetHints":{"allow":["GET"]}}],"collection":[{"href":"https:\/\/www.opinionpublica.tv\/portada\/wp-json\/wp\/v2\/posts"}],"about":[{"href":"https:\/\/www.opinionpublica.tv\/portada\/wp-json\/wp\/v2\/types\/post"}],"author":[{"embeddable":true,"href":"https:\/\/www.opinionpublica.tv\/portada\/wp-json\/wp\/v2\/users\/6"}],"replies":[{"embeddable":true,"href":"https:\/\/www.opinionpublica.tv\/portada\/wp-json\/wp\/v2\/comments?post=75163"}],"version-history":[{"count":3,"href":"https:\/\/www.opinionpublica.tv\/portada\/wp-json\/wp\/v2\/posts\/75163\/revisions"}],"predecessor-version":[{"id":75168,"href":"https:\/\/www.opinionpublica.tv\/portada\/wp-json\/wp\/v2\/posts\/75163\/revisions\/75168"}],"wp:featuredmedia":[{"embeddable":true,"href":"https:\/\/www.opinionpublica.tv\/portada\/wp-json\/wp\/v2\/media\/75167"}],"wp:attachment":[{"href":"https:\/\/www.opinionpublica.tv\/portada\/wp-json\/wp\/v2\/media?parent=75163"}],"wp:term":[{"taxonomy":"category","embeddable":true,"href":"https:\/\/www.opinionpublica.tv\/portada\/wp-json\/wp\/v2\/categories?post=75163"},{"taxonomy":"post_tag","embeddable":true,"href":"https:\/\/www.opinionpublica.tv\/portada\/wp-json\/wp\/v2\/tags?post=75163"}],"curies":[{"name":"wp","href":"https:\/\/api.w.org\/{rel}","templated":true}]}}