{"id":75127,"date":"2025-12-28T00:01:00","date_gmt":"2025-12-28T07:01:00","guid":{"rendered":"https:\/\/www.opinionpublica.tv\/portada\/?p=75127"},"modified":"2025-12-28T12:49:08","modified_gmt":"2025-12-28T19:49:08","slug":"la-leccion-de-murayama","status":"publish","type":"post","link":"https:\/\/www.opinionpublica.tv\/portada\/la-leccion-de-murayama\/","title":{"rendered":"La lecci\u00f3n de Murayama"},"content":{"rendered":"\n<h4 class=\"wp-block-heading\">Jos\u00e9 Woldenberg<\/h4>\n\n\n\n<p class=\"wp-block-paragraph\">___________________________<\/p>\n\n\n\n<p class=\"wp-block-paragraph\">\u201cLa mala pol\u00edtica afect\u00f3 a la econom\u00eda y la mala econom\u00eda afect\u00f3 a la democracia\u201d, puede leerse al final del muy bien documentado libro de Ciro Murayama, El futuro que se escapa (Ariel. 2025).<\/p>\n\n\n\n<p class=\"wp-block-paragraph\">Se trata de la revisi\u00f3n de la historia pol\u00edtica y econ\u00f3mica del pa\u00eds en lo que va del siglo XXI y algunos de sus antecedentes.<\/p>\n\n\n\n<p class=\"wp-block-paragraph\">Un esfuerzo por pensar a M\u00e9xico y evaluar lo que las pol\u00edticas (neoliberales y populistas) han dejado como una cauda maligna. Si en el marco de las primeras se produjo un aut\u00e9ntico avance democr\u00e1tico, la desatenci\u00f3n de la cuesti\u00f3n social sembr\u00f3 un malestar que fue explotado por los segundos.<\/p>\n\n\n\n<p class=\"wp-block-paragraph\">Los populistas, por su parte, si bien ret\u00f3ricamente son antineoliberales, no se han desprendido de una buena parte de los dogmas de sus antecesores (salvo en el muy importante rengl\u00f3n de los salarios m\u00ednimos), y se han dedicado a destruir lo alcanzado en t\u00e9rminos democr\u00e1ticos.<\/p>\n\n\n\n<p class=\"wp-block-paragraph\">El acercamiento de Murayama tiene sentido, porque como bien apunta, tenemos frente a nosotros un triple desarreglo: \u201cel resurgimiento autoritario, la incapacidad de crecer y procurar bienestar, y la violencia y anom\u00eda social\u201d. No son estaciones inamovibles, son producto de nuestra experiencia reciente\u2026 y lejana, y si deseamos vivir en un pa\u00eds medianamente civilizado estamos obligados a atenderlos.<\/p>\n\n\n\n<p class=\"wp-block-paragraph\">Ciro Murayama ofrece una reconstrucci\u00f3n panor\u00e1mica e informada del proceso de edificaci\u00f3n de la germinal democracia al tiempo que se abr\u00eda la econom\u00eda al mundo y se ten\u00eda la posibilidad de explotar productivamente el \u201cbono demogr\u00e1fico\u201d (es decir, una poblaci\u00f3n en edad de trabajar mayor que aquella que representan las personas dependientes).<\/p>\n\n\n\n<p class=\"wp-block-paragraph\">Los avances en la vida pol\u00edtica est\u00e1n (o estaban) a la vista y Murayama los analiza y reconstruye en ocasiones de manera minuciosa, pero en el mismo periodo, dice con raz\u00f3n, sus constructores se desentendieron de la pobreza y la desigualdad. \u201cNo basta con tener elecciones limpias para generar base social suficiente y sostenible para la democracia\u201d.<\/p>\n\n\n\n<p class=\"wp-block-paragraph\">Y explica: \u201cNo colocaron en el centro de sus prioridades el combate frontal a la desigualdad con los \u00fanicos instrumentos exitosos de los que disponen las naciones para ello: crecimiento econ\u00f3mico, la progresividad tributaria, y un gasto p\u00fablico que genere bienes y servicios p\u00fablicos de buena calidad. No se entendi\u00f3 que, sin resultados tangibles, la democracia pierde base y apoyo social\u201d.<\/p>\n\n\n\n<p class=\"wp-block-paragraph\">Ese, junto con la democratizaci\u00f3n del pa\u00eds, fue el caldo de cultivo que edific\u00f3 el ambiente para que el movimiento populista creciera y llegara al gobierno.<\/p>\n\n\n\n<p class=\"wp-block-paragraph\">El entramado democr\u00e1tico posibilit\u00f3 su presencia en el escenario electoral, y el malestar generado por una econom\u00eda estancada, que no ofrec\u00eda un horizonte promisorio a las nuevas generaciones, fue eficientemente explotado.<\/p>\n\n\n\n<p class=\"wp-block-paragraph\">As\u00ed, mientras las pol\u00edticas neoliberales escindieron a\u00fan m\u00e1s al pa\u00eds, los populistas han destruido las normas e instituciones que permitieron la construcci\u00f3n de un r\u00e9gimen democr\u00e1tico. El neoliberalismo reblandeci\u00f3 las bases sociales de la democracia y \u201cel populismo consum\u00f3 el crimen autoritario\u201d.<\/p>\n\n\n\n<p class=\"wp-block-paragraph\">Curioso: unos y otros siguen atados, digan lo que digan, a los dictados neoliberales y en materia de crecimiento de la econom\u00eda, oportunidades de empleo bien remunerado, atenci\u00f3n a los problemas de salud, los rezagos son monumentales.<\/p>\n\n\n\n<p class=\"wp-block-paragraph\">La salida tendr\u00eda que ser, seg\u00fan nuestro autor, la reconstrucci\u00f3n de un r\u00e9gimen democr\u00e1tico anudado a una pol\u00edtica de desarrollo atenta a las necesidades de su poblaci\u00f3n.<\/p>\n\n\n\n<p class=\"wp-block-paragraph\">Solo se me ocurre una expresi\u00f3n de origen religioso: ojal\u00e1.<\/p>\n","protected":false},"excerpt":{"rendered":"<p>Jos\u00e9 Woldenberg ___________________________ \u201cLa mala pol\u00edtica afect\u00f3 a la econom\u00eda y la mala econom\u00eda afect\u00f3 a la democracia\u201d, puede leerse al final del muy bien documentado libro de Ciro Murayama, El futuro que se escapa (Ariel. 2025). Se trata de la revisi\u00f3n de la historia pol\u00edtica y econ\u00f3mica del pa\u00eds en lo que va del [&hellip;]<\/p>\n","protected":false},"author":6,"featured_media":43694,"comment_status":"closed","ping_status":"closed","sticky":false,"template":"","format":"standard","meta":{"_acf_changed":false,"_monsterinsights_skip_tracking":false,"slim_seo":{"title":"La lecci\u00f3n de Murayama - Opini\u00f3n P\u00fablica","description":"Jos\u00e9 Woldenberg ___________________________ \u201cLa mala pol\u00edtica afect\u00f3 a la econom\u00eda y la mala econom\u00eda afect\u00f3 a la democracia\u201d, puede leerse al final del muy bie"},"footnotes":""},"categories":[26],"tags":[782],"class_list":["post-75127","post","type-post","status-publish","format-standard","has-post-thumbnail","hentry","category-de-chile-dulce-y-manteca-columna-invitada","tag-jose-woldenberg"],"acf":[],"_links":{"self":[{"href":"https:\/\/www.opinionpublica.tv\/portada\/wp-json\/wp\/v2\/posts\/75127","targetHints":{"allow":["GET"]}}],"collection":[{"href":"https:\/\/www.opinionpublica.tv\/portada\/wp-json\/wp\/v2\/posts"}],"about":[{"href":"https:\/\/www.opinionpublica.tv\/portada\/wp-json\/wp\/v2\/types\/post"}],"author":[{"embeddable":true,"href":"https:\/\/www.opinionpublica.tv\/portada\/wp-json\/wp\/v2\/users\/6"}],"replies":[{"embeddable":true,"href":"https:\/\/www.opinionpublica.tv\/portada\/wp-json\/wp\/v2\/comments?post=75127"}],"version-history":[{"count":3,"href":"https:\/\/www.opinionpublica.tv\/portada\/wp-json\/wp\/v2\/posts\/75127\/revisions"}],"predecessor-version":[{"id":75130,"href":"https:\/\/www.opinionpublica.tv\/portada\/wp-json\/wp\/v2\/posts\/75127\/revisions\/75130"}],"wp:featuredmedia":[{"embeddable":true,"href":"https:\/\/www.opinionpublica.tv\/portada\/wp-json\/wp\/v2\/media\/43694"}],"wp:attachment":[{"href":"https:\/\/www.opinionpublica.tv\/portada\/wp-json\/wp\/v2\/media?parent=75127"}],"wp:term":[{"taxonomy":"category","embeddable":true,"href":"https:\/\/www.opinionpublica.tv\/portada\/wp-json\/wp\/v2\/categories?post=75127"},{"taxonomy":"post_tag","embeddable":true,"href":"https:\/\/www.opinionpublica.tv\/portada\/wp-json\/wp\/v2\/tags?post=75127"}],"curies":[{"name":"wp","href":"https:\/\/api.w.org\/{rel}","templated":true}]}}