{"id":75117,"date":"2025-12-28T00:01:00","date_gmt":"2025-12-28T07:01:00","guid":{"rendered":"https:\/\/www.opinionpublica.tv\/portada\/?p=75117"},"modified":"2025-12-27T16:03:19","modified_gmt":"2025-12-27T23:03:19","slug":"efemerides-28-de-diciembre-un-dia-como-hoy-en-la-historia","status":"publish","type":"post","link":"https:\/\/www.opinionpublica.tv\/portada\/efemerides-28-de-diciembre-un-dia-como-hoy-en-la-historia\/","title":{"rendered":"Efem\u00e9rides 28 de diciembre | Un d\u00eda como hoy en la historia&#8230;"},"content":{"rendered":"\n<p class=\"wp-block-paragraph\"><em>Un d\u00eda 28 de diciembre como hoy, pero de 1895, los hermanos Lumi\u00e8re realizan en el Grand Caf\u00e9 de Par\u00eds la primera proyecci\u00f3n p\u00fablica comercial de una pel\u00edcula, &#8216;La salida de los obreros de la f\u00e1brica Lumi\u00e9re&#8217;<\/em>.<\/p>\n\n\n\n<figure class=\"wp-block-image size-full\"><img fetchpriority=\"high\" decoding=\"async\" width=\"800\" height=\"450\" src=\"https:\/\/www.opinionpublica.tv\/portada\/wp-content\/uploads\/2025\/12\/1895-los-hermanos-Lumiere-realizan-en-el-Grand-Cafe-de-Paris-la-primera-proyeccion-publica-comercial-de-una-pelicula-La-salida-de-los-obreros-de-la-fabrica-Lumiere.jpg\" alt=\"1895, los hermanos lumie\u0300re realizan en el grand cafe\u0301 de pari\u0301s la primera proyeccio\u0301n pu\u0301blica comercial de una peli\u0301cula, 'la salida de los obreros de la fa\u0301brica lumie\u0301re\" class=\"wp-image-75118\" srcset=\"https:\/\/www.opinionpublica.tv\/portada\/wp-content\/uploads\/2025\/12\/1895-los-hermanos-Lumiere-realizan-en-el-Grand-Cafe-de-Paris-la-primera-proyeccion-publica-comercial-de-una-pelicula-La-salida-de-los-obreros-de-la-fabrica-Lumiere.jpg 800w, https:\/\/www.opinionpublica.tv\/portada\/wp-content\/uploads\/2025\/12\/1895-los-hermanos-Lumiere-realizan-en-el-Grand-Cafe-de-Paris-la-primera-proyeccion-publica-comercial-de-una-pelicula-La-salida-de-los-obreros-de-la-fabrica-Lumiere-300x169.jpg 300w, https:\/\/www.opinionpublica.tv\/portada\/wp-content\/uploads\/2025\/12\/1895-los-hermanos-Lumiere-realizan-en-el-Grand-Cafe-de-Paris-la-primera-proyeccion-publica-comercial-de-una-pelicula-La-salida-de-los-obreros-de-la-fabrica-Lumiere-768x432.jpg 768w\" sizes=\"(max-width: 800px) 100vw, 800px\" \/><\/figure>\n\n\n\n<p class=\"wp-block-paragraph\"><strong>Otras efem\u00e9rides<\/strong><\/p>\n\n\n\n<p class=\"wp-block-paragraph\">1065.- Se funda en Londres la Abad\u00eda de Westminster, lugar de coronaci\u00f3n de los monarcas ingleses y pante\u00f3n real.<\/p>\n\n\n\n<p class=\"wp-block-paragraph\">1833.- La reina regente Mar\u00eda Cristina contrae matrimonio morgan\u00e1tico (entre dos personas de rango social desigual) y secreto con Fernando Mu\u00f1oz, guardia de corps.<\/p>\n\n\n\n<p class=\"wp-block-paragraph\">1885.- Se funda en Bombay el Congreso Nacional de la India, tambi\u00e9n llamado Partido del Congreso, como rama india del partido liberal brit\u00e1nico. Es la cuna de los Gandhi.<\/p>\n\n\n\n<p class=\"wp-block-paragraph\">1895.- Wilhelm R\u00f6ntgen presenta en Wurtzburgo (Alemania) su primera comunicaci\u00f3n sobre los rayos que llevan su nombre, conocidos tambi\u00e9n como Rayos X.<\/p>\n\n\n\n<p class=\"wp-block-paragraph\">1909.- El f\u00edsico estadounidense Robert Goddard publica los primeros trabajos te\u00f3ricos sobre la propulsi\u00f3n mediante cohetes.<\/p>\n\n\n\n<p class=\"wp-block-paragraph\">1958.- El D\u00fao Din\u00e1mico act\u00faa por primera vez ante p\u00fablico con ese nombre. Fue en el programa radiof\u00f3nico &#8216;La comarca nos visita&#8217;, de Radio Barcelona.<\/p>\n\n\n\n<p class=\"wp-block-paragraph\">1982.- El Congreso de los Diputados y el Senado eligen a Joaqu\u00edn Ruiz-Gim\u00e9nez como primer Defensor del Pueblo.<\/p>\n\n\n\n<p class=\"wp-block-paragraph\">1984.- En Espa\u00f1a entra en vigor la Ley de Objeci\u00f3n de Conciencia.<\/p>\n\n\n\n<p class=\"wp-block-paragraph\">1993.- El Banco de Espa\u00f1a interviene Banesto, que dirige Mario Conde, y sustituye a su Consejo de Administraci\u00f3n, debido a un \u00abdesfase patrimonial\u00bb de 3 mil 636 millones de euros (605.000 millones de pesetas).<\/p>\n\n\n\n<p class=\"wp-block-paragraph\">1995.- Se emite en Espa\u00f1a el \u00faltimo de los 169 cap\u00edtulos de la serie &#8216;Farmacia de guardia&#8217;, la m\u00e1s vista de la televisi\u00f3n en el pa\u00eds.<\/p>\n\n\n\n<p class=\"wp-block-paragraph\">1999.- Portugal e Indonesia reanudan las relaciones diplom\u00e1ticas, rotas en 1975.<\/p>\n\n\n\n<p class=\"wp-block-paragraph\">2004.- El gobierno espa\u00f1ol asume el informe del Comit\u00e9 de Expertos que recomienda la devoluci\u00f3n a Catalu\u00f1a de los documentos que le fueron incautados tras la Guerra Civil y conservados en el Archivo de Salamanca.<\/p>\n\n\n\n<p class=\"wp-block-paragraph\">2005.- El sat\u00e9lite Giove-A, el primero del sistema europeo de localizaci\u00f3n Galileo, es colocado en \u00f3rbita.<\/p>\n\n\n\n<p class=\"wp-block-paragraph\">2005.- La Polic\u00eda chilena ficha por primera vez y toma sus huellas dactilares al ex dictador Augusto Pinochet como presunto delincuente.<\/p>\n\n\n\n<p class=\"wp-block-paragraph\">2010.- El canal CNN+ de Televisi\u00f3n Espa\u00f1ola deja de emitir, tras permanecer 11 a\u00f1os en antena.<\/p>\n\n\n\n<p class=\"wp-block-paragraph\">2013.- El colectivo de presos de la organizaci\u00f3n terrorista ETA reconoce en un comunicado el da\u00f1o causado y acepta acogerse a beneficios penitenciarios<\/p>\n\n\n\n<p class=\"wp-block-paragraph\">2014.- La Fuerza Internacional de Asistencia para la Seguridad en Afganist\u00e1n de la OTAN (ISAF) pone fin a su misi\u00f3n militar en Afganist\u00e1n despu\u00e9s de 13 a\u00f1os de operaciones.<\/p>\n\n\n\n<p class=\"wp-block-paragraph\">2015.- El Ej\u00e9rcito de Irak anuncia la liberaci\u00f3n total de la ciudad de Ramadi, en manos del Estado Isl\u00e1mico (EI).<\/p>\n\n\n\n<p class=\"wp-block-paragraph\">2017.- El presidente de Italia, Sergio Mattarella, disuelve el Parlamento y convoca elecciones.<\/p>\n\n\n\n<p class=\"wp-block-paragraph\">2019.- La astronauta estadounidense de la NASA Christina Koch establece un r\u00e9cord hist\u00f3rico femenino de permanencia en el espacio de 289 d\u00edas continuados. Su compatriota Peggy Whitson estuvo 288 d\u00edas consecutivos en \u00f3rbita, entre noviembre de 2016 y septiembre de 2017.<\/p>\n\n\n\n<p class=\"wp-block-paragraph\">2020.- Muere por covid-19 el cantante y compositor Armando Manzanero, leyenda de la m\u00fasica mexicana y del mundo.<\/p>\n\n\n\n<p class=\"wp-block-paragraph\">2021.- El Gobierno espa\u00f1ol aprueba el real decreto ley de la reforma laboral, cumpliendo uno de los compromisos con Bruselas.<\/p>\n\n\n\n<p class=\"wp-block-paragraph\">2022.- Abre sus puertas en Nueva York (EEUU) el primer dispensario legal de marihuana con fines recreativos.<\/p>\n\n\n\n<p class=\"wp-block-paragraph\">2023.- La \u00f3pera la Scala de Mil\u00e1n anuncia el hallazgo en su archivo de un bat\u00edn vestido por la soprano Mar\u00eda Callas en 1955, dise\u00f1ado por Franco Zeffirelli.<\/p>\n\n\n\n<p class=\"wp-block-paragraph\"><strong>Nacimientos<\/strong><\/p>\n\n\n\n<p class=\"wp-block-paragraph\">1872.- P\u00edo Baroja, novelista espa\u00f1ol.<\/p>\n\n\n\n<p class=\"wp-block-paragraph\">1874.- Mar\u00eda de la O Lej\u00e1rraga, escritora espa\u00f1ola, figura del feminismo.<\/p>\n\n\n\n<p class=\"wp-block-paragraph\">1899.- Edgar Neville, escritor y diplom\u00e1tico espa\u00f1ol.<\/p>\n\n\n\n<p class=\"wp-block-paragraph\">1945.- Birendra, rey de Nepal.<\/p>\n\n\n\n<p class=\"wp-block-paragraph\">1953.- Richard Clayderman, pianista franc\u00e9s.<\/p>\n\n\n\n<p class=\"wp-block-paragraph\">1954.- Denzel Washington, actor estadounidense.<\/p>\n\n\n\n<p class=\"wp-block-paragraph\">1959.- Ana Torroja, cantante espa\u00f1ola.<\/p>\n\n\n\n<p class=\"wp-block-paragraph\">1964.- Mayte Z\u00fa\u00f1iga, atleta espa\u00f1ola.<\/p>\n\n\n\n<p class=\"wp-block-paragraph\">1969.- Linus B. Torvalds, inform\u00e1tico finland\u00e9s creador del software LINUX.<\/p>\n\n\n\n<p class=\"wp-block-paragraph\">1989.- Salvador Sobral, cantante y m\u00fasico portugu\u00e9s.<\/p>\n\n\n\n<p class=\"wp-block-paragraph\">1989.- Silvia Alonso Cruz, actriz espa\u00f1ola.<\/p>\n\n\n\n<p class=\"wp-block-paragraph\"><strong>Defunciones<\/strong><\/p>\n\n\n\n<p class=\"wp-block-paragraph\">1937.- Maurice Ravel, compositor franc\u00e9s.<\/p>\n\n\n\n<p class=\"wp-block-paragraph\">1947.- V\u00edctor Manuel III, \u00faltimo monarca reinante en Italia.<\/p>\n\n\n\n<p class=\"wp-block-paragraph\">1984.- Sam Peckinpah, cineasta estadounidense.<\/p>\n\n\n\n<p class=\"wp-block-paragraph\">1994.- Mariano Medina, meteor\u00f3logo espa\u00f1ol.<\/p>\n\n\n\n<p class=\"wp-block-paragraph\">1997.- Iris Marga, actriz y &#8216;vedette&#8217; argentina de origen italiano.<\/p>\n\n\n\n<p class=\"wp-block-paragraph\">2004.- Susan Sontag, escritora y directora de cine estadounidense.<\/p>\n\n\n\n<p class=\"wp-block-paragraph\">2004.- Joan Hern\u00e1ndez Pijuan, artista y acad\u00e9mico de Bellas Artes espa\u00f1ol.<\/p>\n\n\n\n<p class=\"wp-block-paragraph\">2007.- Joaqu\u00edn Rubio Cam\u00edn, escultor y pintor espa\u00f1ol.<\/p>\n\n\n\n<p class=\"wp-block-paragraph\">2014.- M\u00e1ximo San Juan, dibujante y vi\u00f1etista espa\u00f1ol.<\/p>\n\n\n\n<p class=\"wp-block-paragraph\">2015.- Lemmy Kilmister, m\u00fasico brit\u00e1nico.<\/p>\n\n\n\n<p class=\"wp-block-paragraph\">2016.- Debbie Reynolds, actriz estadounidense.<\/p>\n\n\n\n<p class=\"wp-block-paragraph\">2017.- Sue Grafton, escritora estadounidense.<\/p>\n\n\n\n<p class=\"wp-block-paragraph\">2018.- Francisco P\u00e9rez Abell\u00e1n, periodista espa\u00f1ol.<\/p>\n\n\n\n<p class=\"wp-block-paragraph\">2018.- Amos Oz, escritor y pacifista israel\u00ed.<\/p>\n\n\n\n<p class=\"wp-block-paragraph\">2019.- Amelia Riera, pintora espa\u00f1ola.<\/p>\n\n\n\n<p class=\"wp-block-paragraph\">2019.- Sue Lyon, actriz estadounidense.<\/p>\n\n\n\n<p class=\"wp-block-paragraph\">2021.- Jos\u00e9 Mar\u00eda Aldaya, industrial espa\u00f1ol, v\u00edctima del segundo secuestro m\u00e1s largo de ETA.<\/p>\n\n\n\n<p class=\"wp-block-paragraph\">2022.- Linda de Suza, cantante de origen portugu\u00e9s.<\/p>\n\n\n\n<p class=\"wp-block-paragraph\">2023.- Pedro Su\u00e1rez-Vertiz, cantautor peruano de rock.<\/p>\n","protected":false},"excerpt":{"rendered":"<p>Un d\u00eda 28 de diciembre como hoy, pero de 1895, los hermanos Lumi\u00e8re realizan en el Grand Caf\u00e9 de Par\u00eds la primera proyecci\u00f3n p\u00fablica comercial de una pel\u00edcula, &#8216;La salida de los obreros de la f\u00e1brica Lumi\u00e9re&#8217;. Otras efem\u00e9rides 1065.- Se funda en Londres la Abad\u00eda de Westminster, lugar de coronaci\u00f3n de los monarcas ingleses [&hellip;]<\/p>\n","protected":false},"author":6,"featured_media":75118,"comment_status":"closed","ping_status":"closed","sticky":false,"template":"","format":"standard","meta":{"_acf_changed":false,"_monsterinsights_skip_tracking":false,"slim_seo":{"title":"Efem\u00e9rides 28 de diciembre | Un d\u00eda como hoy en la historia... - Opini\u00f3n P\u00fablica","description":"Un d\u00eda 28 de diciembre como hoy, pero de 1895, los hermanos Lumi\u00e8re realizan en el Grand Caf\u00e9 de Par\u00eds la primera proyecci\u00f3n p\u00fablica comercial de una pel\u00edcula,"},"footnotes":""},"categories":[27],"tags":[1614,59],"class_list":["post-75117","post","type-post","status-publish","format-standard","has-post-thumbnail","hentry","category-un-dia-como-hoy","tag-efemerides-28-de-diciembre","tag-un-dia-como-hoy"],"acf":[],"_links":{"self":[{"href":"https:\/\/www.opinionpublica.tv\/portada\/wp-json\/wp\/v2\/posts\/75117","targetHints":{"allow":["GET"]}}],"collection":[{"href":"https:\/\/www.opinionpublica.tv\/portada\/wp-json\/wp\/v2\/posts"}],"about":[{"href":"https:\/\/www.opinionpublica.tv\/portada\/wp-json\/wp\/v2\/types\/post"}],"author":[{"embeddable":true,"href":"https:\/\/www.opinionpublica.tv\/portada\/wp-json\/wp\/v2\/users\/6"}],"replies":[{"embeddable":true,"href":"https:\/\/www.opinionpublica.tv\/portada\/wp-json\/wp\/v2\/comments?post=75117"}],"version-history":[{"count":2,"href":"https:\/\/www.opinionpublica.tv\/portada\/wp-json\/wp\/v2\/posts\/75117\/revisions"}],"predecessor-version":[{"id":75120,"href":"https:\/\/www.opinionpublica.tv\/portada\/wp-json\/wp\/v2\/posts\/75117\/revisions\/75120"}],"wp:featuredmedia":[{"embeddable":true,"href":"https:\/\/www.opinionpublica.tv\/portada\/wp-json\/wp\/v2\/media\/75118"}],"wp:attachment":[{"href":"https:\/\/www.opinionpublica.tv\/portada\/wp-json\/wp\/v2\/media?parent=75117"}],"wp:term":[{"taxonomy":"category","embeddable":true,"href":"https:\/\/www.opinionpublica.tv\/portada\/wp-json\/wp\/v2\/categories?post=75117"},{"taxonomy":"post_tag","embeddable":true,"href":"https:\/\/www.opinionpublica.tv\/portada\/wp-json\/wp\/v2\/tags?post=75117"}],"curies":[{"name":"wp","href":"https:\/\/api.w.org\/{rel}","templated":true}]}}