{"id":74890,"date":"2025-12-24T00:01:00","date_gmt":"2025-12-24T07:01:00","guid":{"rendered":"https:\/\/www.opinionpublica.tv\/portada\/?p=74890"},"modified":"2025-12-23T22:03:59","modified_gmt":"2025-12-24T05:03:59","slug":"el-embajador-de-seda","status":"publish","type":"post","link":"https:\/\/www.opinionpublica.tv\/portada\/el-embajador-de-seda\/","title":{"rendered":"El embajador de seda"},"content":{"rendered":"\n<h4 class=\"wp-block-heading\">Ra\u00fal Ruiz<\/h4>\n\n\n\n<p class=\"wp-block-paragraph\">___________________________<\/p>\n\n\n\n<p class=\"wp-block-paragraph\">\u00abEl Embajador de Seda\u00bb, es un t\u00edtulo que ya suena a tipolog\u00eda sat\u00edrica con perfumes de iron\u00eda y de sarcasmo.<\/p>\n\n\n\n<p class=\"wp-block-paragraph\">Imaginemos una escena:<\/p>\n\n\n\n<p class=\"wp-block-paragraph\">El Fiscal de Hierro, que se presentaba como implacable guardi\u00e1n de la ley, se despoja de la armadura y se viste con un frac de seda, listo para los cocteles diplom\u00e1ticos.<\/p>\n\n\n\n<p class=\"wp-block-paragraph\">Estoy hablando de Alejandro Gertz Manero.<\/p>\n\n\n\n<p class=\"wp-block-paragraph\">La toga se convierte en pa\u00f1uelo de bolsillo; la severidad en protocolo; la justicia en etiqueta.<\/p>\n\n\n\n<p class=\"wp-block-paragraph\">Su metamorfosis es casi alqu\u00edmica: de inquisidor a cortesano, de acusador a anfitri\u00f3n.<\/p>\n\n\n\n<p class=\"wp-block-paragraph\">Perm\u00edtanme aportar algunos rasgos del \u201cEmbajador de Seda\u201d.<\/p>\n\n\n\n<p class=\"wp-block-paragraph\">Suavidad protocolaria. Donde antes hab\u00eda rigidez procesal, ahora hay sonrisas diplom\u00e1ticas.<\/p>\n\n\n\n<p class=\"wp-block-paragraph\">Lenguaje aterciopelado que sustituye las acusaciones por brindis y discursos de bienvenida.<\/p>\n\n\n\n<p class=\"wp-block-paragraph\">Autonom\u00eda evaporada. La Fiscal\u00eda, que deb\u00eda ser aut\u00f3noma, se disuelve en un gesto de obediencia, como seda que se arruga al calor del poder.<\/p>\n\n\n\n<p class=\"wp-block-paragraph\">Tipolog\u00eda simb\u00f3lica.<\/p>\n\n\n\n<p class=\"wp-block-paragraph\">El Embajador de Seda, es ya un personaje que encarna la transici\u00f3n del poder punitivo al poder ornamental.<\/p>\n\n\n\n<p class=\"wp-block-paragraph\">La justicia se convierte en ceremonia, y el hierro se funde en seda.<\/p>\n\n\n\n<p class=\"wp-block-paragraph\">Alejandro Gertz Manero renunci\u00f3 como Fiscal General de la Rep\u00fablica principalmente porque, supuestamente acept\u00f3 incorporarse al servicio diplom\u00e1tico como embajador, tras una propuesta de la presidenta Claudia Sheinbaum.<\/p>\n\n\n\n<p class=\"wp-block-paragraph\">Su salida, sin embargo, ha sido vista como controvertida por la falta de un proceso legal claro y por las tensiones pol\u00edticas que rodearon su gesti\u00f3n.<\/p>\n\n\n\n<p class=\"wp-block-paragraph\">Incluso la manera tan opaca en la que se sigue dando la noticia.<\/p>\n\n\n\n<p class=\"wp-block-paragraph\">Nadie sabe a d\u00f3nde ir\u00e1. O si en verdad hay un pa\u00eds a punto de brindarle el benepl\u00e1cito.<\/p>\n\n\n\n<p class=\"wp-block-paragraph\">Ya se tardaron mucho en resolver, \u00bfNo lo creen?<\/p>\n\n\n\n<p class=\"wp-block-paragraph\">Motivos oficiales de la renuncia.<\/p>\n\n\n\n<p class=\"wp-block-paragraph\">&#8211; Transici\u00f3n a la diplomacia: La renuncia fue presentada para iniciar el proceso de ratificaci\u00f3n como embajador de M\u00e9xico, lo que implica un cambio de rol dentro del servicio p\u00fablico.<\/p>\n\n\n\n<p class=\"wp-block-paragraph\">&#8211; Propuesta presidencial: Claudia Sheinbaum confirm\u00f3 que, tras aceptar la dimisi\u00f3n, le ofreci\u00f3 incorporarse al servicio diplom\u00e1tico, propuesta que Gertz Manero acept\u00f3. (Pero no le dijeron a d\u00f3nde&#8230; De hecho a\u00fan no le dicen. Ja).<\/p>\n\n\n\n<p class=\"wp-block-paragraph\">&#8211; Sucesi\u00f3n temporal: Ernestina Godoy Ramos, consejera jur\u00eddica del Ejecutivo federal, asumi\u00f3 de manera provisional la conducci\u00f3n de la Fiscal\u00eda. Y luego fue ratificada por el Senado.<\/p>\n\n\n\n<p class=\"wp-block-paragraph\">Controversias y cr\u00edticas.<\/p>\n\n\n\n<p class=\"wp-block-paragraph\">&#8211; Mandato inconcluso: Gertz Manero hab\u00eda sido nombrado en enero de 2019 para un periodo de nueve a\u00f1os, por lo que su salida en 2025 ocurre antes de lo previsto.<\/p>\n\n\n\n<p class=\"wp-block-paragraph\">&#8211; Cuestionamientos legales: Diversos analistas se\u00f1alan que la renuncia fue forzada por la Presidencia, sin que existiera una causa grave justificada ni un proceso legal adecuado.<\/p>\n\n\n\n<p class=\"wp-block-paragraph\">Esto contraviene los principios constitucionales de autonom\u00eda y debido proceso para el cargo.<\/p>\n\n\n\n<p class=\"wp-block-paragraph\">&#8211; Gesti\u00f3n pol\u00e9mica: Su paso por la Fiscal\u00eda estuvo marcado por controversias, incluyendo acusaciones de uso pol\u00edtico de la instituci\u00f3n y conflictos internos. La manera en que se gestion\u00f3 su salida refuerza la percepci\u00f3n de irregularidades.<\/p>\n\n\n\n<p class=\"wp-block-paragraph\">Lectura pol\u00edtica<\/p>\n\n\n\n<p class=\"wp-block-paragraph\">La renuncia de Gertz Manero puede interpretarse en dos planos:<\/p>\n\n\n\n<p class=\"wp-block-paragraph\">1. Versi\u00f3n oficial: Un movimiento institucional para aprovechar su experiencia en el \u00e1mbito diplom\u00e1tico.<\/p>\n\n\n\n<p class=\"wp-block-paragraph\">2. Versi\u00f3n cr\u00edtica: Una salida negociada que refleja tensiones entre la autonom\u00eda de la Fiscal\u00eda y el poder presidencial, con implicaciones sobre la independencia de las instituciones en M\u00e9xico.<\/p>\n\n\n\n<p class=\"wp-block-paragraph\">Podr\u00eda ser visto como un \u201cacto de metamorfosis pol\u00edtica\u201d donde la toga se transforma en frac, y la justicia en protocolo.<\/p>\n\n\n\n<p class=\"wp-block-paragraph\">Hay todav\u00eda m\u00e1s pero el espacio se agot\u00f3.<\/p>\n","protected":false},"excerpt":{"rendered":"<p>Ra\u00fal Ruiz ___________________________ \u00abEl Embajador de Seda\u00bb, es un t\u00edtulo que ya suena a tipolog\u00eda sat\u00edrica con perfumes de iron\u00eda y de sarcasmo. Imaginemos una escena: El Fiscal de Hierro, que se presentaba como implacable guardi\u00e1n de la ley, se despoja de la armadura y se viste con un frac de seda, listo para los [&hellip;]<\/p>\n","protected":false},"author":6,"featured_media":43347,"comment_status":"closed","ping_status":"closed","sticky":false,"template":"","format":"standard","meta":{"_acf_changed":false,"_monsterinsights_skip_tracking":false,"slim_seo":{"title":"El embajador de seda - Opini\u00f3n P\u00fablica","description":"Ra\u00fal Ruiz ___________________________ \"El Embajador de Seda\", es un t\u00edtulo que ya suena a tipolog\u00eda sat\u00edrica con perfumes de iron\u00eda y de sarcasmo. Imaginemos un"},"footnotes":""},"categories":[21],"tags":[593,789],"class_list":["post-74890","post","type-post","status-publish","format-standard","has-post-thumbnail","hentry","category-cartapacio","tag-cartapacio","tag-raul-ruiz"],"acf":[],"_links":{"self":[{"href":"https:\/\/www.opinionpublica.tv\/portada\/wp-json\/wp\/v2\/posts\/74890","targetHints":{"allow":["GET"]}}],"collection":[{"href":"https:\/\/www.opinionpublica.tv\/portada\/wp-json\/wp\/v2\/posts"}],"about":[{"href":"https:\/\/www.opinionpublica.tv\/portada\/wp-json\/wp\/v2\/types\/post"}],"author":[{"embeddable":true,"href":"https:\/\/www.opinionpublica.tv\/portada\/wp-json\/wp\/v2\/users\/6"}],"replies":[{"embeddable":true,"href":"https:\/\/www.opinionpublica.tv\/portada\/wp-json\/wp\/v2\/comments?post=74890"}],"version-history":[{"count":3,"href":"https:\/\/www.opinionpublica.tv\/portada\/wp-json\/wp\/v2\/posts\/74890\/revisions"}],"predecessor-version":[{"id":74893,"href":"https:\/\/www.opinionpublica.tv\/portada\/wp-json\/wp\/v2\/posts\/74890\/revisions\/74893"}],"wp:featuredmedia":[{"embeddable":true,"href":"https:\/\/www.opinionpublica.tv\/portada\/wp-json\/wp\/v2\/media\/43347"}],"wp:attachment":[{"href":"https:\/\/www.opinionpublica.tv\/portada\/wp-json\/wp\/v2\/media?parent=74890"}],"wp:term":[{"taxonomy":"category","embeddable":true,"href":"https:\/\/www.opinionpublica.tv\/portada\/wp-json\/wp\/v2\/categories?post=74890"},{"taxonomy":"post_tag","embeddable":true,"href":"https:\/\/www.opinionpublica.tv\/portada\/wp-json\/wp\/v2\/tags?post=74890"}],"curies":[{"name":"wp","href":"https:\/\/api.w.org\/{rel}","templated":true}]}}