{"id":74855,"date":"2025-12-24T00:01:00","date_gmt":"2025-12-24T07:01:00","guid":{"rendered":"https:\/\/www.opinionpublica.tv\/portada\/?p=74855"},"modified":"2025-12-22T19:51:24","modified_gmt":"2025-12-23T02:51:24","slug":"entrego-estado-becas-economicas-a-548-estudiantes-de-secundaria-en-ciudad-juarez","status":"publish","type":"post","link":"https:\/\/www.opinionpublica.tv\/portada\/entrego-estado-becas-economicas-a-548-estudiantes-de-secundaria-en-ciudad-juarez\/","title":{"rendered":"Entregaron becas econ\u00f3micas a 548 estudiantes del nivel secundaria en Ciudad Ju\u00e1rez"},"content":{"rendered":"\n<figure class=\"wp-block-image size-large\"><img fetchpriority=\"high\" decoding=\"async\" width=\"1024\" height=\"602\" src=\"https:\/\/www.opinionpublica.tv\/portada\/wp-content\/uploads\/2025\/12\/Entregaron-becas-economicas-a-548-estudiantes-del-nivel-secundaria-en-Ciudad-Juarez-1024x602.jpeg\" alt=\"Entregaron becas econo\u0301micas a 548 estudiantes del nivel secundaria en ciudad jua\u0301rez\" class=\"wp-image-74860\" srcset=\"https:\/\/www.opinionpublica.tv\/portada\/wp-content\/uploads\/2025\/12\/Entregaron-becas-economicas-a-548-estudiantes-del-nivel-secundaria-en-Ciudad-Juarez-1024x602.jpeg 1024w, https:\/\/www.opinionpublica.tv\/portada\/wp-content\/uploads\/2025\/12\/Entregaron-becas-economicas-a-548-estudiantes-del-nivel-secundaria-en-Ciudad-Juarez-300x176.jpeg 300w, https:\/\/www.opinionpublica.tv\/portada\/wp-content\/uploads\/2025\/12\/Entregaron-becas-economicas-a-548-estudiantes-del-nivel-secundaria-en-Ciudad-Juarez-768x451.jpeg 768w, https:\/\/www.opinionpublica.tv\/portada\/wp-content\/uploads\/2025\/12\/Entregaron-becas-economicas-a-548-estudiantes-del-nivel-secundaria-en-Ciudad-Juarez-1536x902.jpeg 1536w, https:\/\/www.opinionpublica.tv\/portada\/wp-content\/uploads\/2025\/12\/Entregaron-becas-economicas-a-548-estudiantes-del-nivel-secundaria-en-Ciudad-Juarez.jpeg 1600w\" sizes=\"(max-width: 1024px) 100vw, 1024px\" \/><\/figure>\n\n\n\n<p class=\"wp-block-paragraph\"><em>Ciudad Ju\u00e1rez, Chih<\/em>.- El Gobierno del Estado, a trav\u00e9s de la Secretar\u00eda de Educaci\u00f3n y Deporte (SEyD) inici\u00f3 la entrega de becas acad\u00e9micas en beneficio de 548 estudiantes de secundarias de Ciudad Ju\u00e1rez, con una inversi\u00f3n total de 767 mil 200 pesos.<\/p>\n\n\n\n<p class=\"wp-block-paragraph\">Cada apoyo es de 1,400 pesos y corresponde a la primera parte de diciembre; una segunda parte se otorgar\u00e1 en mayo o junio.<\/p>\n\n\n\n<p class=\"wp-block-paragraph\">El subsecretario de Educaci\u00f3n en la Zona Norte, Maurilio Fuentes, dijo que estos apoyos forman parte de los esfuerzos de la administraci\u00f3n estatal, para garantizar la permanencia de los alumnos en el sistema educativo estatal.<\/p>\n\n\n\n<p class=\"wp-block-paragraph\">Indic\u00f3 que estas becas son en beneficio de estudiantes de 15 secundarias estatales, una telesecundaria y el Centro de Atenci\u00f3n a la Violencia contra las Mujeres (Cavim).<\/p>\n\n\n\n<p class=\"wp-block-paragraph\">Se pueden cobrar en las oficinas de Recaudaci\u00f3n de Rentas en la Unidad Administrativa Jos\u00e9 Mar\u00eda Morelos y Pav\u00f3n, conocida como \u201cPueblito Mexicano\u201d, de las 9:00 de la ma\u00f1ana a las 3:00 de la tarde, de lunes a viernes.<\/p>\n\n\n\n<p class=\"wp-block-paragraph\">La fecha l\u00edmite para acudir es el 15 de enero, por lo que el funcionario exhort\u00f3 a los beneficiarios a acudir a la brevedad.<\/p>\n","protected":false},"excerpt":{"rendered":"<p>Ciudad Ju\u00e1rez, Chih.- El Gobierno del Estado, a trav\u00e9s de la Secretar\u00eda de Educaci\u00f3n y Deporte (SEyD) inici\u00f3 la entrega de becas acad\u00e9micas en beneficio de 548 estudiantes de secundarias de Ciudad Ju\u00e1rez, con una inversi\u00f3n total de 767 mil 200 pesos. Cada apoyo es de 1,400 pesos y corresponde a la primera parte de [&hellip;]<\/p>\n","protected":false},"author":6,"featured_media":74860,"comment_status":"closed","ping_status":"closed","sticky":false,"template":"","format":"standard","meta":{"_acf_changed":false,"_monsterinsights_skip_tracking":false,"slim_seo":{"title":"Entregaron becas econ\u00f3micas a 548 estudiantes del nivel secundaria en Ciudad Ju\u00e1rez - Opini\u00f3n P\u00fablica","description":"Ciudad Ju\u00e1rez, Chih .- El Gobierno del Estado, a trav\u00e9s de la Secretar\u00eda de Educaci\u00f3n y Deporte (SEyD) inici\u00f3 la entrega de becas acad\u00e9micas en beneficio de 548"},"footnotes":""},"categories":[11],"tags":[1559,608,563,55],"class_list":["post-74855","post","type-post","status-publish","format-standard","has-post-thumbnail","hentry","category-tendencias","tag-becas","tag-ciudad-juarez","tag-educacion","tag-escuelas"],"acf":[],"_links":{"self":[{"href":"https:\/\/www.opinionpublica.tv\/portada\/wp-json\/wp\/v2\/posts\/74855","targetHints":{"allow":["GET"]}}],"collection":[{"href":"https:\/\/www.opinionpublica.tv\/portada\/wp-json\/wp\/v2\/posts"}],"about":[{"href":"https:\/\/www.opinionpublica.tv\/portada\/wp-json\/wp\/v2\/types\/post"}],"author":[{"embeddable":true,"href":"https:\/\/www.opinionpublica.tv\/portada\/wp-json\/wp\/v2\/users\/6"}],"replies":[{"embeddable":true,"href":"https:\/\/www.opinionpublica.tv\/portada\/wp-json\/wp\/v2\/comments?post=74855"}],"version-history":[{"count":4,"href":"https:\/\/www.opinionpublica.tv\/portada\/wp-json\/wp\/v2\/posts\/74855\/revisions"}],"predecessor-version":[{"id":74861,"href":"https:\/\/www.opinionpublica.tv\/portada\/wp-json\/wp\/v2\/posts\/74855\/revisions\/74861"}],"wp:featuredmedia":[{"embeddable":true,"href":"https:\/\/www.opinionpublica.tv\/portada\/wp-json\/wp\/v2\/media\/74860"}],"wp:attachment":[{"href":"https:\/\/www.opinionpublica.tv\/portada\/wp-json\/wp\/v2\/media?parent=74855"}],"wp:term":[{"taxonomy":"category","embeddable":true,"href":"https:\/\/www.opinionpublica.tv\/portada\/wp-json\/wp\/v2\/categories?post=74855"},{"taxonomy":"post_tag","embeddable":true,"href":"https:\/\/www.opinionpublica.tv\/portada\/wp-json\/wp\/v2\/tags?post=74855"}],"curies":[{"name":"wp","href":"https:\/\/api.w.org\/{rel}","templated":true}]}}