{"id":74533,"date":"2025-12-23T00:01:00","date_gmt":"2025-12-23T07:01:00","guid":{"rendered":"https:\/\/www.opinionpublica.tv\/portada\/?p=74533"},"modified":"2025-12-18T18:45:31","modified_gmt":"2025-12-19T01:45:31","slug":"estulticias-en-politica-exterior","status":"publish","type":"post","link":"https:\/\/www.opinionpublica.tv\/portada\/estulticias-en-politica-exterior\/","title":{"rendered":"Estulticias en pol\u00edtica exterior"},"content":{"rendered":"\n<h4 class=\"wp-block-heading\">Jorge G. Casta\u00f1eda<\/h4>\n\n\n\n<p class=\"wp-block-paragraph\">____________________________<\/p>\n\n\n\n<p class=\"wp-block-paragraph\">Ning\u00fan presidente de pa\u00edses con escasos compromisos internacionales se ve obligado a entender asuntos de pol\u00edtica exterior antes de asumir el poder. Una vez sentado en la silla, la experiencia, la lectura, los roces con el mundo y las asesor\u00edas de sus principales colaboradores se transforman en una especie de seminario intenso y permanente; el aprendizaje es r\u00e1pido o lento, dependiendo de m\u00faltiples factores.<\/p>\n\n\n\n<p class=\"wp-block-paragraph\">Los mandatarios del P5 s\u00ed poseen la obligaci\u00f3n de saber la diferencia entre una consigna -\u00fatil, necesaria, pero siempre superficial y anodina- y una estrategia internacional. Es el caso tambi\u00e9n de Israel, quiz\u00e1s de Alemania, de la India, y de Jap\u00f3n. Los dem\u00e1s pueden prescindir de un conocimiento previo. No pasa nada, la mayor parte del tiempo, si se limitan a lugares comunes o simplismos inocentes. Hasta que las cosas se complican.<\/p>\n\n\n\n<p class=\"wp-block-paragraph\">La decisi\u00f3n de incluir los llamados principios de pol\u00edtica exterior en el Art\u00edculo 89 de la Constituci\u00f3n se tom\u00f3 en 1988. Miguel de la Madrid y su canciller, Bernardo Sep\u00falveda, pensaron con la mejor de las intenciones que dicha inclusi\u00f3n pod\u00eda erigirse en una especie de blindaje contra el abandono por el siguiente gobierno de la postura mexicana en Centroam\u00e9rica.<\/p>\n\n\n\n<p class=\"wp-block-paragraph\">En parte se produjo un ajuste de la postura de los dos sexenios anteriores en esta materia, en parte los acontecimientos dieron lugar al final de las guerras en Centroam\u00e9rica, y en parte se mantuvieron las posiciones previas. De cualquier manera, quedaron inscritos los famosos principios en la Carta Magna, para bien y para mal. Para bien, porque le dieron mayor relieve jur\u00eddico y medi\u00e1tico a lo que en el fondo no son m\u00e1s que las l\u00edneas rectoras de la Carta de San Francisco, que reviste el estatuto de un tratado ratificado por M\u00e9xico.<\/p>\n\n\n\n<p class=\"wp-block-paragraph\">Para mal, porque tal y como sucedi\u00f3 en 2011, era previsible que otros gobiernos quisieran agregar otros principios de pol\u00edtica exterior a la misma Constituci\u00f3n, sin preocuparse demasiado si las adiciones eran complementarias a los principios originales, por lo menos compatibles con ellos, o francamente contradictorios.<\/p>\n\n\n\n<p class=\"wp-block-paragraph\">Pero, sobre todo, le permitir\u00edan a algunos de los gobiernos siguientes -los primeros a\u00f1os de Pe\u00f1a Nieto, L\u00f3pez Obrador y Sheinbaum\u2013 refugiarse detr\u00e1s de escudos ret\u00f3ricos aberrantes ante cada coyuntura de la actualidad internacional. Peor que aberrantes: simples, ignorantes, carentes de contenido, incomprensibles. Obviamente estas consecuencias no son culpa de De la Madrid y Sep\u00falveda; pero s\u00ed les permiten a los gobernantes de la 4T afirmar barbaridades y estulticias sin cesar, en materia de pol\u00edtica exterior.<\/p>\n\n\n\n<p class=\"wp-block-paragraph\">No importan mayormente, mientras la coyuntura no se complejiza. Se comienza a complicar; m\u00e1s a\u00fan, al verse obligada a responder a cada giro externo todos los d\u00edas por la ma\u00f1anera, Sheinbaum se encuentra completamente desarmada frente a las vicisitudes externas. Como adem\u00e1s es probable que crea que cuando habla de la \u201cautodeterminaci\u00f3n de los pueblos\u201d, piensa que sabe de lo que est\u00e1 hablando, la situaci\u00f3n se torna pat\u00e9tica, y tal vez ya no insignificante.<\/p>\n\n\n\n<p class=\"wp-block-paragraph\">La par\u00e1lisis presidencial ante el Premio Nobel de Mar\u00eda Corina Machado constituye un ejemplo. Las tonter\u00edas con Per\u00fa y Ecuador, y tal vez pronto con Bolivia, representan otros m\u00e1s. El no poder ofrecer una respuesta coherente ante una pregunta el martes comparando la postura mexicana ante Venezuela y Honduras demuestra la dificultad de definirse sin estudiar, sin escuchar, y sin saber. Seg\u00fan Sheinbaum, el caso de Xiomara Castro en Honduras es distinto al de Machado en Venezuela, porque una pide \u201cinjerencismo\u201d y la otra no. Pero la diferencia no es esa.<\/p>\n\n\n\n<p class=\"wp-block-paragraph\">Consiste en el contraste entre elecciones re\u00f1idas pero limpias, certificadas como tales por la OEA, a pesar de los comentarios de Trump, y el fraude electoral generalizado en Venezuela, denunciado por todo el mundo, salvo M\u00e9xico, Cuba, Rusia, etc. Sheinbaum piensa que dice algo con sus lugares comunes principistas; en realidad, no dice nada.<\/p>\n\n\n\n<p class=\"wp-block-paragraph\">Ahora bien, aunque no se espera de ella que entienda todo esto -pocos de sus predecesores lo entender\u00edan- s\u00ed resultar\u00eda \u00fatil que su equipo de pol\u00edtica exterior \u2013De la Fuente, C\u00e1rdenas, Velasco- le explicaran que cuando las cosas se complican, los simplismos dejan de funcionar.<\/p>\n\n\n\n<p class=\"wp-block-paragraph\">O no lo hacen, o no les hace caso. Trae encima, adem\u00e1s de toda la negociaci\u00f3n bilateral con Estados Unidos -agua, jitomate, ganado, autom\u00f3viles, fentanilo, migraci\u00f3n, aviaci\u00f3n, acero, aluminio, T-MEC, visas- m\u00faltiples desaf\u00edos por venir en varios frentes.<\/p>\n\n\n\n<p class=\"wp-block-paragraph\">Enumero algunos: la crisis en Venezuela, la cat\u00e1strofe en Cuba, los esp\u00edas rusos en M\u00e9xico, China y su disgusto por los aranceles mexicanos, la posible candidatura mexicana a la Secretar\u00eda General de la ONU, el auge de la derecha en Am\u00e9rica Latina, el pleito interno en Honduras, la posible embestida de Trump contra Petro en Colombia. En fin, una retah\u00edla de retos imposibles de enfrentar con lugares comunes.<\/p>\n","protected":false},"excerpt":{"rendered":"<p>Jorge G. Casta\u00f1eda ____________________________ Ning\u00fan presidente de pa\u00edses con escasos compromisos internacionales se ve obligado a entender asuntos de pol\u00edtica exterior antes de asumir el poder. Una vez sentado en la silla, la experiencia, la lectura, los roces con el mundo y las asesor\u00edas de sus principales colaboradores se transforman en una especie de seminario [&hellip;]<\/p>\n","protected":false},"author":6,"featured_media":43385,"comment_status":"closed","ping_status":"closed","sticky":false,"template":"","format":"standard","meta":{"_acf_changed":false,"_monsterinsights_skip_tracking":false,"slim_seo":{"title":"Estulticias en pol\u00edtica exterior - Opini\u00f3n P\u00fablica","description":"Jorge G. Casta\u00f1eda ____________________________ Ning\u00fan presidente de pa\u00edses con escasos compromisos internacionales se ve obligado a entender asuntos de pol\u00edtic"},"footnotes":""},"categories":[18],"tags":[82],"class_list":["post-74533","post","type-post","status-publish","format-standard","has-post-thumbnail","hentry","category-castaneda-opina","tag-jorge-castaneda"],"acf":[],"_links":{"self":[{"href":"https:\/\/www.opinionpublica.tv\/portada\/wp-json\/wp\/v2\/posts\/74533","targetHints":{"allow":["GET"]}}],"collection":[{"href":"https:\/\/www.opinionpublica.tv\/portada\/wp-json\/wp\/v2\/posts"}],"about":[{"href":"https:\/\/www.opinionpublica.tv\/portada\/wp-json\/wp\/v2\/types\/post"}],"author":[{"embeddable":true,"href":"https:\/\/www.opinionpublica.tv\/portada\/wp-json\/wp\/v2\/users\/6"}],"replies":[{"embeddable":true,"href":"https:\/\/www.opinionpublica.tv\/portada\/wp-json\/wp\/v2\/comments?post=74533"}],"version-history":[{"count":1,"href":"https:\/\/www.opinionpublica.tv\/portada\/wp-json\/wp\/v2\/posts\/74533\/revisions"}],"predecessor-version":[{"id":74534,"href":"https:\/\/www.opinionpublica.tv\/portada\/wp-json\/wp\/v2\/posts\/74533\/revisions\/74534"}],"wp:featuredmedia":[{"embeddable":true,"href":"https:\/\/www.opinionpublica.tv\/portada\/wp-json\/wp\/v2\/media\/43385"}],"wp:attachment":[{"href":"https:\/\/www.opinionpublica.tv\/portada\/wp-json\/wp\/v2\/media?parent=74533"}],"wp:term":[{"taxonomy":"category","embeddable":true,"href":"https:\/\/www.opinionpublica.tv\/portada\/wp-json\/wp\/v2\/categories?post=74533"},{"taxonomy":"post_tag","embeddable":true,"href":"https:\/\/www.opinionpublica.tv\/portada\/wp-json\/wp\/v2\/tags?post=74533"}],"curies":[{"name":"wp","href":"https:\/\/api.w.org\/{rel}","templated":true}]}}