{"id":74527,"date":"2025-12-18T10:01:01","date_gmt":"2025-12-18T17:01:01","guid":{"rendered":"https:\/\/www.opinionpublica.tv\/portada\/?p=74527"},"modified":"2025-12-18T10:02:28","modified_gmt":"2025-12-18T17:02:28","slug":"anulan-criterio-de-oportunidad-a-dueno-de-miss-universo-reactivan-orden-de-aprehension","status":"publish","type":"post","link":"https:\/\/www.opinionpublica.tv\/portada\/anulan-criterio-de-oportunidad-a-dueno-de-miss-universo-reactivan-orden-de-aprehension\/","title":{"rendered":"Anulan criterio de oportunidad a due\u00f1o de Miss Universo y le reactivan la orden de captura"},"content":{"rendered":"\n<figure class=\"wp-block-image size-full\"><img fetchpriority=\"high\" decoding=\"async\" width=\"1000\" height=\"666\" src=\"https:\/\/www.opinionpublica.tv\/portada\/wp-content\/uploads\/2025\/12\/Anulan-criterio-de-oportunidad-a-dueno-de-Miss-Universo-y-le-reactivan-la-orden-de-captura.avif\" alt=\"Anulan criterio de oportunidad a duen\u0303o de miss universo y le reactivan la orden de captura\" class=\"wp-image-74531\" srcset=\"https:\/\/www.opinionpublica.tv\/portada\/wp-content\/uploads\/2025\/12\/Anulan-criterio-de-oportunidad-a-dueno-de-Miss-Universo-y-le-reactivan-la-orden-de-captura.avif 1000w, https:\/\/www.opinionpublica.tv\/portada\/wp-content\/uploads\/2025\/12\/Anulan-criterio-de-oportunidad-a-dueno-de-Miss-Universo-y-le-reactivan-la-orden-de-captura-300x200.avif 300w, https:\/\/www.opinionpublica.tv\/portada\/wp-content\/uploads\/2025\/12\/Anulan-criterio-de-oportunidad-a-dueno-de-Miss-Universo-y-le-reactivan-la-orden-de-captura-768x511.avif 768w\" sizes=\"(max-width: 1000px) 100vw, 1000px\" \/><\/figure>\n\n\n\n<p class=\"wp-block-paragraph\"><em>Ciudad de M\u00e9xico<\/em>.- La Fiscal\u00eda General de la Rep\u00fablica (FGR) por medio de un juez obtuvo la anulaci\u00f3n del criterio de oportunidad que le hab\u00edan concedido al empresario Ra\u00fal Rocha Cant\u00fa, copropietario de Miss Universo, el 19 de noviembre de este a\u00f1o, quien est\u00e1 ligado a una organizaci\u00f3n criminal dedicada al robo de hidrocarburo y tr\u00e1fico de armas.<\/p>\n\n\n\n<p class=\"wp-block-paragraph\">De acuerdo a la orden de aprehensi\u00f3n a la que tuvo acceso el peri\u00f3dico El  Universal, Rocha Cant\u00fa fue requerido en varias ocasiones ante la Fiscal\u00eda Especializada en Materia de Delincuencia Organizada (FEMDO) para que elementos de la Secretar\u00eda de Seguridad y Protecci\u00f3n Ciudadana (SSPC) recabaran entrevista formal y as\u00ed obtener datos que abonaran a la investigaci\u00f3n.<\/p>\n\n\n\n<p class=\"wp-block-paragraph\">No obstante, el empresario se neg\u00f3 a acudir a las instalaciones, y solicit\u00f3 que su comparecencia se realizara por el m\u00e9todo de videoconferencia indicando que su seguridad personal hab\u00eda sido vulnerada.<\/p>\n\n\n\n<p class=\"wp-block-paragraph\">Juez gira nuevamente orden de aprehensi\u00f3n contra Ra\u00fal Rocha<\/p>\n\n\n\n<p class=\"wp-block-paragraph\">El 15 de diciembre de este a\u00f1o, Octavio Alarc\u00f3n Terr\u00f3n, juez de Distrito Especializado en el Sistema Penal Acusatorio del Centro de Justicia Penal Federal en el Estado de Quer\u00e9taro, quien act\u00faa con car\u00e1cter de Juez de control gir\u00f3 nuevamente la orden de aprehensi\u00f3n por delincuencia organizada, en la modalidad de los delitos de tr\u00e1fico de armas e hidrocarburos.<\/p>\n\n\n\n<p class=\"wp-block-paragraph\">La orden de aprehensi\u00f3n se\u00f1ala que el 5 de diciembre del 2025 se requiri\u00f3 a Rocha Cant\u00fa, con la finalidad de presentarse en las instalaciones de la FEMDO a las 10:00 horas del 8 de diciembre para que los elementos de la SSPC recabaran entrevista formal y as\u00ed obtener datos que abonaran a la investigaci\u00f3n.<\/p>\n\n\n\n<p class=\"wp-block-paragraph\">\u201cEscrito de 8 de diciembre del 2025, signado por Ra\u00fal Rocha Cant\u00fa, en el cual realiza diversas manifestaciones y solicita que su comparecencia se realice por el m\u00e9todo de videoconferencia indicando que su seguridad personal ha sido vulnerada; petici\u00f3n que no fue acordada de conformidad\u201d, refiere el documento.<\/p>\n\n\n\n<p class=\"wp-block-paragraph\">El 10 de diciembre se requiere por segunda ocasi\u00f3n a Ra\u00fal Rocha Cant\u00fa, con la finalidad de que se apersonara en las instalaciones de la FEMDO a las 11:00 horas del 12 de diciembre para que elementos de la SSPC recabaran entrevista formal y as\u00ed obtener datos que abonaran a la investigaci\u00f3n.<\/p>\n\n\n\n<p class=\"wp-block-paragraph\">\u201cAs\u00ed como, en la misma data, atendiendo a la solicitud de actos de investigaci\u00f3n de la defensa de la imputada Mari Carmen R.R., se orden\u00f3 girar citatorio al testigo Ra\u00fal Rocha Cant\u00fa y se le requiri\u00f3 para que se apersonara en las instalaciones de la FEMDO a las 13:00 horas del 12 de diciembre, con la finalidad de que la indicada defensa recabe su entrevista\u201d, refiere la orden de aprehensi\u00f3n.<\/p>\n\n\n\n<p class=\"wp-block-paragraph\">En el escrito del 10 de diciembre firmado por un apoderado legal de Petr\u00f3leos Mexicanos (Pemex) realiz\u00f3 diversas manifestaciones, solicitando revocar el criterio de oportunidad otorgado a Rocha Cant\u00fa, advierte que no se encuentran colmados los requisitos de procedibilidad establecidos en el art\u00edculo 256 del C\u00f3digo Nacional de Procedimientos Penales.<\/p>\n\n\n\n<p class=\"wp-block-paragraph\">La orden de aprehensi\u00f3n resalta que la detenci\u00f3n resulta el \u00fanico medio para conducir a proceso al imputado.<\/p>\n\n\n\n<p class=\"wp-block-paragraph\">\u201cEllo en raz\u00f3n de la imposibilidad que tuvo la Fiscal\u00eda para hacer comparecer al nombrado en domicilios que previamente se hab\u00edan obtenido para su localizaci\u00f3n, es muy factible y constante su egreso del territorio nacional por estar viajando de un pa\u00eds a otro.<\/p>\n\n\n\n<p class=\"wp-block-paragraph\">\u201cDerivado de los informes policiales, se advierte que no cuenta con un domicilio dentro del territorio nacional en donde pueda ser localizado. Raz\u00f3n por la cual hasta este momento no tiene establecido un arraigo domiciliario en donde pueda ser localizado y notificado por las autoridades\u201d, destaca el documento.<\/p>\n\n\n\n<p class=\"wp-block-paragraph\">Abunda que Rocha Cant\u00fa es accionista en diversas empresas, teniendo incluso un n\u00famero importante de activos, diversos domicilios en varios estados de la Rep\u00fablica Mexicana de los que no se tiene certeza de su ubicaci\u00f3n, cuenta adem\u00e1s con un importante n\u00famero de flujo migratorio, esto traducido al poder adquisitivo que tiene. (El Universal)<\/p>\n","protected":false},"excerpt":{"rendered":"<p>Ciudad de M\u00e9xico.- La Fiscal\u00eda General de la Rep\u00fablica (FGR) por medio de un juez obtuvo la anulaci\u00f3n del criterio de oportunidad que le hab\u00edan concedido al empresario Ra\u00fal Rocha Cant\u00fa, copropietario de Miss Universo, el 19 de noviembre de este a\u00f1o, quien est\u00e1 ligado a una organizaci\u00f3n criminal dedicada al robo de hidrocarburo y [&hellip;]<\/p>\n","protected":false},"author":6,"featured_media":74531,"comment_status":"closed","ping_status":"closed","sticky":false,"template":"","format":"standard","meta":{"_acf_changed":false,"_monsterinsights_skip_tracking":false,"slim_seo":{"title":"Anulan criterio de oportunidad a due\u00f1o de Miss Universo y le reactivan la orden de captura - Opini\u00f3n P\u00fablica","description":"Ciudad de M\u00e9xico .- La Fiscal\u00eda General de la Rep\u00fablica (FGR) por medio de un juez obtuvo la anulaci\u00f3n del criterio de oportunidad que le hab\u00edan concedido al em"},"footnotes":""},"categories":[4],"tags":[1525,1166,1325,1324],"class_list":["post-74527","post","type-post","status-publish","format-standard","has-post-thumbnail","hentry","category-pulsopolitico","tag-delincuencia-organizada","tag-huachicol-fiscal","tag-miss-universo","tag-raul-rocha"],"acf":[],"_links":{"self":[{"href":"https:\/\/www.opinionpublica.tv\/portada\/wp-json\/wp\/v2\/posts\/74527","targetHints":{"allow":["GET"]}}],"collection":[{"href":"https:\/\/www.opinionpublica.tv\/portada\/wp-json\/wp\/v2\/posts"}],"about":[{"href":"https:\/\/www.opinionpublica.tv\/portada\/wp-json\/wp\/v2\/types\/post"}],"author":[{"embeddable":true,"href":"https:\/\/www.opinionpublica.tv\/portada\/wp-json\/wp\/v2\/users\/6"}],"replies":[{"embeddable":true,"href":"https:\/\/www.opinionpublica.tv\/portada\/wp-json\/wp\/v2\/comments?post=74527"}],"version-history":[{"count":4,"href":"https:\/\/www.opinionpublica.tv\/portada\/wp-json\/wp\/v2\/posts\/74527\/revisions"}],"predecessor-version":[{"id":74532,"href":"https:\/\/www.opinionpublica.tv\/portada\/wp-json\/wp\/v2\/posts\/74527\/revisions\/74532"}],"wp:featuredmedia":[{"embeddable":true,"href":"https:\/\/www.opinionpublica.tv\/portada\/wp-json\/wp\/v2\/media\/74531"}],"wp:attachment":[{"href":"https:\/\/www.opinionpublica.tv\/portada\/wp-json\/wp\/v2\/media?parent=74527"}],"wp:term":[{"taxonomy":"category","embeddable":true,"href":"https:\/\/www.opinionpublica.tv\/portada\/wp-json\/wp\/v2\/categories?post=74527"},{"taxonomy":"post_tag","embeddable":true,"href":"https:\/\/www.opinionpublica.tv\/portada\/wp-json\/wp\/v2\/tags?post=74527"}],"curies":[{"name":"wp","href":"https:\/\/api.w.org\/{rel}","templated":true}]}}