{"id":74497,"date":"2025-12-18T00:01:00","date_gmt":"2025-12-18T07:01:00","guid":{"rendered":"https:\/\/www.opinionpublica.tv\/portada\/?p=74497"},"modified":"2025-12-17T19:29:17","modified_gmt":"2025-12-18T02:29:17","slug":"video-como-se-compara-la-derecha-de-kast-con-la-de-trump-milei-y-bukele-bbc","status":"publish","type":"post","link":"https:\/\/www.opinionpublica.tv\/portada\/video-como-se-compara-la-derecha-de-kast-con-la-de-trump-milei-y-bukele-bbc\/","title":{"rendered":"Video: C\u00f3mo se compara la derecha de Kast en Chile, con la de Trump, Milei y Bukele | BBC"},"content":{"rendered":"\n<figure class=\"wp-block-embed is-type-video is-provider-youtube wp-block-embed-youtube wp-embed-aspect-16-9 wp-has-aspect-ratio\"><div class=\"wp-block-embed__wrapper\">\n<iframe title=\"C\u00f3mo se compara la derecha de Kast, presidente electo de Chile, con la de Trump, Milei y Bukele\" width=\"800\" height=\"450\" src=\"https:\/\/www.youtube.com\/embed\/G16TTyiHU3g?feature=oembed\" frameborder=\"0\" allow=\"accelerometer; autoplay; clipboard-write; encrypted-media; gyroscope; picture-in-picture; web-share\" referrerpolicy=\"strict-origin-when-cross-origin\" allowfullscreen><\/iframe>\n<\/div><\/figure>\n\n\n\n<p class=\"wp-block-paragraph\">El ultraderechista Jos\u00e9 Antonio Kast ser\u00e1 el nuevo presidente de Chile, lo que supone el mayor giro a la derecha desde el fin del r\u00e9gimen de Augusto Pinochet en 1990.<\/p>\n\n\n\n<p class=\"wp-block-paragraph\">Kast se impuso con amplia diferencia a la comunista Jeannette Jara, que hab\u00eda vencido en la primera vuelta, gracias al apoyo de los otros candidatos de derecha derrotados entonces, Johannes Kaiser y Evelyn Matthei. Kast, defensor del r\u00e9gimen militar, est\u00e1 vinculado al movimiento cat\u00f3lico Schoenstatt y ha defendido posturas bastante conservadoras con respecto a temas sociales como el matrimonio del mismo sexo o el aborto.<\/p>\n\n\n\n<p class=\"wp-block-paragraph\">Adem\u00e1s, tiene afinidades claras con otros l\u00edderes americanos, como Donald Trump en Estados Unidos, Javier Milei en Argentina o Nayib Bukele en El Salvador.<\/p>\n\n\n\n<p class=\"wp-block-paragraph\">En este video de BBC Mundo, se explica qui\u00e9n es el nuevo presidente chileno y cu\u00e1les son esas ideas.<\/p>\n\n\n\n<p class=\"wp-block-paragraph\"><em>Cr\u00e9ditos: BBC Mundo<\/em>.<a href=\"https:\/\/www.youtube.com\/@BBCMundo\"><\/a><\/p>\n","protected":false},"excerpt":{"rendered":"<p>El ultraderechista Jos\u00e9 Antonio Kast ser\u00e1 el nuevo presidente de Chile, lo que supone el mayor giro a la derecha desde el fin del r\u00e9gimen de Augusto Pinochet en 1990. Kast se impuso con amplia diferencia a la comunista Jeannette Jara, que hab\u00eda vencido en la primera vuelta, gracias al apoyo de los otros candidatos [&hellip;]<\/p>\n","protected":false},"author":6,"featured_media":74500,"comment_status":"closed","ping_status":"closed","sticky":false,"template":"","format":"standard","meta":{"_acf_changed":false,"_monsterinsights_skip_tracking":false,"slim_seo":{"title":"Video: C\u00f3mo se compara la derecha de Kast en Chile, con la de Trump, Milei y Bukele | BBC - Opini\u00f3n P\u00fablica","description":"https:\/\/youtu.be\/G16TTyiHU3g?si=i3RrNUkIxppOQuLo El ultraderechista Jos\u00e9 Antonio Kast ser\u00e1 el nuevo presidente de Chile, lo que supone el mayor giro a la derech"},"footnotes":""},"categories":[13,2,8],"tags":[1520,1521],"class_list":["post-74497","post","type-post","status-publish","format-standard","has-post-thumbnail","hentry","category-videos-destacados-contenido","category-videos-destacados","category-videos","tag-chile","tag-jose-antonio-kast"],"acf":[],"_links":{"self":[{"href":"https:\/\/www.opinionpublica.tv\/portada\/wp-json\/wp\/v2\/posts\/74497","targetHints":{"allow":["GET"]}}],"collection":[{"href":"https:\/\/www.opinionpublica.tv\/portada\/wp-json\/wp\/v2\/posts"}],"about":[{"href":"https:\/\/www.opinionpublica.tv\/portada\/wp-json\/wp\/v2\/types\/post"}],"author":[{"embeddable":true,"href":"https:\/\/www.opinionpublica.tv\/portada\/wp-json\/wp\/v2\/users\/6"}],"replies":[{"embeddable":true,"href":"https:\/\/www.opinionpublica.tv\/portada\/wp-json\/wp\/v2\/comments?post=74497"}],"version-history":[{"count":2,"href":"https:\/\/www.opinionpublica.tv\/portada\/wp-json\/wp\/v2\/posts\/74497\/revisions"}],"predecessor-version":[{"id":74499,"href":"https:\/\/www.opinionpublica.tv\/portada\/wp-json\/wp\/v2\/posts\/74497\/revisions\/74499"}],"wp:featuredmedia":[{"embeddable":true,"href":"https:\/\/www.opinionpublica.tv\/portada\/wp-json\/wp\/v2\/media\/74500"}],"wp:attachment":[{"href":"https:\/\/www.opinionpublica.tv\/portada\/wp-json\/wp\/v2\/media?parent=74497"}],"wp:term":[{"taxonomy":"category","embeddable":true,"href":"https:\/\/www.opinionpublica.tv\/portada\/wp-json\/wp\/v2\/categories?post=74497"},{"taxonomy":"post_tag","embeddable":true,"href":"https:\/\/www.opinionpublica.tv\/portada\/wp-json\/wp\/v2\/tags?post=74497"}],"curies":[{"name":"wp","href":"https:\/\/api.w.org\/{rel}","templated":true}]}}