{"id":74489,"date":"2025-12-18T00:01:00","date_gmt":"2025-12-18T07:01:00","guid":{"rendered":"https:\/\/www.opinionpublica.tv\/portada\/?p=74489"},"modified":"2025-12-17T19:14:18","modified_gmt":"2025-12-18T02:14:18","slug":"efemerides-18-de-diciembre-un-dia-como-hoy-en-la-historia","status":"publish","type":"post","link":"https:\/\/www.opinionpublica.tv\/portada\/efemerides-18-de-diciembre-un-dia-como-hoy-en-la-historia\/","title":{"rendered":"Efem\u00e9rides 18 de diciembre | Un d\u00eda como hoy en la historia&#8230;"},"content":{"rendered":"\n<p class=\"wp-block-paragraph\"><em>Un d\u00eda 18 de diciembre como hoy, pero de 1908, el bi\u00f3logo austriaco Karl Landsteiner (1868-1943) y su ayudante Erwin Popper anuncian en Viena el descubrimiento del origen viral de la poliomielitis<\/em>.<\/p>\n\n\n\n<figure class=\"wp-block-image size-full\"><img fetchpriority=\"high\" decoding=\"async\" width=\"550\" height=\"283\" src=\"https:\/\/www.opinionpublica.tv\/portada\/wp-content\/uploads\/2025\/12\/1908-el-biologo-austriaco-Karl-Landsteiner-1868-1943-y-su-ayudante-Erwin-Popper-anuncian-en-Viena-el-descubrimiento-del-origen-viral-de-la-poliomielitis.jpg\" alt=\"1908, el bio\u0301logo austriaco karl landsteiner (1868 1943) y su ayudante erwin popper anuncian en viena el descubrimiento del origen viral de la poliomielitis\" class=\"wp-image-74491\" srcset=\"https:\/\/www.opinionpublica.tv\/portada\/wp-content\/uploads\/2025\/12\/1908-el-biologo-austriaco-Karl-Landsteiner-1868-1943-y-su-ayudante-Erwin-Popper-anuncian-en-Viena-el-descubrimiento-del-origen-viral-de-la-poliomielitis.jpg 550w, https:\/\/www.opinionpublica.tv\/portada\/wp-content\/uploads\/2025\/12\/1908-el-biologo-austriaco-Karl-Landsteiner-1868-1943-y-su-ayudante-Erwin-Popper-anuncian-en-Viena-el-descubrimiento-del-origen-viral-de-la-poliomielitis-300x154.jpg 300w\" sizes=\"(max-width: 550px) 100vw, 550px\" \/><\/figure>\n\n\n\n<p class=\"wp-block-paragraph\"><strong>Otras efem\u00e9rides<\/strong><\/p>\n\n\n\n<p class=\"wp-block-paragraph\">1271.- Kublai Khan, nieto de Gengis Khan, funda oficialmente la dinast\u00eda Yuan y se convierte en el primer emperador mongol de China.<\/p>\n\n\n\n<p class=\"wp-block-paragraph\">1642.- El marino y explorador holand\u00e9s Abel Tasman se convierte en el primer europeo que llega a Nueva Zelanda.<\/p>\n\n\n\n<p class=\"wp-block-paragraph\">1812.- Se celebra el primer Sorteo Extraordinario de Navidad de Loter\u00eda Nacional en C\u00e1diz.<\/p>\n\n\n\n<p class=\"wp-block-paragraph\">1859.- El sacerdote cat\u00f3lico Don Juan Bosco funda la Congregaci\u00f3n Salesiana en la localidad italiana de Tur\u00edn.<\/p>\n\n\n\n<p class=\"wp-block-paragraph\">1892.- El cascanueces, uno de los mejores ballets cl\u00e1sicos de la historia, se estrena en San Petersburgo con m\u00fasica del compositor ruso Piotr Tchaikovski.<\/p>\n\n\n\n<p class=\"wp-block-paragraph\">1913.- El Gobierno espa\u00f1ol aprueba el Real Decreto sobre descentralizaci\u00f3n administrativa y mancomunidades provinciales.<\/p>\n\n\n\n<p class=\"wp-block-paragraph\">1923.- Se firma el Estatuto de T\u00e1nger, acuerdo por el que la ciudad marroqu\u00ed se convert\u00eda en un protectorado controlado conjuntamente por las autoridades espa\u00f1olas, francesas y brit\u00e1nicas.<\/p>\n\n\n\n<p class=\"wp-block-paragraph\">1940.- El dictador alem\u00e1n Adolf Hitler, en el marco de la segunda Guerra Mundial, autoriza la \u00abOperaci\u00f3n Barbarroja\u00bb, la primera orden operativa para invadir la Uni\u00f3n Sovi\u00e9tica.<\/p>\n\n\n\n<p class=\"wp-block-paragraph\">1958.- Estados Unidos pone en \u00f3rbita el SCORE, considerado el primer sat\u00e9lite de comunicaciones de la Historia.<\/p>\n\n\n\n<p class=\"wp-block-paragraph\">1966.- El astr\u00f3nomo Richard L. Walker descubre Epimeteo, uno de los sat\u00e9lites del planeta Saturno, el segundo m\u00e1s grande del Sistema Solar.<\/p>\n\n\n\n<p class=\"wp-block-paragraph\">1968.- Una resoluci\u00f3n de la ONU solicita al Reino Unido que ponga fin a la situaci\u00f3n colonial de Gibraltar por ser contraria a los principios de la Carta de las Naciones Unidas.<\/p>\n\n\n\n<p class=\"wp-block-paragraph\">1969.- Reino Unido aprueba en la C\u00e1mara de los Lores la abolici\u00f3n de la pena de muerte por delito de asesinato.<\/p>\n\n\n\n<p class=\"wp-block-paragraph\">1973.- La nave espacial tripulada sovi\u00e9tica \u00abSoyuz XIII\u00bb es lanzada desde el cosm\u00f3dromo de Baikonur.<\/p>\n\n\n\n<p class=\"wp-block-paragraph\">1981.- Un Real Decreto hace p\u00fablico el modelo oficial del escudo de Espa\u00f1a.<\/p>\n\n\n\n<p class=\"wp-block-paragraph\">1987.- El primer videojuego de rol de la saga \u00abFinal Fantasy\u00bb, obra de Hironobu Sakaguchi, sale al mercado japon\u00e9s.<\/p>\n\n\n\n<p class=\"wp-block-paragraph\">1997.- Jap\u00f3n inaugura la autopista bajo el mar m\u00e1s larga del mundo que une las ciudades de Kawasaki y Kizarasu a trav\u00e9s de la bah\u00eda de Tokio.<\/p>\n\n\n\n<p class=\"wp-block-paragraph\">2007.- El Ej\u00e9rcito israel\u00ed mata al m\u00e1ximo dirigente del brazo armado de la Yihad Isl\u00e1mica Majed Harazin en un ataque a\u00e9reo en Gaza.<\/p>\n\n\n\n<p class=\"wp-block-paragraph\">2008.- La Justicia marroqu\u00ed condena a 20 a\u00f1os de prisi\u00f3n a Abdelilah Hriz por su participaci\u00f3n en los atentados del 11 de marzo de 2004 en Madrid.<\/p>\n\n\n\n<p class=\"wp-block-paragraph\">2010.- Se inaugura oficialmente la l\u00ednea ferroviaria de alta velocidad (AVE) entre Madrid y Valencia.<\/p>\n\n\n\n<p class=\"wp-block-paragraph\">2018.- El primer ministro belga, Charles Michel, dimite a consecuencia de la ruptura del pacto de gobierno con los independentistas flamencos.<\/p>\n\n\n\n<p class=\"wp-block-paragraph\">2019.- Donald Trump se convierte en el tercer presidente de EEUU por decisi\u00f3n de la C\u00e1mara de Representantes que se enfrentar\u00e1 en el Senado a un juicio pol\u00edtico (\u00abimpeachment\u00bb) por abuso de poder y obstrucci\u00f3n al Congreso.<\/p>\n\n\n\n<p class=\"wp-block-paragraph\">2020.- 344 estudiantes de secundaria raptados en Nigeria por el grupo terrorista Boko Haram regresan a sus casas, tras seis d\u00edas de cautiverio.<\/p>\n\n\n\n<p class=\"wp-block-paragraph\">2022.- Argentina gana la Copa Mundial de f\u00fatbol al vencer a Francia, con Messi como Bal\u00f3n de Oro.<\/p>\n\n\n\n<p class=\"wp-block-paragraph\">2023.- El Vaticano acepta la bendici\u00f3n de parejas homosexuales sin considerarlas matrimonio.<\/p>\n\n\n\n<p class=\"wp-block-paragraph\">2023.- La Uni\u00f3n Internacional para la Conservaci\u00f3n de la Naturaleza (UICN) excluye por mala gesti\u00f3n a Do\u00f1ana de su Lista Verde en la que fue incluida en 2015.<\/p>\n\n\n\n<p class=\"wp-block-paragraph\"><strong>Nacimientos<\/strong><\/p>\n\n\n\n<p class=\"wp-block-paragraph\">1879.- Paul Klee, pintor suizo.<\/p>\n\n\n\n<p class=\"wp-block-paragraph\">1890.- Edwin Armstrong, inventor estadounidense que desarroll\u00f3 la radiodifusi\u00f3n por modulaci\u00f3n de frecuencia.<\/p>\n\n\n\n<p class=\"wp-block-paragraph\">1902.- Paco Mart\u00ednez Soria, actor espa\u00f1ol.<\/p>\n\n\n\n<p class=\"wp-block-paragraph\">1911.- Jules Dassin, cineasta estadounidense.<\/p>\n\n\n\n<p class=\"wp-block-paragraph\">1913.- \u00abWilly Brandt\u00bb (Herbert Frahm), pol\u00edtico alem\u00e1n.<\/p>\n\n\n\n<p class=\"wp-block-paragraph\">1926.- Antonio Lamela, arquitecto espa\u00f1ol.<\/p>\n\n\n\n<p class=\"wp-block-paragraph\">1930.- Jes\u00fas Puente, actor espa\u00f1ol.<\/p>\n\n\n\n<p class=\"wp-block-paragraph\">1938.- Bryan James \u00abChas\u00bb Chandler, m\u00fasico brit\u00e1nico, bajista de The Animals.<\/p>\n\n\n\n<p class=\"wp-block-paragraph\">1943.- Keith Richards, m\u00fasico brit\u00e1nico, guitarra de los \u00abRolling Stones\u00bb.<\/p>\n\n\n\n<p class=\"wp-block-paragraph\">1946.- Steven Spielberg, director y productor cinematogr\u00e1fico estadounidense.<\/p>\n\n\n\n<p class=\"wp-block-paragraph\">1953.- Elliot Easton (Elliot Steinberg), m\u00fasico estadounidense, guitarra de The Cars.<\/p>\n\n\n\n<p class=\"wp-block-paragraph\">1959.- Maria Escario, periodista espa\u00f1ola.<\/p>\n\n\n\n<p class=\"wp-block-paragraph\">1963.- Brad Pitt, actor estadounidense.<\/p>\n\n\n\n<p class=\"wp-block-paragraph\">1968.- Alejandro Sanz, cantante espa\u00f1ol.<\/p>\n\n\n\n<p class=\"wp-block-paragraph\">1969.- Santiago Ca\u00f1izares. futbolista espa\u00f1ol.<\/p>\n\n\n\n<p class=\"wp-block-paragraph\">1971.- Arancha S\u00e1nchez Vicario, tenista espa\u00f1ola.<\/p>\n\n\n\n<p class=\"wp-block-paragraph\">1978.- Katie Holmes, actriz estadounidense.<\/p>\n\n\n\n<p class=\"wp-block-paragraph\">1980.- Christina Aguilera, cantante y actriz estadounidense.<\/p>\n\n\n\n<p class=\"wp-block-paragraph\">1989.- Ashley Benson, modelo y actriz estadounidense.<\/p>\n\n\n\n<p class=\"wp-block-paragraph\">1992.- Bridgit Mendler, actriz y cantante estadounidense.<\/p>\n\n\n\n<p class=\"wp-block-paragraph\">2001.- Billie Eilish, cantante estadounidense.<\/p>\n\n\n\n<p class=\"wp-block-paragraph\"><strong>Defunciones<\/strong><\/p>\n\n\n\n<p class=\"wp-block-paragraph\">1737.- Antonio Stradivari, violinista italiano.<\/p>\n\n\n\n<p class=\"wp-block-paragraph\">1803.- Johann Gottfried Herder, fil\u00f3sofo, te\u00f3logo y poeta alem\u00e1n.<\/p>\n\n\n\n<p class=\"wp-block-paragraph\">1829.- Jean-Baptiste Lamarck, bot\u00e1nico y zo\u00f3logo franc\u00e9s.<\/p>\n\n\n\n<p class=\"wp-block-paragraph\">1883.- Francisco M\u00e9ndez \u00c1lvaro, m\u00e9dico, escritor y pol\u00edtico espa\u00f1ol.<\/p>\n\n\n\n<p class=\"wp-block-paragraph\">1936.- Leopoldo Torres Quevedo, ingeniero e inventor espa\u00f1ol.<\/p>\n\n\n\n<p class=\"wp-block-paragraph\">1932.- Eduard Bernstein, pol\u00edtico alem\u00e1n.<\/p>\n\n\n\n<p class=\"wp-block-paragraph\">1971.- Diana Lynn, actriz estadounidense.<\/p>\n\n\n\n<p class=\"wp-block-paragraph\">1990.- Anne Revere, actriz estadounidense.<\/p>\n\n\n\n<p class=\"wp-block-paragraph\">1993.- Francisco Rojas Villegas, m\u00e9dico y pol\u00edtico chileno.<\/p>\n\n\n\n<p class=\"wp-block-paragraph\">1999.- Robert Bresson, director de cine franc\u00e9s.<\/p>\n\n\n\n<p class=\"wp-block-paragraph\">2000.- Kirsty MacColl, cantautora brit\u00e1nica.<\/p>\n\n\n\n<p class=\"wp-block-paragraph\">2001.- Gilbert B\u00e9caud, cantante franc\u00e9s.<\/p>\n\n\n\n<p class=\"wp-block-paragraph\">2005.- Ricardo Utrilla, periodista, expresidente de la Agencia EFE.<\/p>\n\n\n\n<p class=\"wp-block-paragraph\">2006.- Joseph Barbera, dibujante estadounidense.<\/p>\n\n\n\n<p class=\"wp-block-paragraph\">2008.- Mark Felt, exsubdirector del FBI y \u00abgarganta profunda\u00bb en el \u00abcaso Watergate\u00bb.<\/p>\n\n\n\n<p class=\"wp-block-paragraph\">2011.- Vaclav Havel, expresidente checo.<\/p>\n\n\n\n<p class=\"wp-block-paragraph\">2013.- Ronnie Biggs, ladr\u00f3n brit\u00e1nico, protagonista del asalto al tren de Glasgow.<\/p>\n\n\n\n<p class=\"wp-block-paragraph\">2014.- Virna Lisi, actriz italiana.<\/p>\n\n\n\n<p class=\"wp-block-paragraph\">2016.- Zsa Zsa Gabor, actriz h\u00fangara con nacionalidad estadounidense.<\/p>\n\n\n\n<p class=\"wp-block-paragraph\">2017.- Kim Jong-hyun, cantante surcoreano.<\/p>\n\n\n\n<p class=\"wp-block-paragraph\">2018.- Mar\u00eda Jes\u00fas Rosa, primera espa\u00f1ola campeona del mundo de boxeo.<\/p>\n\n\n\n<p class=\"wp-block-paragraph\">2019.- Patxi Andi\u00f3n, cantante espa\u00f1ol.<\/p>\n\n\n\n<p class=\"wp-block-paragraph\">2020.- Jos\u00e9 Vicente Rangel, abogado, hist\u00f3rico pol\u00edtico de la izquierda de Venezuela.<\/p>\n\n\n\n<p class=\"wp-block-paragraph\">2021.- Richard Rogers, arquitecto italo-brit\u00e1nico, premio Pritzker y autor de la T4 del aeropuerto de Madrid.<\/p>\n","protected":false},"excerpt":{"rendered":"<p>Un d\u00eda 18 de diciembre como hoy, pero de 1908, el bi\u00f3logo austriaco Karl Landsteiner (1868-1943) y su ayudante Erwin Popper anuncian en Viena el descubrimiento del origen viral de la poliomielitis. Otras efem\u00e9rides 1271.- Kublai Khan, nieto de Gengis Khan, funda oficialmente la dinast\u00eda Yuan y se convierte en el primer emperador mongol de [&hellip;]<\/p>\n","protected":false},"author":6,"featured_media":74491,"comment_status":"closed","ping_status":"closed","sticky":false,"template":"","format":"standard","meta":{"_acf_changed":false,"_monsterinsights_skip_tracking":false,"slim_seo":{"title":"Efem\u00e9rides 18 de diciembre | Un d\u00eda como hoy en la historia... - Opini\u00f3n P\u00fablica","description":"Un d\u00eda 18 de diciembre como hoy, pero de 1908, el bi\u00f3logo austriaco Karl Landsteiner (1868-1943) y su ayudante Erwin Popper anuncian en Viena el descubrimiento"},"footnotes":""},"categories":[27],"tags":[1515,1516,59],"class_list":["post-74489","post","type-post","status-publish","format-standard","has-post-thumbnail","hentry","category-un-dia-como-hoy","tag-efemerides-18-de-diciembre","tag-poliomielitis","tag-un-dia-como-hoy"],"acf":[],"_links":{"self":[{"href":"https:\/\/www.opinionpublica.tv\/portada\/wp-json\/wp\/v2\/posts\/74489","targetHints":{"allow":["GET"]}}],"collection":[{"href":"https:\/\/www.opinionpublica.tv\/portada\/wp-json\/wp\/v2\/posts"}],"about":[{"href":"https:\/\/www.opinionpublica.tv\/portada\/wp-json\/wp\/v2\/types\/post"}],"author":[{"embeddable":true,"href":"https:\/\/www.opinionpublica.tv\/portada\/wp-json\/wp\/v2\/users\/6"}],"replies":[{"embeddable":true,"href":"https:\/\/www.opinionpublica.tv\/portada\/wp-json\/wp\/v2\/comments?post=74489"}],"version-history":[{"count":1,"href":"https:\/\/www.opinionpublica.tv\/portada\/wp-json\/wp\/v2\/posts\/74489\/revisions"}],"predecessor-version":[{"id":74492,"href":"https:\/\/www.opinionpublica.tv\/portada\/wp-json\/wp\/v2\/posts\/74489\/revisions\/74492"}],"wp:featuredmedia":[{"embeddable":true,"href":"https:\/\/www.opinionpublica.tv\/portada\/wp-json\/wp\/v2\/media\/74491"}],"wp:attachment":[{"href":"https:\/\/www.opinionpublica.tv\/portada\/wp-json\/wp\/v2\/media?parent=74489"}],"wp:term":[{"taxonomy":"category","embeddable":true,"href":"https:\/\/www.opinionpublica.tv\/portada\/wp-json\/wp\/v2\/categories?post=74489"},{"taxonomy":"post_tag","embeddable":true,"href":"https:\/\/www.opinionpublica.tv\/portada\/wp-json\/wp\/v2\/tags?post=74489"}],"curies":[{"name":"wp","href":"https:\/\/api.w.org\/{rel}","templated":true}]}}