{"id":74482,"date":"2025-12-18T00:01:00","date_gmt":"2025-12-18T07:01:00","guid":{"rendered":"https:\/\/www.opinionpublica.tv\/portada\/?p=74482"},"modified":"2025-12-17T18:57:54","modified_gmt":"2025-12-18T01:57:54","slug":"invierno-y-depresion-estudios-recientes-confirman-aumento-de-sintomas","status":"publish","type":"post","link":"https:\/\/www.opinionpublica.tv\/portada\/invierno-y-depresion-estudios-recientes-confirman-aumento-de-sintomas\/","title":{"rendered":"Invierno y depresi\u00f3n: estudios recientes confirman aumento de estos s\u00edntomas"},"content":{"rendered":"\n<figure class=\"wp-block-image size-large\"><img fetchpriority=\"high\" decoding=\"async\" width=\"1024\" height=\"576\" src=\"https:\/\/www.opinionpublica.tv\/portada\/wp-content\/uploads\/2025\/12\/Invierno-y-depresion-estudios-recientes-confirman-aumento-de-estos-sintomas-1024x576.webp\" alt=\"Invierno y depresio\u0301n estudios recientes confirman aumento de estos si\u0301ntomas\" class=\"wp-image-74487\" srcset=\"https:\/\/www.opinionpublica.tv\/portada\/wp-content\/uploads\/2025\/12\/Invierno-y-depresion-estudios-recientes-confirman-aumento-de-estos-sintomas-1024x576.webp 1024w, https:\/\/www.opinionpublica.tv\/portada\/wp-content\/uploads\/2025\/12\/Invierno-y-depresion-estudios-recientes-confirman-aumento-de-estos-sintomas-300x169.webp 300w, https:\/\/www.opinionpublica.tv\/portada\/wp-content\/uploads\/2025\/12\/Invierno-y-depresion-estudios-recientes-confirman-aumento-de-estos-sintomas-768x432.webp 768w, https:\/\/www.opinionpublica.tv\/portada\/wp-content\/uploads\/2025\/12\/Invierno-y-depresion-estudios-recientes-confirman-aumento-de-estos-sintomas.webp 1200w\" sizes=\"(max-width: 1024px) 100vw, 1024px\" \/><\/figure>\n\n\n\n<p class=\"wp-block-paragraph\">La llegada del invierno no s\u00f3lo implica bajas temperaturas y menos horas de luz; tambi\u00e9n puede traer consigo un aumento significativo en s\u00edntomas depresivos. Este fen\u00f3meno, conocido como Trastorno Afectivo Estacional (TAE), afecta a millones de personas en el mundo y comienza a recibir especial atenci\u00f3n conforme se acumulan nuevas investigaciones sobre su impacto en la salud mental.<\/p>\n\n\n\n<p class=\"wp-block-paragraph\">De acuerdo con el National Institute of Mental Health (NIMH), la disminuci\u00f3n de luz solar altera la producci\u00f3n de melatonina y serotonina, lo que afecta el estado de \u00e1nimo, los niveles de energ\u00eda y los patrones de sue\u00f1o. Estos cambios pueden detonar tristeza persistente, fatiga, irritabilidad y p\u00e9rdida de inter\u00e9s en actividades cotidianas.<\/p>\n\n\n\n<p class=\"wp-block-paragraph\"><strong>Estudios recientes confirman la tendencia<\/strong><\/p>\n\n\n\n<p class=\"wp-block-paragraph\">Un metaan\u00e1lisis publicado en 2025 en la base de datos PubMed \u2014que analiz\u00f3 a m\u00e1s de 32 mil personas\u2014 revel\u00f3 que alrededor del 5% de la poblaci\u00f3n evaluada cumple criterios cl\u00ednicos de TAE, mientras que un 9.3% presenta s\u00edntomas estacionales moderados.<\/p>\n\n\n\n<p class=\"wp-block-paragraph\">Otra investigaci\u00f3n de 2023, disponible en arXiv, utiliz\u00f3 datos de relojes inteligentes para monitorear durante dos a\u00f1os los h\u00e1bitos de sue\u00f1o, actividad y estado emocional de miles de voluntarios. Los resultados demostraron ritmos circadianos m\u00e1s irregulares durante invierno, menor actividad f\u00edsica y un aumento identificable en s\u00edntomas depresivos.<\/p>\n\n\n\n<p class=\"wp-block-paragraph\"><strong>Acciones recomendadas<\/strong><\/p>\n\n\n\n<p class=\"wp-block-paragraph\">Especialistas en salud mental y organismos como el NIMH sugieren diversas medidas para mitigar los efectos del TAE:<\/p>\n\n\n\n<p class=\"wp-block-paragraph\">Exposici\u00f3n a luz natural durante la ma\u00f1ana<\/p>\n\n\n\n<p class=\"wp-block-paragraph\">Fototerapia con l\u00e1mparas de 10,000 lux durante 20\u201330 minutos<\/p>\n\n\n\n<p class=\"wp-block-paragraph\">Mantener horarios regulares de sue\u00f1o<\/p>\n\n\n\n<p class=\"wp-block-paragraph\">Actividad f\u00edsica constante<\/p>\n\n\n\n<p class=\"wp-block-paragraph\">Socializaci\u00f3n y rutinas estructuradas<\/p>\n\n\n\n<p class=\"wp-block-paragraph\">Consulta con un profesional si los s\u00edntomas se intensifican<\/p>\n\n\n\n<p class=\"wp-block-paragraph\">La fototerapia, en particular, se ha consolidado como una de las herramientas m\u00e1s efectivas para reducir s\u00edntomas en pacientes diagnosticados.<\/p>\n\n\n\n<p class=\"wp-block-paragraph\"><strong>Un llamado a la prevenci\u00f3n<\/strong><\/p>\n\n\n\n<p class=\"wp-block-paragraph\">El invierno no tiene por qu\u00e9 significar un deterioro del bienestar emocional. Con informaci\u00f3n basada en evidencia, h\u00e1bitos saludables y atenci\u00f3n temprana, es posible prevenir y manejar los efectos de la depresi\u00f3n estacional. Adem\u00e1s, difundir esta informaci\u00f3n puede ser clave para que m\u00e1s personas identifiquen los s\u00edntomas y busquen apoyo oportunamente.<\/p>\n\n\n\n<p class=\"wp-block-paragraph\"><em>Con informaci\u00f3n de Exc\u00e9lsior<\/em>.<\/p>\n","protected":false},"excerpt":{"rendered":"<p>La llegada del invierno no s\u00f3lo implica bajas temperaturas y menos horas de luz; tambi\u00e9n puede traer consigo un aumento significativo en s\u00edntomas depresivos. Este fen\u00f3meno, conocido como Trastorno Afectivo Estacional (TAE), afecta a millones de personas en el mundo y comienza a recibir especial atenci\u00f3n conforme se acumulan nuevas investigaciones sobre su impacto en [&hellip;]<\/p>\n","protected":false},"author":6,"featured_media":74487,"comment_status":"closed","ping_status":"closed","sticky":false,"template":"","format":"standard","meta":{"_acf_changed":false,"_monsterinsights_skip_tracking":false,"slim_seo":{"title":"Invierno y depresi\u00f3n: estudios recientes confirman aumento de estos s\u00edntomas - Opini\u00f3n P\u00fablica","description":"La llegada del invierno no s\u00f3lo implica bajas temperaturas y menos horas de luz; tambi\u00e9n puede traer consigo un aumento significativo en s\u00edntomas depresivos. Es"},"footnotes":""},"categories":[3],"tags":[1513,1514,514],"class_list":["post-74482","post","type-post","status-publish","format-standard","has-post-thumbnail","hentry","category-principal","tag-depresion","tag-invierno","tag-salud-mental"],"acf":[],"_links":{"self":[{"href":"https:\/\/www.opinionpublica.tv\/portada\/wp-json\/wp\/v2\/posts\/74482","targetHints":{"allow":["GET"]}}],"collection":[{"href":"https:\/\/www.opinionpublica.tv\/portada\/wp-json\/wp\/v2\/posts"}],"about":[{"href":"https:\/\/www.opinionpublica.tv\/portada\/wp-json\/wp\/v2\/types\/post"}],"author":[{"embeddable":true,"href":"https:\/\/www.opinionpublica.tv\/portada\/wp-json\/wp\/v2\/users\/6"}],"replies":[{"embeddable":true,"href":"https:\/\/www.opinionpublica.tv\/portada\/wp-json\/wp\/v2\/comments?post=74482"}],"version-history":[{"count":4,"href":"https:\/\/www.opinionpublica.tv\/portada\/wp-json\/wp\/v2\/posts\/74482\/revisions"}],"predecessor-version":[{"id":74488,"href":"https:\/\/www.opinionpublica.tv\/portada\/wp-json\/wp\/v2\/posts\/74482\/revisions\/74488"}],"wp:featuredmedia":[{"embeddable":true,"href":"https:\/\/www.opinionpublica.tv\/portada\/wp-json\/wp\/v2\/media\/74487"}],"wp:attachment":[{"href":"https:\/\/www.opinionpublica.tv\/portada\/wp-json\/wp\/v2\/media?parent=74482"}],"wp:term":[{"taxonomy":"category","embeddable":true,"href":"https:\/\/www.opinionpublica.tv\/portada\/wp-json\/wp\/v2\/categories?post=74482"},{"taxonomy":"post_tag","embeddable":true,"href":"https:\/\/www.opinionpublica.tv\/portada\/wp-json\/wp\/v2\/tags?post=74482"}],"curies":[{"name":"wp","href":"https:\/\/api.w.org\/{rel}","templated":true}]}}