{"id":74374,"date":"2025-12-16T00:01:00","date_gmt":"2025-12-16T07:01:00","guid":{"rendered":"https:\/\/www.opinionpublica.tv\/portada\/?p=74374"},"modified":"2025-12-15T16:11:00","modified_gmt":"2025-12-15T23:11:00","slug":"comision-presidencial-finaliza-la-etapa-de-encuestas-sobre-la-nueva-reforma-electoral","status":"publish","type":"post","link":"https:\/\/www.opinionpublica.tv\/portada\/comision-presidencial-finaliza-la-etapa-de-encuestas-sobre-la-nueva-reforma-electoral\/","title":{"rendered":"Comisi\u00f3n presidencial finaliz\u00f3 la etapa de encuestas sobre la nueva reforma electoral"},"content":{"rendered":"\n<figure class=\"wp-block-image size-full\"><img fetchpriority=\"high\" decoding=\"async\" width=\"813\" height=\"542\" src=\"https:\/\/www.opinionpublica.tv\/portada\/wp-content\/uploads\/2025\/12\/Comision-presidencial-finalizo-la-etapa-de-encuestas-sobre-la-nueva-reforma-electoral.jpeg\" alt=\"Comisio\u0301n presidencial finalizo\u0301 la etapa de encuestas sobre la nueva reforma electoral\" class=\"wp-image-74376\" srcset=\"https:\/\/www.opinionpublica.tv\/portada\/wp-content\/uploads\/2025\/12\/Comision-presidencial-finalizo-la-etapa-de-encuestas-sobre-la-nueva-reforma-electoral.jpeg 813w, https:\/\/www.opinionpublica.tv\/portada\/wp-content\/uploads\/2025\/12\/Comision-presidencial-finalizo-la-etapa-de-encuestas-sobre-la-nueva-reforma-electoral-300x200.jpeg 300w, https:\/\/www.opinionpublica.tv\/portada\/wp-content\/uploads\/2025\/12\/Comision-presidencial-finalizo-la-etapa-de-encuestas-sobre-la-nueva-reforma-electoral-768x512.jpeg 768w\" sizes=\"(max-width: 813px) 100vw, 813px\" \/><\/figure>\n\n\n\n<p class=\"wp-block-paragraph\"><em>Ciudad de M\u00e9xico<\/em>.- La comisi\u00f3n presidencial electoral encabezada por Pablo G\u00f3mez \u00c1lvarez tiene en su poder el resultado de las encuestas practicadas semanas atr\u00e1s para conocer el punto de vista de los mexicanos respecto al tipo de reforma electoral que demanda el pa\u00eds en tiempos de los gobiernos de la cuarta transformaci\u00f3n.<\/p>\n\n\n\n<p class=\"wp-block-paragraph\">Aun cuando hace dos meses proyectaron levantar cinco encuestas sobre t\u00f3picos como en democracia, libertades pol\u00edticas, fiscalizaci\u00f3n y justicia electoral &#8211; entre otros temas &#8211;&nbsp; el presidente de la comisi\u00f3n creada por la presidenta de M\u00e9xico, Claudia Sheinbaum detall\u00f3 a Grupo Imagen que se realizaron cuatro ejercicios por casas encuestadoras en distintos puntos del pa\u00eds sobre los mismos temas.<\/p>\n\n\n\n<p class=\"wp-block-paragraph\">Sin embargo, el resultado de cada una de esas encuestas no ser\u00e1 dado a conocer por acuerdo de la comisi\u00f3n presidencial electoral.<\/p>\n\n\n\n<p class=\"wp-block-paragraph\">-\u00bf Ya se llevaron a cabo las cinco encuestas que se anunciaron en septiembre de este a\u00f1o?<\/p>\n\n\n\n<p class=\"wp-block-paragraph\">-S\u00ed, ya se realizaron, pero no las vamos a dar a conocer.<\/p>\n\n\n\n<p class=\"wp-block-paragraph\">-\u00bfHay alguna fecha aproximada para conocer lo que arrojaron esos ejercicios de medici\u00f3n?, se le insisti\u00f3.<\/p>\n\n\n\n<p class=\"wp-block-paragraph\">-No, no hay ninguna fecha, no hemos elaborado la idea de hacer trascender (su contenido); ni siquiera hemos decidido si las vamos a hacer p\u00fablicas.La encuesta es una encuesta para que la comisi\u00f3n est\u00e9 informada de c\u00f3mo est\u00e1n las corrientes de opini\u00f3n, por tema.<\/p>\n\n\n\n<p class=\"wp-block-paragraph\">-\u00bfFueron cinco o hubo necesidad de realizar m\u00e1s?, se le requiri\u00f3.<\/p>\n\n\n\n<p class=\"wp-block-paragraph\">-No, hubo nada m\u00e1s cuatro en paralelo, al mismo tiempo con la misma tecnolog\u00eda; muestras distintas, pero con la misma tecnolog\u00eda y con las mismas preguntas, explic\u00f3 G\u00f3mez \u00c1lvarez en entrevista telef\u00f3nica este domingo.<\/p>\n\n\n\n<p class=\"wp-block-paragraph\">Foros de debates de reforma electoral&nbsp; todav\u00eda no est\u00e1n listos<\/p>\n\n\n\n<p class=\"wp-block-paragraph\">En el caso de la programaci\u00f3n de los foros de debates con actores pol\u00edticos que tambi\u00e9n se anunciaron en septiembre de este a\u00f1o, Pablo G\u00f3mez indic\u00f3 que \u00abno se han podido armar\u00bb debido a que no existe una discrepancia integral respecto al sistema electoral que se requiere.<\/p>\n\n\n\n<p class=\"wp-block-paragraph\">Lo que ha habido hasta este momento son propuestas de \u00abpeque\u00f1as reformas muy puntuales para hacer ciertos ajustes, pero no un planteamiento global\u00bb.<\/p>\n\n\n\n<p class=\"wp-block-paragraph\">Los debates no los hemos podido armar porque para eso necesitamos que participen los que est\u00e1n m\u00e1s confrontados y la verdad que no ha habido confrontaciones, yo no las observo, de puntos de vista; no hay un planteamiento completo de reforma frente a otro u otros sino que se est\u00e1n hablando de aspectos concretos. Ha habido muy pocos planteamientos de car\u00e1cter general.<\/p>\n\n\n\n<p class=\"wp-block-paragraph\">Una vez que el calendario de las audiencias p\u00fablicas en la Ciudad de M\u00e9xico y el interior del pa\u00eds se agot\u00f3 pr\u00e1cticamente, G\u00f3mez \u00c1lvarez aclar\u00f3 que \u00abde ser necesario\u00bb se abrir\u00e1n m\u00e1s fechas a partir del pr\u00f3ximo a\u00f1o debido a que los trabajos de la comisi\u00f3n \u00abno han sido clausurados\u00bb en raz\u00f3n de que todav\u00eda falta por llevarse a cabo una audiencia p\u00fablica m\u00e1s en el estado de Veracruz, la cual fue pospuesta por las inundaciones que se registraron en esa entidad hace semanas. (Exc\u00e9lsior)<\/p>\n","protected":false},"excerpt":{"rendered":"<p>Ciudad de M\u00e9xico.- La comisi\u00f3n presidencial electoral encabezada por Pablo G\u00f3mez \u00c1lvarez tiene en su poder el resultado de las encuestas practicadas semanas atr\u00e1s para conocer el punto de vista de los mexicanos respecto al tipo de reforma electoral que demanda el pa\u00eds en tiempos de los gobiernos de la cuarta transformaci\u00f3n. Aun cuando hace [&hellip;]<\/p>\n","protected":false},"author":6,"featured_media":74376,"comment_status":"closed","ping_status":"closed","sticky":false,"template":"","format":"standard","meta":{"_acf_changed":false,"_monsterinsights_skip_tracking":false,"slim_seo":{"title":"Comisi\u00f3n presidencial finaliz\u00f3 la etapa de encuestas sobre la nueva reforma electoral - Opini\u00f3n P\u00fablica","description":"Ciudad de M\u00e9xico .- La comisi\u00f3n presidencial electoral encabezada por Pablo G\u00f3mez \u00c1lvarez tiene en su poder el resultado de las encuestas practicadas semanas at"},"footnotes":""},"categories":[4],"tags":[499],"class_list":["post-74374","post","type-post","status-publish","format-standard","has-post-thumbnail","hentry","category-pulsopolitico","tag-reforma-electoral"],"acf":[],"_links":{"self":[{"href":"https:\/\/www.opinionpublica.tv\/portada\/wp-json\/wp\/v2\/posts\/74374","targetHints":{"allow":["GET"]}}],"collection":[{"href":"https:\/\/www.opinionpublica.tv\/portada\/wp-json\/wp\/v2\/posts"}],"about":[{"href":"https:\/\/www.opinionpublica.tv\/portada\/wp-json\/wp\/v2\/types\/post"}],"author":[{"embeddable":true,"href":"https:\/\/www.opinionpublica.tv\/portada\/wp-json\/wp\/v2\/users\/6"}],"replies":[{"embeddable":true,"href":"https:\/\/www.opinionpublica.tv\/portada\/wp-json\/wp\/v2\/comments?post=74374"}],"version-history":[{"count":2,"href":"https:\/\/www.opinionpublica.tv\/portada\/wp-json\/wp\/v2\/posts\/74374\/revisions"}],"predecessor-version":[{"id":74378,"href":"https:\/\/www.opinionpublica.tv\/portada\/wp-json\/wp\/v2\/posts\/74374\/revisions\/74378"}],"wp:featuredmedia":[{"embeddable":true,"href":"https:\/\/www.opinionpublica.tv\/portada\/wp-json\/wp\/v2\/media\/74376"}],"wp:attachment":[{"href":"https:\/\/www.opinionpublica.tv\/portada\/wp-json\/wp\/v2\/media?parent=74374"}],"wp:term":[{"taxonomy":"category","embeddable":true,"href":"https:\/\/www.opinionpublica.tv\/portada\/wp-json\/wp\/v2\/categories?post=74374"},{"taxonomy":"post_tag","embeddable":true,"href":"https:\/\/www.opinionpublica.tv\/portada\/wp-json\/wp\/v2\/tags?post=74374"}],"curies":[{"name":"wp","href":"https:\/\/api.w.org\/{rel}","templated":true}]}}