{"id":74362,"date":"2025-12-16T00:01:00","date_gmt":"2025-12-16T07:01:00","guid":{"rendered":"https:\/\/www.opinionpublica.tv\/portada\/?p=74362"},"modified":"2025-12-15T16:02:10","modified_gmt":"2025-12-15T23:02:10","slug":"video-el-ninero-temporada-3-trailer-oficial-estreno-netflix","status":"publish","type":"post","link":"https:\/\/www.opinionpublica.tv\/portada\/video-el-ninero-temporada-3-trailer-oficial-estreno-netflix\/","title":{"rendered":"Video: El Ni\u00f1ero: Temporada 3 | Tr\u00e1iler oficial | Estreno Netflix"},"content":{"rendered":"\n<p class=\"wp-block-paragraph\"><a href=\"https:\/\/www.youtube.com\/@NetflixLATAM\"><\/a><\/p>\n\n\n\n<figure class=\"wp-block-embed is-type-video is-provider-youtube wp-block-embed-youtube wp-embed-aspect-16-9 wp-has-aspect-ratio\"><div class=\"wp-block-embed__wrapper\">\n<iframe title=\"El ni\u00f1ero: Temporada 3 | Tr\u00e1iler oficial | Netflix\" width=\"800\" height=\"450\" src=\"https:\/\/www.youtube.com\/embed\/spLr7W6PIuU?feature=oembed\" frameborder=\"0\" allow=\"accelerometer; autoplay; clipboard-write; encrypted-media; gyroscope; picture-in-picture; web-share\" referrerpolicy=\"strict-origin-when-cross-origin\" allowfullscreen><\/iframe>\n<\/div><\/figure>\n\n\n\n<p class=\"wp-block-paragraph\">Los caminos de Gabriel y Jimena vuelven a cruzarse, con m\u00e1s pasi\u00f3n e intriga de lo que podr\u00edan imaginar.<\/p>\n\n\n\n<p class=\"wp-block-paragraph\">\u00bfLe dar\u00e1n otra oportunidad al amor o lo perder\u00e1n todo?<\/p>\n","protected":false},"excerpt":{"rendered":"<p>Los caminos de Gabriel y Jimena vuelven a cruzarse, con m\u00e1s pasi\u00f3n e intriga de lo que podr\u00edan imaginar. \u00bfLe dar\u00e1n otra oportunidad al amor o lo perder\u00e1n todo?<\/p>\n","protected":false},"author":6,"featured_media":74364,"comment_status":"closed","ping_status":"closed","sticky":false,"template":"","format":"standard","meta":{"_acf_changed":false,"_monsterinsights_skip_tracking":false,"slim_seo":{"title":"Video: El Ni\u00f1ero: Temporada 3 | Tr\u00e1iler oficial | Estreno Netflix - Opini\u00f3n P\u00fablica","description":"https:\/\/youtu.be\/spLr7W6PIuU?si=Eb4hl_JZitd4q7FS Los caminos de Gabriel y Jimena vuelven a cruzarse, con m\u00e1s pasi\u00f3n e intriga de lo que podr\u00edan imaginar. \u00bfLe da"},"footnotes":""},"categories":[2,13,8],"tags":[741],"class_list":["post-74362","post","type-post","status-publish","format-standard","has-post-thumbnail","hentry","category-videos-destacados","category-videos-destacados-contenido","category-videos","tag-netflix"],"acf":[],"_links":{"self":[{"href":"https:\/\/www.opinionpublica.tv\/portada\/wp-json\/wp\/v2\/posts\/74362","targetHints":{"allow":["GET"]}}],"collection":[{"href":"https:\/\/www.opinionpublica.tv\/portada\/wp-json\/wp\/v2\/posts"}],"about":[{"href":"https:\/\/www.opinionpublica.tv\/portada\/wp-json\/wp\/v2\/types\/post"}],"author":[{"embeddable":true,"href":"https:\/\/www.opinionpublica.tv\/portada\/wp-json\/wp\/v2\/users\/6"}],"replies":[{"embeddable":true,"href":"https:\/\/www.opinionpublica.tv\/portada\/wp-json\/wp\/v2\/comments?post=74362"}],"version-history":[{"count":2,"href":"https:\/\/www.opinionpublica.tv\/portada\/wp-json\/wp\/v2\/posts\/74362\/revisions"}],"predecessor-version":[{"id":74366,"href":"https:\/\/www.opinionpublica.tv\/portada\/wp-json\/wp\/v2\/posts\/74362\/revisions\/74366"}],"wp:featuredmedia":[{"embeddable":true,"href":"https:\/\/www.opinionpublica.tv\/portada\/wp-json\/wp\/v2\/media\/74364"}],"wp:attachment":[{"href":"https:\/\/www.opinionpublica.tv\/portada\/wp-json\/wp\/v2\/media?parent=74362"}],"wp:term":[{"taxonomy":"category","embeddable":true,"href":"https:\/\/www.opinionpublica.tv\/portada\/wp-json\/wp\/v2\/categories?post=74362"},{"taxonomy":"post_tag","embeddable":true,"href":"https:\/\/www.opinionpublica.tv\/portada\/wp-json\/wp\/v2\/tags?post=74362"}],"curies":[{"name":"wp","href":"https:\/\/api.w.org\/{rel}","templated":true}]}}