{"id":7430,"date":"2016-11-08T07:00:00","date_gmt":"2016-11-08T06:00:00","guid":{"rendered":"https:\/\/www.opinionpublica.tv\/portada\/2016\/11\/08\/elecciones-en-estados-unidos\/"},"modified":"2016-11-08T07:00:00","modified_gmt":"2016-11-08T06:00:00","slug":"elecciones-en-estados-unidos","status":"publish","type":"post","link":"https:\/\/www.opinionpublica.tv\/portada\/elecciones-en-estados-unidos\/","title":{"rendered":"Elecciones en Estados Unidos"},"content":{"rendered":"<p style=\"text-align: justify;\">Nunca antes en M\u00e9xico hab\u00eda existido tanto inter\u00e9s por unas elecciones presidenciales en los Estados Unidos, pero ahora se ha vuelto un asunto de discusiones, especulaciones, comentarios de caf\u00e9 y noticia del d\u00eda, no nada m\u00e1s en los medios masivos de comunicaci\u00f3n sino en las redes sociales.<\/p>\n<p><!--more--><\/p>\n<p style=\"text-align: justify;\">\u00a0<\/p>\n<p style=\"text-align: justify;\">Ese inter\u00e9s, sin embargo, es m\u00e1s que justificado. Aunque lo m\u00e1s seguro es que dentro de unas horas o minutos, a partir del momento en que estoy escribiendo esta columna, habremos sabido qui\u00e9n gan\u00f3 la contienda. Lo m\u00e1s seguro es que sea Hillary Clinton, para beneficio de los mexicanos, aunque algunos dir\u00edan que do\u00f1a Hillary \u201cno canta mal las rancheras\u201d, respecto de las cosas negativas que puedan presentar para M\u00e9xico. No obstante lo anterior, el escenario es definitivamente distinto, si hubiera ganado Trump. No podemos imaginarnos las repercusiones negativas para M\u00e9xico que ese escenario pudiera causar, sino las consecuencias mundiales nefastas que ello generar\u00eda.<\/p>\n<p style=\"text-align: justify;\">El mensaje que debemos de recibir no solo los mexicanos sino el mundo entero, es que hay algo mal en el sistema pol\u00edtico, econ\u00f3mico y social, no solo de los Estados Unidos, sino del mundo entero, de c\u00f3mo es posible que en pleno Siglo XXI, se presente un fen\u00f3meno muy similar al de Hitler en la Alemania nazi, en 1939, que represent\u00f3 la peor tragedia de p\u00e9rdidas humanas de la historia de la humanidad, acabando con el sistema econ\u00f3mico de m\u00e1s de dos terceras partes del mundo.<\/p>\n<p style=\"text-align: justify;\">Lo que estamos descubriendo del fen\u00f3meno Trump, es un problema grave sist\u00e9mico de la democracia estadounidense, que puede permitir que un orate como Trump llegue a estar en la inmediaciones de tomar el poder de la naci\u00f3n m\u00e1s poderosa del mundo, con el manejo de las claves nucleares secretas para desatar el aniquilamiento de la humanidad por un capricho de un rico loco, terco, visceral, que se despierta una madrugada de malas y desata una hecatombe mundial.<\/p>\n<p style=\"text-align: justify;\">En M\u00e9xico, debemos reflexionar que representamos para la psique de gran parte del pueblo estadounidense, la percepci\u00f3n de que nuestro pueblo se compone de hordas de barbaros del sur, que amenazan su seguridad familiar y econ\u00f3mica, que venimos a cometer toda clase de atrocidades en contra de ellos y les quitamos el pan de la boca, ya sea tomando sus trabajos en Estados Unidos o llev\u00e1ndonos los mismos a nuestro pa\u00eds.<\/p>\n<p style=\"text-align: justify;\">En efecto, una gran parte del pueblo estadounidense reconoce en los mexicanos a un pueblo bueno y amigable, trabajador y responsable, que es aliado y socio de los Estados Unidos. Pero es imprescindible que ambos pueblos el estadounidense y el mexicano, trabajen juntos para eliminar las percepciones falsas que una persona como Trump ha generado con gran \u00e9xito.<\/p>\n<p style=\"text-align: justify;\">Es necesario y urgente tambi\u00e9n, que los Estados Unidos, desarrollen salvaguardas estructurales en su sistema pol\u00edtico que eviten que se repita este fen\u00f3meno.<\/p>\n<p style=\"text-align: justify;\">Lo acontecido manda una se\u00f1al al mundo, sobre lo delicado que es el tener una naci\u00f3n tan dominante y tan endeble en su sistema, que pueda poner en jaque a la humanidad entera, permitiendo que una persona desequilibrada como Trump pueda llegar a dominar al mundo.<\/p>\n<p style=\"text-align: justify;\">El pueblo de Estados Unidos, sus gobernantes y liderazgos deben tomar este fen\u00f3meno, que por fortuna auguro que va a ser derrotado en las elecciones, para hacer una profunda reflexi\u00f3n de qu\u00e9 cosas hay que cambiar en su sistema electoral, y qu\u00e9 hay que hacer didtinto en los sistemas educativos existentes que han permitido que este fen\u00f3meno se incube y crezca de una manera viral.<\/p>\n<p style=\"text-align: justify;\">Para los liderazgos pol\u00edticos y econ\u00f3micos de nuestro pa\u00eds, este fen\u00f3meno nos debe llevar a la reflexi\u00f3n de hacer una gran labor, a profundidad, de acercamiento con el gran pueblo estadounidense, para trabajar juntos en lograr una unificaci\u00f3n de Norteam\u00e9rica, que haga que todos salgamos ganando, que nuestros problemas de inseguridad derivada del tr\u00e1fico de drogas y falta de Estado de Derecho, ocasionados por esta separaci\u00f3n institucional que tenemos en Norteam\u00e9rica que hace de M\u00e9xico un \u00e1rea geogr\u00e1fica de impunidad que incuba grupos de poder no sujetos al orden de un Estado estructurado y poderoso, se solucionen con una labor de uni\u00f3n y colaboraci\u00f3n de nuestras tres naciones norteamericanas.<\/p>\n<p style=\"text-align: justify;\">Esta amenaza que todos sufrimos debe de ser el detonante para tener nuevas conversaciones que nos lleven a visualizar claramente que nuestras separaciones pueden destruirnos, incluyendo al mundo entero.<\/p>\n<p style=\"text-align: justify;\">Debemos de desterrar los discursos de odio, xenof\u00f3bicos, mis\u00f3ginos, homof\u00f3bicos, para entrar en un mundo de amor, perd\u00f3n, comunicaci\u00f3n y comprensi\u00f3n. Impulsemos a nuestros gobiernos a que se comuniquen con sus pueblos y las dem\u00e1s naciones del mundo, empezando por las que se encuentran en sus inmediaciones regionales, como las nuestras en Norteam\u00e9rica.<\/p>\n<p style=\"text-align: justify;\">Nuestros pueblos tienen una gran oportunidad de trabajar juntos aprovech\u00e1ndonos de nuestras mutuas fortalezas, en unidad y solidaridad.<\/p>\n","protected":false},"excerpt":{"rendered":"<p>Nunca antes en M\u00e9xico hab\u00eda existido tanto inter\u00e9s por unas elecciones presidenciales en los Estados Unidos, pero ahora se ha vuelto un asunto de discusiones, especulaciones, comentarios de caf\u00e9 y noticia del d\u00eda, no nada m\u00e1s en los medios masivos de comunicaci\u00f3n sino en las redes sociales.<\/p>\n","protected":false},"author":6,"featured_media":0,"comment_status":"open","ping_status":"open","sticky":false,"template":"","format":"standard","meta":{"_acf_changed":false,"_monsterinsights_skip_tracking":false,"slim_seo":{"title":"Elecciones en Estados Unidos - Opini\u00f3n P\u00fablica","description":"Nunca antes en M\u00e9xico hab\u00eda existido tanto inter\u00e9s por unas elecciones presidenciales en los Estados Unidos, pero ahora se ha vuelto un asunto de discusiones, e"},"footnotes":""},"categories":[17],"tags":[],"class_list":["post-7430","post","type-post","status-publish","format-standard","hentry","category-ultima-instancia"],"acf":[],"_links":{"self":[{"href":"https:\/\/www.opinionpublica.tv\/portada\/wp-json\/wp\/v2\/posts\/7430","targetHints":{"allow":["GET"]}}],"collection":[{"href":"https:\/\/www.opinionpublica.tv\/portada\/wp-json\/wp\/v2\/posts"}],"about":[{"href":"https:\/\/www.opinionpublica.tv\/portada\/wp-json\/wp\/v2\/types\/post"}],"author":[{"embeddable":true,"href":"https:\/\/www.opinionpublica.tv\/portada\/wp-json\/wp\/v2\/users\/6"}],"replies":[{"embeddable":true,"href":"https:\/\/www.opinionpublica.tv\/portada\/wp-json\/wp\/v2\/comments?post=7430"}],"version-history":[{"count":0,"href":"https:\/\/www.opinionpublica.tv\/portada\/wp-json\/wp\/v2\/posts\/7430\/revisions"}],"wp:attachment":[{"href":"https:\/\/www.opinionpublica.tv\/portada\/wp-json\/wp\/v2\/media?parent=7430"}],"wp:term":[{"taxonomy":"category","embeddable":true,"href":"https:\/\/www.opinionpublica.tv\/portada\/wp-json\/wp\/v2\/categories?post=7430"},{"taxonomy":"post_tag","embeddable":true,"href":"https:\/\/www.opinionpublica.tv\/portada\/wp-json\/wp\/v2\/tags?post=7430"}],"curies":[{"name":"wp","href":"https:\/\/api.w.org\/{rel}","templated":true}]}}