{"id":743,"date":"2016-07-25T06:00:00","date_gmt":"2016-07-25T04:00:00","guid":{"rendered":"https:\/\/www.opinionpublica.tv\/portada\/2016\/07\/25\/verizon-se-quedara-con-yahoo\/"},"modified":"2016-07-25T06:00:00","modified_gmt":"2016-07-25T04:00:00","slug":"verizon-se-quedara-con-yahoo","status":"publish","type":"post","link":"https:\/\/www.opinionpublica.tv\/portada\/verizon-se-quedara-con-yahoo\/","title":{"rendered":"Verizon se quedar\u00e1 con Yahoo!"},"content":{"rendered":"<p><img fetchpriority=\"high\" decoding=\"async\" class=\" size-full wp-image-742\" src=\"https:\/\/www.opinionpublica.tv\/portada\/wp-content\/uploads\/2016\/07\/0e0e83a31054e8919990f9e9c3a6da47.jpg\" alt=\"\" width=\"680\" height=\"510\" srcset=\"https:\/\/www.opinionpublica.tv\/portada\/wp-content\/uploads\/2016\/07\/0e0e83a31054e8919990f9e9c3a6da47.jpg 680w, https:\/\/www.opinionpublica.tv\/portada\/wp-content\/uploads\/2016\/07\/0e0e83a31054e8919990f9e9c3a6da47-300x225.jpg 300w\" sizes=\"(max-width: 680px) 100vw, 680px\" \/><\/p>\n<p style=\"text-align: justify;\">Verizon Communications anunciar\u00e1 en las pr\u00f3ximas horas un acuerdo para comprar al portal de noticias pionero de internet\u00a0 Yahoo! por unos 4.8 mil millones de d\u00f3lares, informaron las agencias de noticias AP y Reuters, el portal especializado en tecnolog\u00eda Recode, el servicio Bloomberg y la versi\u00f3n electr\u00f3nica de la revista <em>Fortune<\/em>.<\/p>\n<p style=\"text-align: justify;\">Todos esos medios citaron como fuente a una persona familiarizada con las negociaciones y agregaron que\u00a0 el anuncio tendr\u00e1 lugar antes de la apertura de los negocios en Nueva York, agreg\u00f3 la fuente.<\/p>\n<p style=\"text-align: justify;\">De acuerdo con Reuters, el convenio pondr\u00e1 fin a meses de incertidumbre sobre el futuro de Yahoo! despu\u00e9s de que la empresa anunci\u00f3 en febrero planes para revisar alternativas estrat\u00e9gicas.<\/p>\n<p style=\"text-align: justify;\">Bloomberg inform\u00f3 primero que el acuerdo ser\u00e1 anunciado el lunes y que ascender\u00e1 a 4,800 millones de d\u00f3lares.<\/p>\n<p style=\"text-align: justify;\">De concretarse la venta, agreg\u00f3 esa fuente, ser\u00e1 un hecho hist\u00f3rico para el mundo de la tecnolog\u00eda.<\/p>\n","protected":false},"excerpt":{"rendered":"<p>Verizon Communications anunciar\u00e1 en las pr\u00f3ximas horas un acuerdo para comprar al portal de noticias pionero de internet\u00a0 Yahoo! por unos 4.8 mil millones de d\u00f3lares, informaron las agencias de noticias AP y Reuters, el portal especializado en tecnolog\u00eda Recode, el servicio Bloomberg y la versi\u00f3n electr\u00f3nica de la revista Fortune. Todos esos medios citaron [&hellip;]<\/p>\n","protected":false},"author":1,"featured_media":742,"comment_status":"open","ping_status":"open","sticky":false,"template":"","format":"standard","meta":{"_acf_changed":false,"_monsterinsights_skip_tracking":false,"slim_seo":{"title":"Verizon se quedar\u00e1 con Yahoo! - Opini\u00f3n P\u00fablica","description":"Verizon Communications anunciar\u00e1 en las pr\u00f3ximas horas un acuerdo para comprar al portal de noticias pionero de internet\u00a0 Yahoo! por unos 4.8 mil millones de d\u00f3"},"footnotes":""},"categories":[22],"tags":[],"class_list":["post-743","post","type-post","status-publish","format-standard","has-post-thumbnail","hentry","category-ciencia-y-tecnologia"],"acf":[],"_links":{"self":[{"href":"https:\/\/www.opinionpublica.tv\/portada\/wp-json\/wp\/v2\/posts\/743","targetHints":{"allow":["GET"]}}],"collection":[{"href":"https:\/\/www.opinionpublica.tv\/portada\/wp-json\/wp\/v2\/posts"}],"about":[{"href":"https:\/\/www.opinionpublica.tv\/portada\/wp-json\/wp\/v2\/types\/post"}],"author":[{"embeddable":true,"href":"https:\/\/www.opinionpublica.tv\/portada\/wp-json\/wp\/v2\/users\/1"}],"replies":[{"embeddable":true,"href":"https:\/\/www.opinionpublica.tv\/portada\/wp-json\/wp\/v2\/comments?post=743"}],"version-history":[{"count":0,"href":"https:\/\/www.opinionpublica.tv\/portada\/wp-json\/wp\/v2\/posts\/743\/revisions"}],"wp:featuredmedia":[{"embeddable":true,"href":"https:\/\/www.opinionpublica.tv\/portada\/wp-json\/wp\/v2\/media\/742"}],"wp:attachment":[{"href":"https:\/\/www.opinionpublica.tv\/portada\/wp-json\/wp\/v2\/media?parent=743"}],"wp:term":[{"taxonomy":"category","embeddable":true,"href":"https:\/\/www.opinionpublica.tv\/portada\/wp-json\/wp\/v2\/categories?post=743"},{"taxonomy":"post_tag","embeddable":true,"href":"https:\/\/www.opinionpublica.tv\/portada\/wp-json\/wp\/v2\/tags?post=743"}],"curies":[{"name":"wp","href":"https:\/\/api.w.org\/{rel}","templated":true}]}}