{"id":74226,"date":"2025-12-15T00:01:00","date_gmt":"2025-12-15T07:01:00","guid":{"rendered":"https:\/\/www.opinionpublica.tv\/portada\/?p=74226"},"modified":"2025-12-13T18:18:24","modified_gmt":"2025-12-14T01:18:24","slug":"efemerides-15-de-diciembre-un-dia-como-hoy-en-la-historia","status":"publish","type":"post","link":"https:\/\/www.opinionpublica.tv\/portada\/efemerides-15-de-diciembre-un-dia-como-hoy-en-la-historia\/","title":{"rendered":"Efem\u00e9rides 15 de diciembre | Un d\u00eda como hoy en la historia&#8230;"},"content":{"rendered":"\n<p><em>Un d\u00eda 15 de diciembre como hoy, pero de 1927, el aviador estadounidense Charles Lindbergh vuela sin escalas de Washington a M\u00e9xico en 26 horas<\/em>.<\/p>\n\n\n\n<figure class=\"wp-block-image size-large\"><img fetchpriority=\"high\" decoding=\"async\" width=\"1024\" height=\"576\" src=\"https:\/\/www.opinionpublica.tv\/portada\/wp-content\/uploads\/2025\/12\/1927-el-aviador-estadounidense-Charles-Lindbergh-vuela-sin-escalas-de-Washington-a-Mexico-en-26-horas-1024x576.webp\" alt=\"1927, el aviador estadounidense charles lindbergh vuela sin escalas de washington a me\u0301xico en 26 horas\" class=\"wp-image-74227\" srcset=\"https:\/\/www.opinionpublica.tv\/portada\/wp-content\/uploads\/2025\/12\/1927-el-aviador-estadounidense-Charles-Lindbergh-vuela-sin-escalas-de-Washington-a-Mexico-en-26-horas-1024x576.webp 1024w, https:\/\/www.opinionpublica.tv\/portada\/wp-content\/uploads\/2025\/12\/1927-el-aviador-estadounidense-Charles-Lindbergh-vuela-sin-escalas-de-Washington-a-Mexico-en-26-horas-300x169.webp 300w, https:\/\/www.opinionpublica.tv\/portada\/wp-content\/uploads\/2025\/12\/1927-el-aviador-estadounidense-Charles-Lindbergh-vuela-sin-escalas-de-Washington-a-Mexico-en-26-horas-768x432.webp 768w, https:\/\/www.opinionpublica.tv\/portada\/wp-content\/uploads\/2025\/12\/1927-el-aviador-estadounidense-Charles-Lindbergh-vuela-sin-escalas-de-Washington-a-Mexico-en-26-horas.webp 1200w\" sizes=\"(max-width: 1024px) 100vw, 1024px\" \/><\/figure>\n\n\n\n<p><strong>Otras efem\u00e9rides<\/strong><\/p>\n\n\n\n<p>1791.- Se adoptan las primeras diez enmiendas de la Constituci\u00f3n de Estados Unidos, que constituyen la conocida como \u00abBill of Rights\u00bb (Declaraci\u00f3n de Derechos).<\/p>\n\n\n\n<p>1792.- Revoluci\u00f3n francesa. El rey Luis XVI, prisionero de los revolucionarios, redacta su testamento en la torre de Temple, de donde saldr\u00eda hacia el cadalso.<\/p>\n\n\n\n<p>1881.- Queda terminado el \u00faltimo tramo del ferrocarril \u00abMissouri Pacific\u00bb, entre Saint Louis (EE.UU) y M\u00e9xico.<\/p>\n\n\n\n<p>1916.- Inauguraci\u00f3n en Buenos Aires del actual edificio de la Bolsa.<\/p>\n\n\n\n<p>1918.- Asesinato del presidente portugu\u00e9s Sidonio Paes.<\/p>\n\n\n\n<p>1939.- Se estrena en Atlanta (Estados Unidos) la pel\u00edcula \u00abLo que el viento se llev\u00f3\u00bb<\/p>\n\n\n\n<p>1960.- El rey Balduino de B\u00e9lgica contrae matrimonio con la espa\u00f1ola Fabiola de Mora y Arag\u00f3n.<\/p>\n\n\n\n<p>1961.- Adolf Eichman es condenado a muerte por un tribunal de Jerusal\u00e9n, tras un juicio en el que fue acusado de genocidio a la raza jud\u00eda.<\/p>\n\n\n\n<p>1972.- Brian May, guitarrista de la banda de rock brit\u00e1nica Queen y astrof\u00edsico de formaci\u00f3n, publica en la revista Nature el primer art\u00edculo de su tesis doctoral basada en el polvo interestelar.<\/p>\n\n\n\n<p>1976.- Aprobada en refer\u00e9ndum la Ley de Reforma Pol\u00edtica, que abri\u00f3 el camino a la democracia en Espa\u00f1a.<\/p>\n\n\n\n<p>1993.- Los 117 pa\u00edses miembros del GATT aprueban por unanimidad, tras siete a\u00f1os de negociaciones multilaterales, el acta final de la Ronda Uruguay, un hist\u00f3rico acuerdo comercial.<\/p>\n\n\n\n<p>1995.- Los quince miembros de la Uni\u00f3n Europea aprueban en Madrid la creaci\u00f3n del \u00abeuro\u00bb, la moneda \u00fanica europea.<\/p>\n\n\n\n<p>2000.- Ucrania cierra oficialmente la central nuclear de Chern\u00f3bil, causante de la mayor cat\u00e1strofe at\u00f3mica de la historia.<\/p>\n\n\n\n<p>2001.- Despu\u00e9s de casi doce a\u00f1os cerrada, la Torre de Pisa vuelve a abrir su acceso al p\u00fablico tras finalizar las obras para asegurarla.<\/p>\n\n\n\n<p>2003.- Las autoridades colombianas detienen a Wilmer Antonio Mar\u00edn, alias \u00abHugo\u00bb, jefe del frente 22 de las FARC, hombre clave de esa guerrilla en el centro del pa\u00eds.<\/p>\n\n\n\n<p>2011.- Jacques Chirac sentenciado a dos a\u00f1os de c\u00e1rcel por un caso de corrupci\u00f3n en su etapa como alcalde de Par\u00eds, se convierte en el primer ex presidente franc\u00e9s condenado por un tribunal ordinario.<\/p>\n\n\n\n<p>2015.- El Gobierno colombiano y las FARC firman un acuerdo sobre las v\u00edctimas del conflicto.<\/p>\n\n\n\n<p>2016.- El Banco Central de Venezuela (BCV) fija l\u00edmites de dinero en moneda nacional para salir y entrar del pa\u00eds.<\/p>\n\n\n\n<p>2020.- La Comisi\u00f3n Europea presenta dos leyes de mercados y servicios digitales para limitar el abuso dominante en el mercado de las grandes plataformas tecnol\u00f3gicas.<\/p>\n\n\n\n<p>2021.- EEUU ofrece recompensas millonarias por los hijos del narcotraficante mexicano \u00abChapo\u00bb Guzm\u00e1n.<\/p>\n\n\n\n<p><strong>Nacimientos<\/strong><\/p>\n\n\n\n<p>1832.- Gustavo Eiffel, ingeniero franc\u00e9s.<\/p>\n\n\n\n<p>1852.- Antoine Henri Becquerel, f\u00edsico franc\u00e9s (Premio Nobel 1903).<\/p>\n\n\n\n<p>1907.- Oscar Niemeyer, arquitecto brasile\u00f1o.<\/p>\n\n\n\n<p>1944.- Francisco Alves Mendes Filho, \u00abChico Mendes\u00bb, activista medioambiental brasile\u00f1o asesinado en 1988.<\/p>\n\n\n\n<p>1949.- Don Johnson, actor estadounidense.<\/p>\n\n\n\n<p>1961.- Paula Molina, actriz espa\u00f1ola.<\/p>\n\n\n\n<p>1972.- Manuel \u00abSete\u00bb Gibernau, piloto de motociclismo.<\/p>\n\n\n\n<p>1986.- Keylor Navas, jugador de f\u00fatbol costarricense.<\/p>\n\n\n\n<p>1995.- Jahlil Okafor, baloncestista estadounidense.<\/p>\n\n\n\n<p><strong>Defunciones<\/strong><\/p>\n\n\n\n<p>1944.- Glenn Miller, m\u00fasico estadounidense.<\/p>\n\n\n\n<p>1962.- Charles Laughton, actor ingl\u00e9s.<\/p>\n\n\n\n<p>1966.- Walt Disney, dibujante y cineasta estadounidense.<\/p>\n\n\n\n<p>2003.- Margarita Aguirre, escritora y cr\u00edtica chilena.<\/p>\n\n\n\n<p>2005.- Juli\u00e1n Mar\u00edas, fil\u00f3sofo, soci\u00f3logo y escritor espa\u00f1ol.<\/p>\n\n\n\n<p>2006.- Clay Regazzoni, ex piloto suizo de F\u00f3rmula 1.<\/p>\n\n\n\n<p>2007.- Philip Agee, ex agente estadounidense de la CIA.<\/p>\n\n\n\n<p>2008.- Le\u00f3n Febres Cordero, ex presidente de Ecuador.<\/p>\n\n\n\n<p>2010.- Blake Edwards, cineasta estadounidense.<\/p>\n\n\n\n<p>2013.- Joan Fontaine, actriz estadounidense<\/p>\n\n\n\n<p>2021.- Gloria Jean Watkins, conocida como \u00abbell hooks\u00bb, escritora y activista feminista estadounidense.<\/p>\n","protected":false},"excerpt":{"rendered":"<p>Un d\u00eda 15 de diciembre como hoy, pero de 1927, el aviador estadounidense Charles Lindbergh vuela sin escalas de Washington a M\u00e9xico en 26 horas. Otras efem\u00e9rides 1791.- Se adoptan las primeras diez enmiendas de la Constituci\u00f3n de Estados Unidos, que constituyen la conocida como \u00abBill of Rights\u00bb (Declaraci\u00f3n de Derechos). 1792.- Revoluci\u00f3n francesa. El [&hellip;]<\/p>\n","protected":false},"author":6,"featured_media":74227,"comment_status":"closed","ping_status":"closed","sticky":false,"template":"","format":"standard","meta":{"_acf_changed":false,"_monsterinsights_skip_tracking":false,"_monsterinsights_sitenote_active":false,"_monsterinsights_sitenote_note":"","_monsterinsights_sitenote_category":0,"slim_seo":{"title":"Efem\u00e9rides 15 de diciembre | Un d\u00eda como hoy en la historia... - Opini\u00f3n P\u00fablica","description":"Un d\u00eda 15 de diciembre como hoy, pero de 1927, el aviador estadounidense Charles Lindbergh vuela sin escalas de Washington a M\u00e9xico en 26 horas . Otras efem\u00e9rid"},"footnotes":""},"categories":[27],"tags":[1479,1478,59],"class_list":["post-74226","post","type-post","status-publish","format-standard","has-post-thumbnail","hentry","category-un-dia-como-hoy","tag-charles-lindbergh","tag-efemerides-15-de-diciembre","tag-un-dia-como-hoy"],"acf":[],"_links":{"self":[{"href":"https:\/\/www.opinionpublica.tv\/portada\/wp-json\/wp\/v2\/posts\/74226","targetHints":{"allow":["GET"]}}],"collection":[{"href":"https:\/\/www.opinionpublica.tv\/portada\/wp-json\/wp\/v2\/posts"}],"about":[{"href":"https:\/\/www.opinionpublica.tv\/portada\/wp-json\/wp\/v2\/types\/post"}],"author":[{"embeddable":true,"href":"https:\/\/www.opinionpublica.tv\/portada\/wp-json\/wp\/v2\/users\/6"}],"replies":[{"embeddable":true,"href":"https:\/\/www.opinionpublica.tv\/portada\/wp-json\/wp\/v2\/comments?post=74226"}],"version-history":[{"count":1,"href":"https:\/\/www.opinionpublica.tv\/portada\/wp-json\/wp\/v2\/posts\/74226\/revisions"}],"predecessor-version":[{"id":74228,"href":"https:\/\/www.opinionpublica.tv\/portada\/wp-json\/wp\/v2\/posts\/74226\/revisions\/74228"}],"wp:featuredmedia":[{"embeddable":true,"href":"https:\/\/www.opinionpublica.tv\/portada\/wp-json\/wp\/v2\/media\/74227"}],"wp:attachment":[{"href":"https:\/\/www.opinionpublica.tv\/portada\/wp-json\/wp\/v2\/media?parent=74226"}],"wp:term":[{"taxonomy":"category","embeddable":true,"href":"https:\/\/www.opinionpublica.tv\/portada\/wp-json\/wp\/v2\/categories?post=74226"},{"taxonomy":"post_tag","embeddable":true,"href":"https:\/\/www.opinionpublica.tv\/portada\/wp-json\/wp\/v2\/tags?post=74226"}],"curies":[{"name":"wp","href":"https:\/\/api.w.org\/{rel}","templated":true}]}}