{"id":74164,"date":"2025-12-16T00:01:00","date_gmt":"2025-12-16T07:01:00","guid":{"rendered":"https:\/\/www.opinionpublica.tv\/portada\/?p=74164"},"modified":"2025-12-12T15:52:07","modified_gmt":"2025-12-12T22:52:07","slug":"y-venezuela-que","status":"publish","type":"post","link":"https:\/\/www.opinionpublica.tv\/portada\/y-venezuela-que\/","title":{"rendered":"\u00bfY Venezuela qu\u00e9?"},"content":{"rendered":"\n<h4 class=\"wp-block-heading\">Jorge G. Casta\u00f1eda<\/h4>\n\n\n\n<p class=\"wp-block-paragraph\">___________________________<\/p>\n\n\n\n<p class=\"wp-block-paragraph\">Por muchas razones, la situaci\u00f3n en Venezuela se complica. En primer lugar, desde luego, para los venezolanos; en segundo t\u00e9rmino, para Donald Trump y cualesquiera que sean sus ambiciones con el pa\u00eds petrolero; y en un lejano tercer lugar, para otros pa\u00edses, en particular M\u00e9xico. Todo indica que el statu quo no es sostenible indefinidamente.<\/p>\n\n\n\n<p class=\"wp-block-paragraph\">Varios cambios en los \u00faltimos d\u00edas justifican esta apreciaci\u00f3n. Primero, la exitosa salida de Mar\u00eda Corina Machado de su pa\u00eds para llegar, aunque fuera con un d\u00eda de retraso, a la ceremonia de entrega del premio Nobel de la Paz. Como muchos han sugerido, la decisi\u00f3n de viajar a Europa, y quiz\u00e1 muy pronto a Estados Unidos, encierra riesgos.<\/p>\n\n\n\n<p class=\"wp-block-paragraph\">Puede volverse una nueva Juan Guaid\u00f3: una prestigiada lideresa de oposici\u00f3n que debido al exilio permanente se vuelve irrelevante. Otro es la mayor exposici\u00f3n a los reflectores: en Europa, en Estados Unidos, en Am\u00e9rica Latina, deber\u00e1 enfrentar muchas m\u00e1s interrogantes sobre sus posturas a prop\u00f3sito de una invasi\u00f3n norteamericana, de la naturaleza del narcoestado de la dictadura de Maduro, de su aprobaci\u00f3n de los ataques de Estados Unidos a las supuestas narcolanchas en el Caribe o el Pac\u00edfico. Pero por lo pronto adquiere una presencia y movilidad que no pose\u00eda en Venezuela.<\/p>\n\n\n\n<p class=\"wp-block-paragraph\">El segundo cambio viene de c\u00f3mo se ha intensificado la presi\u00f3n de Washington sobre Caracas. El simple paso del tiempo contribuye a que la presi\u00f3n aumente, pero adem\u00e1s algunos hechos lo demuestran. El ingreso al espacio a\u00e9reo venezolano de un par de cazas estadounidenses fue un paso m\u00e1s en la escalada. La intercepci\u00f3n y toma de un buque petrolero en altamar por parte de la marina norteamericana es otro paso en el mismo sentido.<\/p>\n\n\n\n<p class=\"wp-block-paragraph\">Varios analistas en Washington vaticinaban desde hace meses que ese ser\u00eda uno de los desenlaces de la presencia mar\u00edtima de Estados Unidos frente a las costas de Venezuela. Se trata en este caso de una acci\u00f3n puntual contra un buque tanque que ya hab\u00eda disimulado su localizaci\u00f3n antes y para el cual hay una orden judicial de captura debido al hecho de que transport\u00f3 petr\u00f3leo iran\u00ed sujeto a sanciones por parte de Estados Unidos.<\/p>\n\n\n\n<p class=\"wp-block-paragraph\">Pero la l\u00f3gica de esa presencia mar\u00edtima norteamericana sugiere que no es m\u00e1s que un primer movimiento. De manera constante circulan nav\u00edos cargados de petr\u00f3leo venezolano hacia China, hacia Cuba y hacia algunos otros pocos pa\u00edses. Se puede suponer que cualquiera de estos d\u00edas los Marines intervendr\u00e1n en otra captura, de otra nave, muy posiblemente transportando crudo venezolano a la Habana. Lo cual complicar\u00eda la situaci\u00f3n tanto para Venezuela como para la dictadura castrista.<\/p>\n\n\n\n<p class=\"wp-block-paragraph\">Cada d\u00eda ser\u00e1 m\u00e1s dif\u00edcil para otros pa\u00edses definirse ante la creciente presi\u00f3n de Washington. Aunque hasta ahora no lo ha hecho, se entender\u00eda que la dictadura de Maduro intentara llevar el secuestro del tanquero al Consejo de Seguridad de la ONU, ya que Venezuela ya no es miembro de la OEA. Ah\u00ed, con un proyecto de resoluci\u00f3n bien redactado, no ser\u00eda imposible lograr la abstenci\u00f3n de Francia y del Reino Unido, junto con el apoyo de Rusia y China. Esto obligar\u00eda a Estados Unidos a vetar la resoluci\u00f3n, dej\u00e1ndola sin efecto, pero con un efecto medi\u00e1tico innegable.<\/p>\n\n\n\n<p class=\"wp-block-paragraph\">Asimismo, uno puede esperar que Maduro le insista cada vez con mayor vigor a pa\u00edses como M\u00e9xico, Colombia y Brasil a que tomen su partido y censuren o reprueben la pol\u00edtica de Trump hacia Caracas. Colombia probablemente lo haga: Brasil en menor medida; y M\u00e9xico, por razones evidentes, y a pesar de las simpat\u00edas que la 4T le tenga a la dictadura chavista, mantendr\u00e1 su famosa y lamentable neutralidad, que en este caso es preferible a la solidaridad con la dictadura.<\/p>\n\n\n\n<p class=\"wp-block-paragraph\">Pero los tres pa\u00edses se ver\u00e1n cada vez m\u00e1s aislados en Am\u00e9rica Latina, en particular a partir de las elecciones en Chile el domingo, donde el candidato de extrema derecha Jos\u00e9 Antonio Kast puede conseguir un mandato de hasta 60 % del voto.<\/p>\n\n\n\n<p class=\"wp-block-paragraph\">Todo esto para decir que si bien Estados Unidos puede permitirse el lujo de mantener los enormes recursos navales que ha desplegado en el Caribe durante muchas semanas m\u00e1s \u2013como explicaba un ex consejero de seguridad nacional hace poco\u2013 el costo es el mismo en el Caribe o en el mediterr\u00e1neo: es poco probable que la situaci\u00f3n permanezca sin cambios. Al contrario: alg\u00fan tipo de intervenci\u00f3n se antoja ya inevitable, por criticable que pudiera ser a ojos de algunos.<\/p>\n","protected":false},"excerpt":{"rendered":"<p>Jorge G. Casta\u00f1eda ___________________________ Por muchas razones, la situaci\u00f3n en Venezuela se complica. En primer lugar, desde luego, para los venezolanos; en segundo t\u00e9rmino, para Donald Trump y cualesquiera que sean sus ambiciones con el pa\u00eds petrolero; y en un lejano tercer lugar, para otros pa\u00edses, en particular M\u00e9xico. Todo indica que el statu quo [&hellip;]<\/p>\n","protected":false},"author":6,"featured_media":43385,"comment_status":"closed","ping_status":"closed","sticky":false,"template":"","format":"standard","meta":{"_acf_changed":false,"_monsterinsights_skip_tracking":false,"slim_seo":{"title":"\u00bfY Venezuela qu\u00e9? - Opini\u00f3n P\u00fablica","description":"Jorge G. Casta\u00f1eda ___________________________ Por muchas razones, la situaci\u00f3n en Venezuela se complica. En primer lugar, desde luego, para los venezolanos; en"},"footnotes":""},"categories":[18],"tags":[82],"class_list":["post-74164","post","type-post","status-publish","format-standard","has-post-thumbnail","hentry","category-castaneda-opina","tag-jorge-castaneda"],"acf":[],"_links":{"self":[{"href":"https:\/\/www.opinionpublica.tv\/portada\/wp-json\/wp\/v2\/posts\/74164","targetHints":{"allow":["GET"]}}],"collection":[{"href":"https:\/\/www.opinionpublica.tv\/portada\/wp-json\/wp\/v2\/posts"}],"about":[{"href":"https:\/\/www.opinionpublica.tv\/portada\/wp-json\/wp\/v2\/types\/post"}],"author":[{"embeddable":true,"href":"https:\/\/www.opinionpublica.tv\/portada\/wp-json\/wp\/v2\/users\/6"}],"replies":[{"embeddable":true,"href":"https:\/\/www.opinionpublica.tv\/portada\/wp-json\/wp\/v2\/comments?post=74164"}],"version-history":[{"count":2,"href":"https:\/\/www.opinionpublica.tv\/portada\/wp-json\/wp\/v2\/posts\/74164\/revisions"}],"predecessor-version":[{"id":74166,"href":"https:\/\/www.opinionpublica.tv\/portada\/wp-json\/wp\/v2\/posts\/74164\/revisions\/74166"}],"wp:featuredmedia":[{"embeddable":true,"href":"https:\/\/www.opinionpublica.tv\/portada\/wp-json\/wp\/v2\/media\/43385"}],"wp:attachment":[{"href":"https:\/\/www.opinionpublica.tv\/portada\/wp-json\/wp\/v2\/media?parent=74164"}],"wp:term":[{"taxonomy":"category","embeddable":true,"href":"https:\/\/www.opinionpublica.tv\/portada\/wp-json\/wp\/v2\/categories?post=74164"},{"taxonomy":"post_tag","embeddable":true,"href":"https:\/\/www.opinionpublica.tv\/portada\/wp-json\/wp\/v2\/tags?post=74164"}],"curies":[{"name":"wp","href":"https:\/\/api.w.org\/{rel}","templated":true}]}}