{"id":73965,"date":"2025-12-10T07:09:42","date_gmt":"2025-12-10T14:09:42","guid":{"rendered":"https:\/\/www.opinionpublica.tv\/portada\/?p=73965"},"modified":"2025-12-10T07:09:59","modified_gmt":"2025-12-10T14:09:59","slug":"la-gran-anotacion-empresarial","status":"publish","type":"post","link":"https:\/\/www.opinionpublica.tv\/portada\/la-gran-anotacion-empresarial\/","title":{"rendered":"La gran anotaci\u00f3n empresarial"},"content":{"rendered":"\n<h4 class=\"wp-block-heading\">Ra\u00fal Ruiz<\/h4>\n\n\n\n<p class=\"wp-block-paragraph\">___________________________<\/p>\n\n\n\n<p class=\"wp-block-paragraph\">El gobierno estatal anuncia con bombo y platillo que el impuesto sobre n\u00f3mina subir\u00e1 del 3% al 4%. Una jugada aparentemente t\u00e9cnica, un ajuste de rutina, pero que en realidad es el pase filtrado que los empresarios esperaban desde hace a\u00f1os.<\/p>\n\n\n\n<p class=\"wp-block-paragraph\">Aunque les parezca ins\u00f3lito.<\/p>\n\n\n\n<p class=\"wp-block-paragraph\">Seg\u00fan los c\u00e1lculos oficiales, ese 1% adicional representa nada menos que 2,400 millones de pesos. Y de esa cifra, el 45% se quedar\u00e1 en Ju\u00e1rez, como si la ciudad hubiera ganado un campeonato fiscal.<\/p>\n\n\n\n<p class=\"wp-block-paragraph\">La narrativa es impecable: el dinero no ser\u00e1 administrado por bur\u00f3cratas grises, sino por el sector empresarial y el IMIP, con proyectos definidos a trav\u00e9s del Consejo Coordinador Empresarial (CCE).<\/p>\n\n\n\n<p class=\"wp-block-paragraph\">Esto lo declar\u00f3 ayer el presidente de CANACO, Iv\u00e1n P\u00e9rez en su rueda de prensa semanal.<\/p>\n\n\n\n<p class=\"wp-block-paragraph\">Es decir, los mismos que durante d\u00e9cadas se quejaron de que el gobierno no los escuchaba, ahora tendr\u00e1n la chequera en la mano. El \u00e1rbitro pita y el bal\u00f3n est\u00e1 en su cancha.<\/p>\n\n\n\n<p class=\"wp-block-paragraph\">Los proyectos de la victoria<\/p>\n\n\n\n<p class=\"wp-block-paragraph\">La lista de inversiones parece sacada de un cat\u00e1logo de \u201cmodernizaci\u00f3n empresarial con sabor a pol\u00edtica p\u00fablica\u201d:<\/p>\n\n\n\n<p class=\"wp-block-paragraph\">&#8211; Mejora al transporte p\u00fablico, porque nada dice competitividad como un cami\u00f3n que no se descompone en cada esquina.<\/p>\n\n\n\n<p class=\"wp-block-paragraph\">&#8211; Mantenimiento a los parques industriales, esos templos del capital que ahora recibir\u00e1n cari\u00f1o presupuestal.<\/p>\n\n\n\n<p class=\"wp-block-paragraph\">&#8211; Apoyo financiero al nuevo centro de convenciones, la joya arquitect\u00f3nica que promete ser el estadio donde se juegue el partido de los negocios internacionales.<\/p>\n\n\n\n<p class=\"wp-block-paragraph\">&#8211; Co-financiar la vialidad del transporte pesado hacia Guadalupe-Tornillo, porque hasta los tr\u00e1ileres necesitan su propia autopista para llegar a la porter\u00eda del comercio global.<\/p>\n\n\n\n<p class=\"wp-block-paragraph\">Cada proyecto es presentado como si fuera un gol de media cancha. El discurso oficial suena a narraci\u00f3n deportiva: \u201c\u00a1Y Ju\u00e1rez se pone adelante en el marcador gracias al esfuerzo conjunto de empresarios y gobierno!\u201d<\/p>\n\n\n\n<p class=\"wp-block-paragraph\">El sarcasmo detr\u00e1s del festejo.<\/p>\n\n\n\n<p class=\"wp-block-paragraph\">Lo curioso es que este \u201cgol\u201d empresarial no se logr\u00f3 en la cancha del mercado, sino en el tablero fiscal.<\/p>\n\n\n\n<p class=\"wp-block-paragraph\">Los empresarios, que suelen defender la idea de que menos impuestos significan m\u00e1s competitividad, ahora celebran que un impuesto m\u00e1s alto les d\u00e9 acceso a recursos frescos. Es el equivalente a quejarse del \u00e1rbitro y luego agradecerle por marcar un penalty a favor.<\/p>\n\n\n\n<p class=\"wp-block-paragraph\">La iron\u00eda es deliciosa: el aumento de impuestos, hist\u00f3ricamente visto como un castigo, se convierte en el premio mayor. El bal\u00f3n cruza la l\u00ednea y los empresarios levantan los brazos, como si hubieran ganado la final del Mundial de la N\u00f3mina.<\/p>\n\n\n\n<p class=\"wp-block-paragraph\">Ju\u00e1rez como estadio<\/p>\n\n\n\n<p class=\"wp-block-paragraph\">Que el 45% de esos recursos se quede en Ju\u00e1rez no es un dato menor. La ciudad se convierte en el estadio principal de esta liga fiscal. Aqu\u00ed se decidir\u00e1 c\u00f3mo se invierten los millones, aqu\u00ed se celebrar\u00e1n los goles de infraestructura, aqu\u00ed se aplaudir\u00e1 cada pase de dinero hacia proyectos que, curiosamente, coinciden con las prioridades del sector privado.<\/p>\n\n\n\n<p class=\"wp-block-paragraph\">El CCE ser\u00e1 el director t\u00e9cnico, el IMIP el utilero, y los empresarios los delanteros estrella. El gobierno estatal, mientras tanto, se conforma con ser la porra que anima desde la tribuna.<\/p>\n\n\n\n<p class=\"wp-block-paragraph\">La anotaci\u00f3n que cambia el juego.<\/p>\n\n\n\n<p class=\"wp-block-paragraph\">Al final, lo que queda claro es que los empresarios finalmente consiguieron su anotaci\u00f3n.<\/p>\n\n\n\n<p class=\"wp-block-paragraph\">Despu\u00e9s de a\u00f1os de reclamar que el gobierno no invert\u00eda en transporte, parques industriales o centros de convenciones, ahora tendr\u00e1n la oportunidad de decidir directamente. El aumento del impuesto sobre n\u00f3mina es el pase que les permiti\u00f3 meter el gol.<\/p>\n\n\n\n<p class=\"wp-block-paragraph\">\u00bfQui\u00e9n dir\u00eda que la ruta hacia la victoria empresarial pasaba por subir impuestos? El marcador est\u00e1 4-3, y Ju\u00e1rez celebra como si hubiera ganado la final. El sarcasmo es inevitable: los empresarios, que siempre ped\u00edan menos cargas fiscales, ahora festejan que la carga aumente\u2026 porque esta vez el bal\u00f3n les pertenece.<\/p>\n","protected":false},"excerpt":{"rendered":"<p>Ra\u00fal Ruiz ___________________________ El gobierno estatal anuncia con bombo y platillo que el impuesto sobre n\u00f3mina subir\u00e1 del 3% al 4%. Una jugada aparentemente t\u00e9cnica, un ajuste de rutina, pero que en realidad es el pase filtrado que los empresarios esperaban desde hace a\u00f1os. Aunque les parezca ins\u00f3lito. Seg\u00fan los c\u00e1lculos oficiales, ese 1% adicional [&hellip;]<\/p>\n","protected":false},"author":6,"featured_media":43347,"comment_status":"closed","ping_status":"closed","sticky":false,"template":"","format":"standard","meta":{"_acf_changed":false,"_monsterinsights_skip_tracking":false,"slim_seo":{"title":"La gran anotaci\u00f3n empresarial - Opini\u00f3n P\u00fablica","description":"Ra\u00fal Ruiz ___________________________ El gobierno estatal anuncia con bombo y platillo que el impuesto sobre n\u00f3mina subir\u00e1 del 3% al 4%. Una jugada aparentement"},"footnotes":""},"categories":[21],"tags":[593,789],"class_list":["post-73965","post","type-post","status-publish","format-standard","has-post-thumbnail","hentry","category-cartapacio","tag-cartapacio","tag-raul-ruiz"],"acf":[],"_links":{"self":[{"href":"https:\/\/www.opinionpublica.tv\/portada\/wp-json\/wp\/v2\/posts\/73965","targetHints":{"allow":["GET"]}}],"collection":[{"href":"https:\/\/www.opinionpublica.tv\/portada\/wp-json\/wp\/v2\/posts"}],"about":[{"href":"https:\/\/www.opinionpublica.tv\/portada\/wp-json\/wp\/v2\/types\/post"}],"author":[{"embeddable":true,"href":"https:\/\/www.opinionpublica.tv\/portada\/wp-json\/wp\/v2\/users\/6"}],"replies":[{"embeddable":true,"href":"https:\/\/www.opinionpublica.tv\/portada\/wp-json\/wp\/v2\/comments?post=73965"}],"version-history":[{"count":2,"href":"https:\/\/www.opinionpublica.tv\/portada\/wp-json\/wp\/v2\/posts\/73965\/revisions"}],"predecessor-version":[{"id":73967,"href":"https:\/\/www.opinionpublica.tv\/portada\/wp-json\/wp\/v2\/posts\/73965\/revisions\/73967"}],"wp:featuredmedia":[{"embeddable":true,"href":"https:\/\/www.opinionpublica.tv\/portada\/wp-json\/wp\/v2\/media\/43347"}],"wp:attachment":[{"href":"https:\/\/www.opinionpublica.tv\/portada\/wp-json\/wp\/v2\/media?parent=73965"}],"wp:term":[{"taxonomy":"category","embeddable":true,"href":"https:\/\/www.opinionpublica.tv\/portada\/wp-json\/wp\/v2\/categories?post=73965"},{"taxonomy":"post_tag","embeddable":true,"href":"https:\/\/www.opinionpublica.tv\/portada\/wp-json\/wp\/v2\/tags?post=73965"}],"curies":[{"name":"wp","href":"https:\/\/api.w.org\/{rel}","templated":true}]}}