{"id":73912,"date":"2025-12-09T00:01:00","date_gmt":"2025-12-09T07:01:00","guid":{"rendered":"https:\/\/www.opinionpublica.tv\/portada\/?p=73912"},"modified":"2025-12-08T19:33:48","modified_gmt":"2025-12-09T02:33:48","slug":"trump-amenaza-a-mexico-con-arancel-adicional-de-5-si-no-entrega-agua-a-texas","status":"publish","type":"post","link":"https:\/\/www.opinionpublica.tv\/portada\/trump-amenaza-a-mexico-con-arancel-adicional-de-5-si-no-entrega-agua-a-texas\/","title":{"rendered":"Trump amenaza a M\u00e9xico con arancel adicional de 5% si no entrega agua a Texas"},"content":{"rendered":"\n<figure class=\"wp-block-image size-large\"><img fetchpriority=\"high\" decoding=\"async\" width=\"1024\" height=\"576\" src=\"https:\/\/www.opinionpublica.tv\/portada\/wp-content\/uploads\/2025\/12\/Trump-amenaza-a-Mexico-con-arancel-adicional-de-5-si-no-entrega-agua-a-Texas-1024x576.jpg\" alt=\"Trump amenaza a me\u0301xico con arancel adicional de 5% si no entrega agua a texas\" class=\"wp-image-73915\" srcset=\"https:\/\/www.opinionpublica.tv\/portada\/wp-content\/uploads\/2025\/12\/Trump-amenaza-a-Mexico-con-arancel-adicional-de-5-si-no-entrega-agua-a-Texas-1024x576.jpg 1024w, https:\/\/www.opinionpublica.tv\/portada\/wp-content\/uploads\/2025\/12\/Trump-amenaza-a-Mexico-con-arancel-adicional-de-5-si-no-entrega-agua-a-Texas-300x169.jpg 300w, https:\/\/www.opinionpublica.tv\/portada\/wp-content\/uploads\/2025\/12\/Trump-amenaza-a-Mexico-con-arancel-adicional-de-5-si-no-entrega-agua-a-Texas-768x432.jpg 768w, https:\/\/www.opinionpublica.tv\/portada\/wp-content\/uploads\/2025\/12\/Trump-amenaza-a-Mexico-con-arancel-adicional-de-5-si-no-entrega-agua-a-Texas.jpg 1280w\" sizes=\"(max-width: 1024px) 100vw, 1024px\" \/><\/figure>\n\n\n\n<p class=\"wp-block-paragraph\">Se acab\u00f3 la tregua entre M\u00e9xico y EU por el Sorteo del Mundial 2026: El presidente Donald Trump amenaz\u00f3 con aplicar un arancel adicional de 5 por ciento si nuestro pa\u00eds no da m\u00e1s agua a Texas.<\/p>\n\n\n\n<p class=\"wp-block-paragraph\">Trump acus\u00f3 al Gobierno de Claudia Sheinbaum de no cumplir con lo estipulado en el Tratado de Aguas entre M\u00e9xico y EU lo que arruina las cosechas y amenaza la supervivencia del ganado en Texas.<\/p>\n\n\n\n<p class=\"wp-block-paragraph\">\u201cM\u00e9xico a\u00fan le debe a Estados Unidos m\u00e1s de 800 mil acres-pie de agua (986 millones de metros c\u00fabicos de agua) por no haber cumplido con el Tratado durante los \u00faltimos cinco a\u00f1os. Estados Unidos necesita que M\u00e9xico libere 200 mil acres-pie de agua (246 millones de metros c\u00fabicos de agua) antes del 31 de diciembre, y el resto deber\u00e1 entregarse poco despu\u00e9s\u00bb, public\u00f3 en su red Truth Social.<\/p>\n\n\n\n<p class=\"wp-block-paragraph\">Trump autoriz\u00f3 \u201cel inicio de la documentaci\u00f3n\u201d para aplicar un nuevo arancel a las exportaciones mexicanas, esta vez de 5 por ciento, si el agua no es entregada.<\/p>\n\n\n\n<p class=\"wp-block-paragraph\">\u201cCuanto m\u00e1s tarde M\u00e9xico en liberar el agua, m\u00e1s se perjudica a nuestros agricultores. M\u00e9xico tiene la obligaci\u00f3n de ARREGLAR ESTO YA\u201c, amenaz\u00f3.<\/p>\n\n\n\n<p class=\"wp-block-paragraph\">\u00bfQu\u00e9 dijo Sheinbaum sobre la entrega de agua a EU?<\/p>\n\n\n\n<p class=\"wp-block-paragraph\">En la \u2018ma\u00f1anera\u2019 del 1 de octubre pasado, la presidenta Sheinbaum remarc\u00f3 que M\u00e9xico ten\u00eda los recursos suficientes para entregar a EU el agua correspondiente por el tratado firmado entre ambos pa\u00edses.<\/p>\n\n\n\n<p class=\"wp-block-paragraph\">\u201cNo pensamos que haya alg\u00fan problema para esa entrega, porque se espera todav\u00eda en esa zona del pa\u00eds lluvias importantes (&#8230;) Incluye agua de todas las presas, hay un acuerdo de c\u00f3mo trasvasar. Est\u00e1n informados todos los gobernadores: La gobernadora de Chihuahua, el gobernador de Coahuila, el gobernador de Nuevo Le\u00f3n y el gobernador de Tamaulipas\u201d, detall\u00f3.<\/p>\n\n\n\n<p class=\"wp-block-paragraph\">Sheinbaum detall\u00f3 que con base en el tratado, Estados Unidos entrega agua a M\u00e9xico que viene del r\u00edo Colorado \u201ctodo en funci\u00f3n de la cantidad de lluvia que hay\u201d.<\/p>\n\n\n\n<p class=\"wp-block-paragraph\">Sin embargo, la Comisi\u00f3n Nacional del Agua (Conagua) no inform\u00f3 cu\u00e1nto l\u00edquido se entreg\u00f3 a Estados Unidos en octubre. Efra\u00edn Morales, director del organismo, dijo que se ten\u00edan comprometidos 2 millones 157 mil metros c\u00fabicos de agua.<\/p>\n\n\n\n<p class=\"wp-block-paragraph\">\u00bfQu\u00e9 dice el Tratado de Aguas entre M\u00e9xico y EU?<\/p>\n\n\n\n<p class=\"wp-block-paragraph\">El Tratado de Aguas de 1944 establece las reglas para el reparto del agua de los r\u00edos internacionales entre M\u00e9xico y Estados Unidos, principalmente del R\u00edo Bravo y del R\u00edo Colorado, con base en criterios t\u00e9cnicos, agr\u00edcolas y de disponibilidad h\u00eddrica.<\/p>\n\n\n\n<p class=\"wp-block-paragraph\">En el caso de la cuenca del R\u00edo Bravo, el acuerdo se\u00f1ala que M\u00e9xico recibe dos terceras partes del volumen total, mientras que Estados Unidos obtiene una tercera parte, a partir de seis tributarios: el R\u00edo Conchos, San Diego, San Rodrigo, Escondido, Salado y el Arroyo de Las Vacas.<\/p>\n\n\n\n<p class=\"wp-block-paragraph\">En t\u00e9rminos de volumen, a M\u00e9xico se le asignan 4 mil 317 millones 210 mil metros c\u00fabicos de agua por cada ciclo de cinco a\u00f1os, mientras que a Estados Unidos le corresponden 2 mil 158 millones 605 mil metros c\u00fabicos en el mismo periodo.<\/p>\n\n\n\n<p class=\"wp-block-paragraph\">El R\u00edo Colorado contempla una asignaci\u00f3n anual fija para M\u00e9xico de 1 mil 850 millones 234 mil metros c\u00fabicos de agua, volumen que es entregado desde territorio estadounidense como parte del equilibrio establecido en el tratado. (El Financiero)<\/p>\n","protected":false},"excerpt":{"rendered":"<p>Se acab\u00f3 la tregua entre M\u00e9xico y EU por el Sorteo del Mundial 2026: El presidente Donald Trump amenaz\u00f3 con aplicar un arancel adicional de 5 por ciento si nuestro pa\u00eds no da m\u00e1s agua a Texas. Trump acus\u00f3 al Gobierno de Claudia Sheinbaum de no cumplir con lo estipulado en el Tratado de Aguas [&hellip;]<\/p>\n","protected":false},"author":6,"featured_media":73915,"comment_status":"closed","ping_status":"closed","sticky":false,"template":"","format":"standard","meta":{"_acf_changed":false,"_monsterinsights_skip_tracking":false,"slim_seo":{"title":"Trump amenaza a M\u00e9xico con arancel adicional de 5% si no entrega agua a Texas - Opini\u00f3n P\u00fablica","description":"Se acab\u00f3 la tregua entre M\u00e9xico y EU por el Sorteo del Mundial 2026: El presidente Donald Trump amenaz\u00f3 con aplicar un arancel adicional de 5 por ciento si nues"},"footnotes":""},"categories":[4],"tags":[687,1047,102,486],"class_list":["post-73912","post","type-post","status-publish","format-standard","has-post-thumbnail","hentry","category-pulsopolitico","tag-agua","tag-aranceles","tag-donald-trump","tag-texas"],"acf":[],"_links":{"self":[{"href":"https:\/\/www.opinionpublica.tv\/portada\/wp-json\/wp\/v2\/posts\/73912","targetHints":{"allow":["GET"]}}],"collection":[{"href":"https:\/\/www.opinionpublica.tv\/portada\/wp-json\/wp\/v2\/posts"}],"about":[{"href":"https:\/\/www.opinionpublica.tv\/portada\/wp-json\/wp\/v2\/types\/post"}],"author":[{"embeddable":true,"href":"https:\/\/www.opinionpublica.tv\/portada\/wp-json\/wp\/v2\/users\/6"}],"replies":[{"embeddable":true,"href":"https:\/\/www.opinionpublica.tv\/portada\/wp-json\/wp\/v2\/comments?post=73912"}],"version-history":[{"count":2,"href":"https:\/\/www.opinionpublica.tv\/portada\/wp-json\/wp\/v2\/posts\/73912\/revisions"}],"predecessor-version":[{"id":73916,"href":"https:\/\/www.opinionpublica.tv\/portada\/wp-json\/wp\/v2\/posts\/73912\/revisions\/73916"}],"wp:featuredmedia":[{"embeddable":true,"href":"https:\/\/www.opinionpublica.tv\/portada\/wp-json\/wp\/v2\/media\/73915"}],"wp:attachment":[{"href":"https:\/\/www.opinionpublica.tv\/portada\/wp-json\/wp\/v2\/media?parent=73912"}],"wp:term":[{"taxonomy":"category","embeddable":true,"href":"https:\/\/www.opinionpublica.tv\/portada\/wp-json\/wp\/v2\/categories?post=73912"},{"taxonomy":"post_tag","embeddable":true,"href":"https:\/\/www.opinionpublica.tv\/portada\/wp-json\/wp\/v2\/tags?post=73912"}],"curies":[{"name":"wp","href":"https:\/\/api.w.org\/{rel}","templated":true}]}}