{"id":73781,"date":"2025-12-07T00:01:00","date_gmt":"2025-12-07T07:01:00","guid":{"rendered":"https:\/\/www.opinionpublica.tv\/portada\/?p=73781"},"modified":"2025-12-06T18:36:45","modified_gmt":"2025-12-07T01:36:45","slug":"efemerides-7-de-diciembre-un-dia-como-hoy-en-la-historia","status":"publish","type":"post","link":"https:\/\/www.opinionpublica.tv\/portada\/efemerides-7-de-diciembre-un-dia-como-hoy-en-la-historia\/","title":{"rendered":"Efem\u00e9rides 7 de diciembre | Un d\u00eda como hoy en la historia&#8230;"},"content":{"rendered":"\n<p class=\"wp-block-paragraph\"><em>Un d\u00eda 7 de diciembre como hoy, pero de 1941, Jap\u00f3n ataca por mar y aire la base norteamericana de Pearl Harbor, Haw\u00e1i, sin previa declaraci\u00f3n de guerra, y mueren 2 mil 400 estadounidenses<\/em>.<\/p>\n\n\n\n<figure class=\"wp-block-image size-large\"><img fetchpriority=\"high\" decoding=\"async\" width=\"1024\" height=\"538\" src=\"https:\/\/www.opinionpublica.tv\/portada\/wp-content\/uploads\/2025\/12\/1941-Japon-ataca-por-mar-y-aire-la-base-norteamericana-de-Pearl-Harbor-Hawai-sin-previa-declaracion-de-guerra-y-mueren-2-mil-400-estadounidenses-1024x538.avif\" alt=\"1941, japo\u0301n ataca por mar y aire la base norteamericana de pearl harbor, hawa\u0301i, sin previa declaracio\u0301n de guerra, y mueren 2 mil 400 estadounidenses\" class=\"wp-image-73783\" srcset=\"https:\/\/www.opinionpublica.tv\/portada\/wp-content\/uploads\/2025\/12\/1941-Japon-ataca-por-mar-y-aire-la-base-norteamericana-de-Pearl-Harbor-Hawai-sin-previa-declaracion-de-guerra-y-mueren-2-mil-400-estadounidenses-1024x538.avif 1024w, https:\/\/www.opinionpublica.tv\/portada\/wp-content\/uploads\/2025\/12\/1941-Japon-ataca-por-mar-y-aire-la-base-norteamericana-de-Pearl-Harbor-Hawai-sin-previa-declaracion-de-guerra-y-mueren-2-mil-400-estadounidenses-300x158.avif 300w, https:\/\/www.opinionpublica.tv\/portada\/wp-content\/uploads\/2025\/12\/1941-Japon-ataca-por-mar-y-aire-la-base-norteamericana-de-Pearl-Harbor-Hawai-sin-previa-declaracion-de-guerra-y-mueren-2-mil-400-estadounidenses-768x403.avif 768w, https:\/\/www.opinionpublica.tv\/portada\/wp-content\/uploads\/2025\/12\/1941-Japon-ataca-por-mar-y-aire-la-base-norteamericana-de-Pearl-Harbor-Hawai-sin-previa-declaracion-de-guerra-y-mueren-2-mil-400-estadounidenses.avif 1200w\" sizes=\"(max-width: 1024px) 100vw, 1024px\" \/><\/figure>\n\n\n\n<p class=\"wp-block-paragraph\">Otras efem\u00e9rides<\/p>\n\n\n\n<p class=\"wp-block-paragraph\">1545.- El espa\u00f1ol Juan de Carvajal funda la ciudad de El Tocuyo (Venezuela).<\/p>\n\n\n\n<p class=\"wp-block-paragraph\">1716.- En Espa\u00f1a, se aplica por primera vez la franquicia postal, creada para las cartas de los Ministerios y Tribunales de Madrid.<\/p>\n\n\n\n<p class=\"wp-block-paragraph\">1835.- Se inaugura la primera l\u00ednea f\u00e9rrea alemana, de Nuremberg a Furth, con 6 kil\u00f3metros de recorrido.<\/p>\n\n\n\n<p class=\"wp-block-paragraph\">1972.- El Apolo XVII despega de Cabo Ca\u00f1averal (Florida), en lo que es el \u00faltimo vuelo tripulado estadounidense a la Luna.<\/p>\n\n\n\n<p class=\"wp-block-paragraph\">1980.- El general Ramalho Eanes es reelegido presidente de Portugal.<\/p>\n\n\n\n<p class=\"wp-block-paragraph\">1982.- Inauguraci\u00f3n de la sede oficial del PSOE en la calle Ferraz 70, de Madrid.<\/p>\n\n\n\n<p class=\"wp-block-paragraph\">1983.- 93 muertos al chocar un avi\u00f3n Boeing 727 de Iberia con un Aviaco en las pistas de despegue del aeropuerto Madrid-Barajas.<\/p>\n\n\n\n<p class=\"wp-block-paragraph\">1988.- El presidente de la URSS, Mijail Gorbachov, anuncia en la Asamblea de la ONU una reducci\u00f3n unilateral de los efectivos militares sovi\u00e9ticos en Europa.<\/p>\n\n\n\n<p class=\"wp-block-paragraph\">1995.- Tras 6 a\u00f1os de viaje, la sonda estadounidense Galileo penetra en la atm\u00f3sfera de J\u00fapiter y comienza a enviar datos sobre el planeta.<\/p>\n\n\n\n<p class=\"wp-block-paragraph\">2003.- El partido Rusia Unida del presidente Vladimir Putin consigue una amplia mayor\u00eda en las elecciones parlamentarias y obtiene 223 esca\u00f1os.<\/p>\n\n\n\n<p class=\"wp-block-paragraph\">2004.- Hamid Karzai asume la presidencia de Afganist\u00e1n, tras 25 a\u00f1os de guerras. Es el primer presidente del pa\u00eds elegido democr\u00e1ticamente.<\/p>\n\n\n\n<p class=\"wp-block-paragraph\">2005.- El ex general croata Ante Gotovina, uno de los criminales de guerra m\u00e1s buscados por el TPIY, es detenido en Tenerife.<\/p>\n\n\n\n<p class=\"wp-block-paragraph\">2010.- El fundador de WikiLeaks, Julian Assange, es detenido en Londres acusado de los delitos de violaci\u00f3n, abusos sexuales y coacci\u00f3n.<\/p>\n\n\n\n<p class=\"wp-block-paragraph\">2011.- En Espa\u00f1a, Caja de Ahorros del Mediterr\u00e1neo, previamente nacionalizada por la crisis, es adjudicada al Banco Sabadell.<\/p>\n\n\n\n<p class=\"wp-block-paragraph\">2012.- El l\u00edder de Ham\u00e1s, Jaled Meshal, viaja a Gaza y visita Palestina por primera vez, tras 45 a\u00f1os exiliado.<\/p>\n\n\n\n<p class=\"wp-block-paragraph\">2015.- Pek\u00edn emite su primera alerta roja de la historia por contaminaci\u00f3n.<\/p>\n\n\n\n<p class=\"wp-block-paragraph\">2016.- Al menos 97 muertos por un se\u00edsmo de magnitud 6,5 en la provincia de Aceh, Indonesia.<\/p>\n\n\n\n<p class=\"wp-block-paragraph\">2019.- Antonio Banderas, premio al mejor actor de la Academia de Cine Europeo por &#8216;Dolor y Gloria&#8217;, dirigida por Pedro Almod\u00f3var.<\/p>\n\n\n\n<p class=\"wp-block-paragraph\">2020.- El agua comienza a cotizar en el mercado de futuros de materias primas de Wall Street debido su escasez.<\/p>\n\n\n\n<p class=\"wp-block-paragraph\">2021.- El estadounidense Don Winslow, Premio Pepe Carvalho de novela negra.<\/p>\n\n\n\n<p class=\"wp-block-paragraph\">Nacimientos<\/p>\n\n\n\n<p class=\"wp-block-paragraph\">1863.- Pietro Mascagni, m\u00fasico italiano.<\/p>\n\n\n\n<p class=\"wp-block-paragraph\">1921.- Thilda Thamar, actriz argentina.<\/p>\n\n\n\n<p class=\"wp-block-paragraph\">1924.- Mario Soares, expresidente de Portugal.<\/p>\n\n\n\n<p class=\"wp-block-paragraph\">1928.- Noam Chomsky, ling\u00fcista y escritor estadounidense.<\/p>\n\n\n\n<p class=\"wp-block-paragraph\">1935.- Armando Manzanero, compositor y cantante mexicano.<\/p>\n\n\n\n<p class=\"wp-block-paragraph\">1953.- Bert\u00edn Osborne, cantante espa\u00f1ol.<\/p>\n\n\n\n<p class=\"wp-block-paragraph\">1956.- Larry Bird, baloncestista estadounidense.<\/p>\n\n\n\n<p class=\"wp-block-paragraph\">1957.- Violeta Cela, actriz espa\u00f1ola.<\/p>\n\n\n\n<p class=\"wp-block-paragraph\">1966.- Luc\u00eda Etxebarr\u00eda, escritora espa\u00f1ola.<\/p>\n\n\n\n<p class=\"wp-block-paragraph\">1979.- Sara Bareilles, cantante, compositora y pianista estadounidense.<\/p>\n\n\n\n<p class=\"wp-block-paragraph\">1995.- Sowon, cantante y modelo surcoreana.<\/p>\n\n\n\n<p class=\"wp-block-paragraph\">2003.- Catalina Amalia de Orange, princesa heredera de Holanda.<\/p>\n\n\n\n<p class=\"wp-block-paragraph\">Defunciones<\/p>\n\n\n\n<p class=\"wp-block-paragraph\">43 a.C.- Marco Tulio Cicer\u00f3n, jurista, pol\u00edtico, fil\u00f3sofo, escritor y orador romano, uno de los grandes ret\u00f3ricos de la Rep\u00fablica romana.<\/p>\n\n\n\n<p class=\"wp-block-paragraph\">1847.- Francisco Manuel S\u00e1nchez de Tagle, poeta mexicano.<\/p>\n\n\n\n<p class=\"wp-block-paragraph\">1894.- Fernando de Lesseps, diplom\u00e1tico e ingeniero franc\u00e9s.<\/p>\n\n\n\n<p class=\"wp-block-paragraph\">1947.- Trist\u00e1n Bernard, escritor franc\u00e9s.<\/p>\n\n\n\n<p class=\"wp-block-paragraph\">1975.- Thornton Wilder, escritor estadounidense.<\/p>\n\n\n\n<p class=\"wp-block-paragraph\">1985.- Robert Graves, escritor brit\u00e1nico.<\/p>\n\n\n\n<p class=\"wp-block-paragraph\">1990.- Joan Bennett, actriz estadounidense.<\/p>\n\n\n\n<p class=\"wp-block-paragraph\">1996.- Jos\u00e9 Donoso, escritor chileno.<\/p>\n\n\n\n<p class=\"wp-block-paragraph\">2004.- Mar\u00eda Rosa Gallo, actriz argentina.<\/p>\n\n\n\n<p class=\"wp-block-paragraph\">2007.- Sebasti\u00e1 Sorb\u00edas, escritor espa\u00f1ol.<\/p>\n\n\n\n<p class=\"wp-block-paragraph\">2017.- Desiderio Navarro, intelectual cubano.<\/p>\n\n\n\n<p class=\"wp-block-paragraph\">2018.- Belisario Betancur, expresidente de Colombia (1982-1986).<\/p>\n\n\n\n<p class=\"wp-block-paragraph\">2020.- Rogelio &#8216;Roger&#8217; Moret, lanzador de b\u00e9isbol puertorrique\u00f1o de Grandes Ligas de EEUU.<\/p>\n","protected":false},"excerpt":{"rendered":"<p>Un d\u00eda 7 de diciembre como hoy, pero de 1941, Jap\u00f3n ataca por mar y aire la base norteamericana de Pearl Harbor, Haw\u00e1i, sin previa declaraci\u00f3n de guerra, y mueren 2 mil 400 estadounidenses. Otras efem\u00e9rides 1545.- El espa\u00f1ol Juan de Carvajal funda la ciudad de El Tocuyo (Venezuela). 1716.- En Espa\u00f1a, se aplica por [&hellip;]<\/p>\n","protected":false},"author":6,"featured_media":73783,"comment_status":"closed","ping_status":"closed","sticky":false,"template":"","format":"standard","meta":{"_acf_changed":false,"_monsterinsights_skip_tracking":false,"slim_seo":{"title":"Efem\u00e9rides 7 de diciembre | Un d\u00eda como hoy en la historia... - Opini\u00f3n P\u00fablica","description":"Un d\u00eda 7 de diciembre como hoy, pero de 1941, Jap\u00f3n ataca por mar y aire la base norteamericana de Pearl Harbor, Haw\u00e1i, sin previa declaraci\u00f3n de guerra, y muer"},"footnotes":""},"categories":[27],"tags":[1413,1414,59],"class_list":["post-73781","post","type-post","status-publish","format-standard","has-post-thumbnail","hentry","category-un-dia-como-hoy","tag-efemerides-7-de-diciembre","tag-pearl-harbor","tag-un-dia-como-hoy"],"acf":[],"_links":{"self":[{"href":"https:\/\/www.opinionpublica.tv\/portada\/wp-json\/wp\/v2\/posts\/73781","targetHints":{"allow":["GET"]}}],"collection":[{"href":"https:\/\/www.opinionpublica.tv\/portada\/wp-json\/wp\/v2\/posts"}],"about":[{"href":"https:\/\/www.opinionpublica.tv\/portada\/wp-json\/wp\/v2\/types\/post"}],"author":[{"embeddable":true,"href":"https:\/\/www.opinionpublica.tv\/portada\/wp-json\/wp\/v2\/users\/6"}],"replies":[{"embeddable":true,"href":"https:\/\/www.opinionpublica.tv\/portada\/wp-json\/wp\/v2\/comments?post=73781"}],"version-history":[{"count":2,"href":"https:\/\/www.opinionpublica.tv\/portada\/wp-json\/wp\/v2\/posts\/73781\/revisions"}],"predecessor-version":[{"id":73784,"href":"https:\/\/www.opinionpublica.tv\/portada\/wp-json\/wp\/v2\/posts\/73781\/revisions\/73784"}],"wp:featuredmedia":[{"embeddable":true,"href":"https:\/\/www.opinionpublica.tv\/portada\/wp-json\/wp\/v2\/media\/73783"}],"wp:attachment":[{"href":"https:\/\/www.opinionpublica.tv\/portada\/wp-json\/wp\/v2\/media?parent=73781"}],"wp:term":[{"taxonomy":"category","embeddable":true,"href":"https:\/\/www.opinionpublica.tv\/portada\/wp-json\/wp\/v2\/categories?post=73781"},{"taxonomy":"post_tag","embeddable":true,"href":"https:\/\/www.opinionpublica.tv\/portada\/wp-json\/wp\/v2\/tags?post=73781"}],"curies":[{"name":"wp","href":"https:\/\/api.w.org\/{rel}","templated":true}]}}