{"id":735,"date":"2016-07-25T06:00:00","date_gmt":"2016-07-25T04:00:00","guid":{"rendered":"https:\/\/www.opinionpublica.tv\/portada\/2016\/07\/25\/compania-nacional-de-danza-adapta-blancanieves\/"},"modified":"2016-07-25T06:00:00","modified_gmt":"2016-07-25T04:00:00","slug":"compania-nacional-de-danza-adapta-blancanieves","status":"publish","type":"post","link":"https:\/\/www.opinionpublica.tv\/portada\/compania-nacional-de-danza-adapta-blancanieves\/","title":{"rendered":"Compa\u00f1\u00eda Nacional de Danza adapta Blancanieves"},"content":{"rendered":"<p><img fetchpriority=\"high\" decoding=\"async\" class=\" size-full wp-image-734\" src=\"https:\/\/www.opinionpublica.tv\/portada\/wp-content\/uploads\/2016\/07\/5c856eb25b3e1fc73f244a7686864411.jpg\" alt=\"\" width=\"665\" height=\"500\" srcset=\"https:\/\/www.opinionpublica.tv\/portada\/wp-content\/uploads\/2016\/07\/5c856eb25b3e1fc73f244a7686864411.jpg 665w, https:\/\/www.opinionpublica.tv\/portada\/wp-content\/uploads\/2016\/07\/5c856eb25b3e1fc73f244a7686864411-300x226.jpg 300w\" sizes=\"(max-width: 665px) 100vw, 665px\" \/><\/p>\n<p style=\"text-align: justify;\">El famoso cuento de hadas, multiadaptado al cine y la televisi\u00f3n, es la apuesta de este a\u00f1o de la Compa\u00f1\u00eda Nacional de Danza (CND) del INBA.<\/p>\n<p style=\"text-align: justify;\">La nueva versi\u00f3n para ballet est\u00e1 basada principalmente en el cuento de los hermanos Grimm pero retoma la manera como se cont\u00f3 la historia en el filme animado de 1937. \u201cNo hay nada de las versiones de Walt Disney pero tampoco el tut\u00fa cl\u00e1sico que se suele ver en la CND\u201d, agrega la core\u00f3grafa, quien estrenar\u00e1 mundialmente el espect\u00e1culo el 6 de agosto pr\u00f3ximo en el Teatro de las Artes del Centro Nacional de las Artes (Cenart).<\/p>\n<p style=\"text-align: justify;\">Con 30 bailarines en escena y una historia que se cuenta a lo largo de una hora, la<em>Blancanieves<\/em> de Marcano apuesta por el impacto de las im\u00e1genes que en escena componen la coreograf\u00eda, la escenograf\u00eda y el vestuario.<\/p>\n","protected":false},"excerpt":{"rendered":"<p>El famoso cuento de hadas, multiadaptado al cine y la televisi\u00f3n, es la apuesta de este a\u00f1o de la Compa\u00f1\u00eda Nacional de Danza (CND) del INBA. La nueva versi\u00f3n para ballet est\u00e1 basada principalmente en el cuento de los hermanos Grimm pero retoma la manera como se cont\u00f3 la historia en el filme animado de [&hellip;]<\/p>\n","protected":false},"author":1,"featured_media":734,"comment_status":"open","ping_status":"open","sticky":false,"template":"","format":"standard","meta":{"_acf_changed":false,"_monsterinsights_skip_tracking":false,"slim_seo":{"title":"Compa\u00f1\u00eda Nacional de Danza adapta Blancanieves - Opini\u00f3n P\u00fablica","description":"El famoso cuento de hadas, multiadaptado al cine y la televisi\u00f3n, es la apuesta de este a\u00f1o de la Compa\u00f1\u00eda Nacional de Danza (CND) del INBA. La nueva versi\u00f3n pa"},"footnotes":""},"categories":[11],"tags":[],"class_list":["post-735","post","type-post","status-publish","format-standard","has-post-thumbnail","hentry","category-tendencias"],"acf":[],"_links":{"self":[{"href":"https:\/\/www.opinionpublica.tv\/portada\/wp-json\/wp\/v2\/posts\/735","targetHints":{"allow":["GET"]}}],"collection":[{"href":"https:\/\/www.opinionpublica.tv\/portada\/wp-json\/wp\/v2\/posts"}],"about":[{"href":"https:\/\/www.opinionpublica.tv\/portada\/wp-json\/wp\/v2\/types\/post"}],"author":[{"embeddable":true,"href":"https:\/\/www.opinionpublica.tv\/portada\/wp-json\/wp\/v2\/users\/1"}],"replies":[{"embeddable":true,"href":"https:\/\/www.opinionpublica.tv\/portada\/wp-json\/wp\/v2\/comments?post=735"}],"version-history":[{"count":0,"href":"https:\/\/www.opinionpublica.tv\/portada\/wp-json\/wp\/v2\/posts\/735\/revisions"}],"wp:featuredmedia":[{"embeddable":true,"href":"https:\/\/www.opinionpublica.tv\/portada\/wp-json\/wp\/v2\/media\/734"}],"wp:attachment":[{"href":"https:\/\/www.opinionpublica.tv\/portada\/wp-json\/wp\/v2\/media?parent=735"}],"wp:term":[{"taxonomy":"category","embeddable":true,"href":"https:\/\/www.opinionpublica.tv\/portada\/wp-json\/wp\/v2\/categories?post=735"},{"taxonomy":"post_tag","embeddable":true,"href":"https:\/\/www.opinionpublica.tv\/portada\/wp-json\/wp\/v2\/tags?post=735"}],"curies":[{"name":"wp","href":"https:\/\/api.w.org\/{rel}","templated":true}]}}