{"id":73316,"date":"2025-11-29T00:01:00","date_gmt":"2025-11-29T07:01:00","guid":{"rendered":"https:\/\/www.opinionpublica.tv\/portada\/?p=73316"},"modified":"2025-11-28T21:01:37","modified_gmt":"2025-11-29T04:01:37","slug":"actualizan-fechas-de-atencion-del-dr-vagon-en-los-municipios-de-delicias-y-jimenez","status":"publish","type":"post","link":"https:\/\/www.opinionpublica.tv\/portada\/actualizan-fechas-de-atencion-del-dr-vagon-en-los-municipios-de-delicias-y-jimenez\/","title":{"rendered":"Actualizan fechas de atenci\u00f3n del Dr. Vag\u00f3n en municipios de Delicias y Jim\u00e9nez"},"content":{"rendered":"\n<figure class=\"wp-block-image size-large\"><img fetchpriority=\"high\" decoding=\"async\" width=\"1024\" height=\"683\" src=\"https:\/\/www.opinionpublica.tv\/portada\/wp-content\/uploads\/2025\/11\/Actualizan-fechas-de-atencion-del-Dr.-Vagon-en-municipios-de-Delicias-y-Jimenez-1024x683.jpeg\" alt=\"Actualizan fechas de atencio\u0301n del dr. vago\u0301n en municipios de delicias y jime\u0301nez\" class=\"wp-image-73319\" srcset=\"https:\/\/www.opinionpublica.tv\/portada\/wp-content\/uploads\/2025\/11\/Actualizan-fechas-de-atencion-del-Dr.-Vagon-en-municipios-de-Delicias-y-Jimenez-1024x683.jpeg 1024w, https:\/\/www.opinionpublica.tv\/portada\/wp-content\/uploads\/2025\/11\/Actualizan-fechas-de-atencion-del-Dr.-Vagon-en-municipios-de-Delicias-y-Jimenez-300x200.jpeg 300w, https:\/\/www.opinionpublica.tv\/portada\/wp-content\/uploads\/2025\/11\/Actualizan-fechas-de-atencion-del-Dr.-Vagon-en-municipios-de-Delicias-y-Jimenez-768x512.jpeg 768w, https:\/\/www.opinionpublica.tv\/portada\/wp-content\/uploads\/2025\/11\/Actualizan-fechas-de-atencion-del-Dr.-Vagon-en-municipios-de-Delicias-y-Jimenez.jpeg 1040w\" sizes=\"(max-width: 1024px) 100vw, 1024px\" \/><\/figure>\n\n\n\n<p class=\"wp-block-paragraph\"><em>Chihuahua, Chih<\/em>.- El Gobierno del Estado y Fundaci\u00f3n Grupo M\u00e9xico informan que fueron actualizadas las fechas en que el Dr. Vag\u00f3n, El Tren de la Salud, atender\u00e1 a la poblaci\u00f3n de los municipios de Delicias y Jim\u00e9nez.<\/p>\n\n\n\n<p class=\"wp-block-paragraph\">En Delicias prestar\u00e1 sus servicios gratuitos del 27 al 30 de noviembre, en la intersecci\u00f3n de las avenidas Ferrocarril y Tecnol\u00f3gico, en la zona centro. En Jim\u00e9nez ser\u00e1 del 3 al 6 de diciembre, en la avenida Ferrocarril 734.<\/p>\n\n\n\n<p class=\"wp-block-paragraph\">En ambas localidades las actividades inician a partir de las 6:00 de la ma\u00f1ana con la entrega de fichas a las y los asistentes, para posteriormente canalizarlos con el personal m\u00e9dico, seg\u00fan las necesidades de cada paciente.<\/p>\n\n\n\n<p class=\"wp-block-paragraph\">Por las noches se llevar\u00e1 a cabo la proyecci\u00f3n de pel\u00edculas en el Cine Vag\u00f3n de Cinemex, para el disfrute de las familias.<\/p>\n\n\n\n<p class=\"wp-block-paragraph\">El secretario de Desarrollo Humano y Bien Com\u00fan, Rafael Loera, hizo extensiva la invitaci\u00f3n a todas personas interesadas en hacer uso de estos servicios m\u00e9dicos, que complementan las acciones de MediChihuahua en las distintas regiones del estado.<\/p>\n\n\n\n<p class=\"wp-block-paragraph\">Record\u00f3 que los servicios incluyen consultas generales, odontolog\u00eda, rehabilitaci\u00f3n, optometr\u00eda, audiometr\u00eda, nutrici\u00f3n, planificaci\u00f3n familiar, entrega gratuita de medicamentos, especialistas en diabetes, mastograf\u00edas, ginecolog\u00eda y control prenatal.<\/p>\n\n\n\n<p class=\"wp-block-paragraph\">Aclar\u00f3 que las fechas para Ciudad Ju\u00e1rez se mantienen conforme a lo anunciado previamente, del 9 al 13 de diciembre en Eje Vial Juan Gabriel y bulevar Municipio Libre.<\/p>\n","protected":false},"excerpt":{"rendered":"<p>Chihuahua, Chih.- El Gobierno del Estado y Fundaci\u00f3n Grupo M\u00e9xico informan que fueron actualizadas las fechas en que el Dr. Vag\u00f3n, El Tren de la Salud, atender\u00e1 a la poblaci\u00f3n de los municipios de Delicias y Jim\u00e9nez. En Delicias prestar\u00e1 sus servicios gratuitos del 27 al 30 de noviembre, en la intersecci\u00f3n de las avenidas [&hellip;]<\/p>\n","protected":false},"author":6,"featured_media":73319,"comment_status":"closed","ping_status":"closed","sticky":false,"template":"","format":"standard","meta":{"_acf_changed":false,"_monsterinsights_skip_tracking":false,"slim_seo":{"title":"Actualizan fechas de atenci\u00f3n del Dr. Vag\u00f3n en municipios de Delicias y Jim\u00e9nez - Opini\u00f3n P\u00fablica","description":"Chihuahua, Chih .- El Gobierno del Estado y Fundaci\u00f3n Grupo M\u00e9xico informan que fueron actualizadas las fechas en que el Dr. Vag\u00f3n, El Tren de la Salud, atender"},"footnotes":""},"categories":[11],"tags":[88,608,1338,1259,1339],"class_list":["post-73316","post","type-post","status-publish","format-standard","has-post-thumbnail","hentry","category-tendencias","tag-chihuahua","tag-ciudad-juarez","tag-delicias","tag-dr-vagon","tag-jimenez"],"acf":[],"_links":{"self":[{"href":"https:\/\/www.opinionpublica.tv\/portada\/wp-json\/wp\/v2\/posts\/73316","targetHints":{"allow":["GET"]}}],"collection":[{"href":"https:\/\/www.opinionpublica.tv\/portada\/wp-json\/wp\/v2\/posts"}],"about":[{"href":"https:\/\/www.opinionpublica.tv\/portada\/wp-json\/wp\/v2\/types\/post"}],"author":[{"embeddable":true,"href":"https:\/\/www.opinionpublica.tv\/portada\/wp-json\/wp\/v2\/users\/6"}],"replies":[{"embeddable":true,"href":"https:\/\/www.opinionpublica.tv\/portada\/wp-json\/wp\/v2\/comments?post=73316"}],"version-history":[{"count":3,"href":"https:\/\/www.opinionpublica.tv\/portada\/wp-json\/wp\/v2\/posts\/73316\/revisions"}],"predecessor-version":[{"id":73320,"href":"https:\/\/www.opinionpublica.tv\/portada\/wp-json\/wp\/v2\/posts\/73316\/revisions\/73320"}],"wp:featuredmedia":[{"embeddable":true,"href":"https:\/\/www.opinionpublica.tv\/portada\/wp-json\/wp\/v2\/media\/73319"}],"wp:attachment":[{"href":"https:\/\/www.opinionpublica.tv\/portada\/wp-json\/wp\/v2\/media?parent=73316"}],"wp:term":[{"taxonomy":"category","embeddable":true,"href":"https:\/\/www.opinionpublica.tv\/portada\/wp-json\/wp\/v2\/categories?post=73316"},{"taxonomy":"post_tag","embeddable":true,"href":"https:\/\/www.opinionpublica.tv\/portada\/wp-json\/wp\/v2\/tags?post=73316"}],"curies":[{"name":"wp","href":"https:\/\/api.w.org\/{rel}","templated":true}]}}