{"id":73295,"date":"2025-11-29T00:01:00","date_gmt":"2025-11-29T07:01:00","guid":{"rendered":"https:\/\/www.opinionpublica.tv\/portada\/?p=73295"},"modified":"2025-11-28T20:34:58","modified_gmt":"2025-11-29T03:34:58","slug":"la-sombra-del-viento-carlos-ruiz-zafon-el-libro-de-la-semana","status":"publish","type":"post","link":"https:\/\/www.opinionpublica.tv\/portada\/la-sombra-del-viento-carlos-ruiz-zafon-el-libro-de-la-semana\/","title":{"rendered":"La Sombra del Viento | Carlos Ruiz Zaf\u00f3n | El libro de la semana"},"content":{"rendered":"\n<figure class=\"wp-block-image size-large\"><img fetchpriority=\"high\" decoding=\"async\" width=\"673\" height=\"1024\" src=\"https:\/\/www.opinionpublica.tv\/portada\/wp-content\/uploads\/2025\/11\/La-Sombra-del-Viento-Carlos-Ruiz-Zafon-El-libro-de-la-semana-673x1024.webp\" alt=\"La sombra del viento | carlos ruiz zafo\u0301n | el libro de la semana\" class=\"wp-image-73298\" srcset=\"https:\/\/www.opinionpublica.tv\/portada\/wp-content\/uploads\/2025\/11\/La-Sombra-del-Viento-Carlos-Ruiz-Zafon-El-libro-de-la-semana-673x1024.webp 673w, https:\/\/www.opinionpublica.tv\/portada\/wp-content\/uploads\/2025\/11\/La-Sombra-del-Viento-Carlos-Ruiz-Zafon-El-libro-de-la-semana-197x300.webp 197w, https:\/\/www.opinionpublica.tv\/portada\/wp-content\/uploads\/2025\/11\/La-Sombra-del-Viento-Carlos-Ruiz-Zafon-El-libro-de-la-semana-768x1168.webp 768w, https:\/\/www.opinionpublica.tv\/portada\/wp-content\/uploads\/2025\/11\/La-Sombra-del-Viento-Carlos-Ruiz-Zafon-El-libro-de-la-semana.webp 789w\" sizes=\"(max-width: 673px) 100vw, 673px\" \/><\/figure>\n\n\n\n<p class=\"wp-block-paragraph\">Un amanecer de 1945 un muchacho es conducido por su padre a un misterioso lugar oculto en el coraz\u00f3n de la ciudad vieja: El Cementerio de los Libros Olvidados. All\u00ed, Daniel Sempere encuentra un libro maldito que cambiar\u00e1 el rumbo de su vida y le arrastrar\u00e1 a un laberinto de intrigas y secretos enterrados en el alma oscura de la ciudad.<\/p>\n\n\n\n<p class=\"wp-block-paragraph\">La sombra del viento es un misterio literario ambientado en la Barcelona de la primera mitad del siglo XX, desde los \u00faltimos esplendores del Modernismo a las tinieblas de la posguerra. La Sombra del Viento mezcla t\u00e9cnicas de relato de intriga, de novela hist\u00f3rica y de comedia de costumbres pero es, sobre todo, una tragedia hist\u00f3rica de amor cuyo eco se proyecta a trav\u00e9s del tiempo.<\/p>\n\n\n\n<p class=\"wp-block-paragraph\">Con gran fuerza narrativa, el autor entrelaza tramas y enigmas a modo de mu\u00f1ecas rusas en un inolvidable relato sobre los secretos del coraz\u00f3n y el embrujo de los libros, manteniendo la intriga hasta la \u00faltima p\u00e1gina.<\/p>\n","protected":false},"excerpt":{"rendered":"<p>Un amanecer de 1945 un muchacho es conducido por su padre a un misterioso lugar oculto en el coraz\u00f3n de la ciudad vieja: El Cementerio de los Libros Olvidados. All\u00ed, Daniel Sempere encuentra un libro maldito que cambiar\u00e1 el rumbo de su vida y le arrastrar\u00e1 a un laberinto de intrigas y secretos enterrados en [&hellip;]<\/p>\n","protected":false},"author":6,"featured_media":73298,"comment_status":"closed","ping_status":"closed","sticky":false,"template":"","format":"standard","meta":{"_acf_changed":false,"_monsterinsights_skip_tracking":false,"slim_seo":{"title":"La Sombra del Viento | Carlos Ruiz Zaf\u00f3n | El libro de la semana - Opini\u00f3n P\u00fablica","description":"Un amanecer de 1945 un muchacho es conducido por su padre a un misterioso lugar oculto en el coraz\u00f3n de la ciudad vieja: El Cementerio de los Libros Olvidados."},"footnotes":""},"categories":[1007],"tags":[1065],"class_list":["post-73295","post","type-post","status-publish","format-standard","has-post-thumbnail","hentry","category-el-libro-de-la-semana","tag-el-libro-de-la-semana"],"acf":[],"_links":{"self":[{"href":"https:\/\/www.opinionpublica.tv\/portada\/wp-json\/wp\/v2\/posts\/73295","targetHints":{"allow":["GET"]}}],"collection":[{"href":"https:\/\/www.opinionpublica.tv\/portada\/wp-json\/wp\/v2\/posts"}],"about":[{"href":"https:\/\/www.opinionpublica.tv\/portada\/wp-json\/wp\/v2\/types\/post"}],"author":[{"embeddable":true,"href":"https:\/\/www.opinionpublica.tv\/portada\/wp-json\/wp\/v2\/users\/6"}],"replies":[{"embeddable":true,"href":"https:\/\/www.opinionpublica.tv\/portada\/wp-json\/wp\/v2\/comments?post=73295"}],"version-history":[{"count":2,"href":"https:\/\/www.opinionpublica.tv\/portada\/wp-json\/wp\/v2\/posts\/73295\/revisions"}],"predecessor-version":[{"id":73299,"href":"https:\/\/www.opinionpublica.tv\/portada\/wp-json\/wp\/v2\/posts\/73295\/revisions\/73299"}],"wp:featuredmedia":[{"embeddable":true,"href":"https:\/\/www.opinionpublica.tv\/portada\/wp-json\/wp\/v2\/media\/73298"}],"wp:attachment":[{"href":"https:\/\/www.opinionpublica.tv\/portada\/wp-json\/wp\/v2\/media?parent=73295"}],"wp:term":[{"taxonomy":"category","embeddable":true,"href":"https:\/\/www.opinionpublica.tv\/portada\/wp-json\/wp\/v2\/categories?post=73295"},{"taxonomy":"post_tag","embeddable":true,"href":"https:\/\/www.opinionpublica.tv\/portada\/wp-json\/wp\/v2\/tags?post=73295"}],"curies":[{"name":"wp","href":"https:\/\/api.w.org\/{rel}","templated":true}]}}