{"id":73290,"date":"2025-11-29T00:01:00","date_gmt":"2025-11-29T07:01:00","guid":{"rendered":"https:\/\/www.opinionpublica.tv\/portada\/?p=73290"},"modified":"2025-11-28T20:29:35","modified_gmt":"2025-11-29T03:29:35","slug":"efemerides-29-de-noviembre-un-dia-como-hoy-en-la-historia","status":"publish","type":"post","link":"https:\/\/www.opinionpublica.tv\/portada\/efemerides-29-de-noviembre-un-dia-como-hoy-en-la-historia\/","title":{"rendered":"Efem\u00e9rides 29 de noviembre | Un d\u00eda como hoy en la historia&#8230;"},"content":{"rendered":"\n<p class=\"wp-block-paragraph\"><em>Un d\u00eda 29 de noviembre como hoy, pero de 1947, la Asamblea General adopta la resoluci\u00f3n 181 con la propuesta de creaci\u00f3n en Palestina en dos estados: uno \u00e1rabe y otro jud\u00edo<\/em>.<\/p>\n\n\n\n<figure class=\"wp-block-image size-full\"><img fetchpriority=\"high\" decoding=\"async\" width=\"820\" height=\"440\" src=\"https:\/\/www.opinionpublica.tv\/portada\/wp-content\/uploads\/2025\/11\/1947-la-Asamblea-General-adopta-la-resolucion-181-con-la-propuesta-de-creacion-en-Palestina-en-dos-estados-uno-arabe-y-otro-judio.jpg\" alt=\"1947, la asamblea general adopta la resolucio\u0301n 181 con la propuesta de creacio\u0301n en palestina en dos estados uno a\u0301rabe y otro judi\u0301o\" class=\"wp-image-73292\" srcset=\"https:\/\/www.opinionpublica.tv\/portada\/wp-content\/uploads\/2025\/11\/1947-la-Asamblea-General-adopta-la-resolucion-181-con-la-propuesta-de-creacion-en-Palestina-en-dos-estados-uno-arabe-y-otro-judio.jpg 820w, https:\/\/www.opinionpublica.tv\/portada\/wp-content\/uploads\/2025\/11\/1947-la-Asamblea-General-adopta-la-resolucion-181-con-la-propuesta-de-creacion-en-Palestina-en-dos-estados-uno-arabe-y-otro-judio-300x161.jpg 300w, https:\/\/www.opinionpublica.tv\/portada\/wp-content\/uploads\/2025\/11\/1947-la-Asamblea-General-adopta-la-resolucion-181-con-la-propuesta-de-creacion-en-Palestina-en-dos-estados-uno-arabe-y-otro-judio-768x412.jpg 768w\" sizes=\"(max-width: 820px) 100vw, 820px\" \/><\/figure>\n\n\n\n<p class=\"wp-block-paragraph\"><strong>Otras efem\u00e9rides<\/strong><\/p>\n\n\n\n<p class=\"wp-block-paragraph\">1534.- La ciudad de Jauja (Per\u00fa), que hab\u00eda sido fundada por Francisco Pizarro, es trasladada a su actual emplazamiento.<\/p>\n\n\n\n<p class=\"wp-block-paragraph\">1811.- El Gobierno de las Provincias Unidas del R\u00edo de la Plata otorga el t\u00edtulo de ciudadano argentino al artillero ingl\u00e9s Roberto Billinhurst, por sus relevantes servicios a la causa nacional.<\/p>\n\n\n\n<p class=\"wp-block-paragraph\">1815.- El realista general Pezuela vence en la Batalla de Viluma (Alto Per\u00fa), con lo que la causa de la independencia argentina sufre un grave rev\u00e9s.<\/p>\n\n\n\n<p class=\"wp-block-paragraph\">1869.- Buenaventura B\u00e1ez firma un tratado de anexi\u00f3n de la Rep\u00fablica Dominicana a Estados Unidos.<\/p>\n\n\n\n<p class=\"wp-block-paragraph\">1877.- El inventor y cient\u00edfico estadounidense Thomas Alva Edison realiza la primera presentaci\u00f3n p\u00fablica del fon\u00f3grafo, invento que patent\u00f3 en febrero de 1878.<\/p>\n\n\n\n<p class=\"wp-block-paragraph\">1899.- Fundaci\u00f3n del F\u00fatbol Club Barcelona por Joan Gamper, suizo afincado en Catalu\u00f1a.<\/p>\n\n\n\n<p class=\"wp-block-paragraph\">1906.- Mueren m\u00e1s de 300 personas en la explosi\u00f3n de una mina de carb\u00f3n en Witten (Westfalia).<\/p>\n\n\n\n<p class=\"wp-block-paragraph\">1916.- EEUU asume oficialmente el Gobierno de la Rep\u00fablica Dominicana y establece un r\u00e9gimen militar.<\/p>\n\n\n\n<p class=\"wp-block-paragraph\">1929.- El explorador, marino y aviador estadounidense Richard Evelyn Byrd sobrevuela el Polo Sur.<\/p>\n\n\n\n<p class=\"wp-block-paragraph\">1945.- Proclamaci\u00f3n de la Rep\u00fablica Federativa Socialista de Yugoslavia.<\/p>\n\n\n\n<p class=\"wp-block-paragraph\">1951.- Estados Unidos detona en Nevada la bomba at\u00f3mica Uncle, de 1,2 kilotones, \u00faltima de la Operaci\u00f3n Buster-Jangle.<\/p>\n\n\n\n<p class=\"wp-block-paragraph\">1972.- La empresa Atari lanza &#8216;Pong&#8217;, el primer videojuego con \u00e9xito comercial.<\/p>\n\n\n\n<p class=\"wp-block-paragraph\">1973.- Un incendio en unos grandes almacenes de la ciudad de Kumamoto (Jap\u00f3n) causa m\u00e1s de cien muertos.<\/p>\n\n\n\n<p class=\"wp-block-paragraph\">1984.- Argentina y Chile firman el Tratado de paz y amistad que pone t\u00e9rmino al Conflicto del Beagle.<\/p>\n\n\n\n<p class=\"wp-block-paragraph\">1987.- La dictadura del general Jaruzelski pierde un refer\u00e9ndum sobre las reformas econ\u00f3micas y pol\u00edticas en Polonia.<\/p>\n\n\n\n<p class=\"wp-block-paragraph\">2009.- El ex guerrillero Jos\u00e9 Mujica es elegido presidente de Uruguay.<\/p>\n\n\n\n<p class=\"wp-block-paragraph\">2011.- La aerol\u00ednea estadounidense American Airlines se declara en bancarrota.<\/p>\n\n\n\n<p class=\"wp-block-paragraph\">2012.- La Asamblea General de Naciones Unidas reconoce a Palestina como Estado observador.<\/p>\n\n\n\n<p class=\"wp-block-paragraph\">2013.- Mueren 33 personas al estrellarse un avi\u00f3n en un parque natural de Namibia. La investigaci\u00f3n revel\u00f3 que el piloto provoc\u00f3 deliberadamente el siniestro.<\/p>\n\n\n\n<p class=\"wp-block-paragraph\">2014.- El expresidente egipcio Hosni Mubarak es absuelto por la muerte de manifestantes en la revoluci\u00f3n que le derroc\u00f3 en 2011.<\/p>\n\n\n\n<p class=\"wp-block-paragraph\">2015.- Casi 300 detenidos en Par\u00eds en v\u00edsperas de la Cumbre del Clima.<\/p>\n\n\n\n<p class=\"wp-block-paragraph\">2017.- El hist\u00f3rico juicio por cr\u00edmenes de la dictadura argentina concluye en Buenos Aires con 48 condenas, 29 de ellas de cadena perpetua. Entre los condenados con dicha pena est\u00e1n los exmilitares Jorge Eduardo Acosta y Alfredo Astiz.<\/p>\n\n\n\n<p class=\"wp-block-paragraph\">2021.- Jack Dorsey, cofundador de Twitter, abandona la empresa.<\/p>\n\n\n\n<p class=\"wp-block-paragraph\"><strong>Nacimientos<\/strong><\/p>\n\n\n\n<p class=\"wp-block-paragraph\">1781.- Andr\u00e9s Bello, fil\u00f3logo, pedagogo y pol\u00edtico venezolano.<\/p>\n\n\n\n<p class=\"wp-block-paragraph\">1797.- Gaetano Donizetti, compositor italiano.<\/p>\n\n\n\n<p class=\"wp-block-paragraph\">1803.- Christian Doppler, matem\u00e1tico y f\u00edsico austriaco.<\/p>\n\n\n\n<p class=\"wp-block-paragraph\">1849.- John Ambrose Fleming, f\u00edsico e ingeniero brit\u00e1nico.<\/p>\n\n\n\n<p class=\"wp-block-paragraph\">1893.- Mar\u00eda Orosa, investigadora filipina.<\/p>\n\n\n\n<p class=\"wp-block-paragraph\">1905.- Marcel Lefebvre, arzobispo franc\u00e9s excomulgado en 1988 por la Santa Sede.<\/p>\n\n\n\n<p class=\"wp-block-paragraph\">1926.- Dilhan Eryurt, astr\u00f3noma y astrof\u00edsica turca.<\/p>\n\n\n\n<p class=\"wp-block-paragraph\">1932.- Jacques Chirac, expresidente de Francia.<\/p>\n\n\n\n<p class=\"wp-block-paragraph\">1939.- Concha Velasco, actriz espa\u00f1ola.<\/p>\n\n\n\n<p class=\"wp-block-paragraph\">1946.- Silvio Rodr\u00edguez, cantautor cubano.<\/p>\n\n\n\n<p class=\"wp-block-paragraph\">1949.- Edmundo Arrocet, &#8216;Bigote Arrocet&#8217;, humorista chileno de origen argentino.<\/p>\n\n\n\n<p class=\"wp-block-paragraph\">1954.- Joel Coen, director de cine estadounidense.<\/p>\n\n\n\n<p class=\"wp-block-paragraph\">1955.- Hassan Sheij Mohamud, expresidente de Somalia.<\/p>\n\n\n\n<p class=\"wp-block-paragraph\">1962.- Petra Lang, mezzosoprano alemana.<\/p>\n\n\n\n<p class=\"wp-block-paragraph\">1990.- Diego Boneta, actor y cantante mexicano.<\/p>\n\n\n\n<p class=\"wp-block-paragraph\">1995.- Laura Marano, actriz y cantante estadounidense.<\/p>\n\n\n\n<p class=\"wp-block-paragraph\"><strong>Defunciones<\/strong><\/p>\n\n\n\n<p class=\"wp-block-paragraph\">1780.- Mar\u00eda Teresa de Habsburgo, emperatriz de Austria.<\/p>\n\n\n\n<p class=\"wp-block-paragraph\">1865.- Ventura de la Vega, poeta y autor dram\u00e1tico espa\u00f1ol.<\/p>\n\n\n\n<p class=\"wp-block-paragraph\">1924.- Giacomo Puccini, compositor italiano.<\/p>\n\n\n\n<p class=\"wp-block-paragraph\">1970.- Nina Ricci, dise\u00f1adora de moda francesa de origen italiano.<\/p>\n\n\n\n<p class=\"wp-block-paragraph\">1981.- Natalie Wood, actriz estadounidense.<\/p>\n\n\n\n<p class=\"wp-block-paragraph\">1986.- Cary Grant, actor estadounidense.<\/p>\n\n\n\n<p class=\"wp-block-paragraph\">1999.- Carmen D\u00edez de Rivera, pol\u00edtica espa\u00f1ola.<\/p>\n\n\n\n<p class=\"wp-block-paragraph\">2001.- George Harrison, m\u00fasico brit\u00e1nico, guitarrista de los Beatles.<\/p>\n\n\n\n<p class=\"wp-block-paragraph\">2006.- Leonard Freed, fot\u00f3grafo norteamericano de Magnum.<\/p>\n\n\n\n<p class=\"wp-block-paragraph\">2008.- Jorn Utzon, arquitecto dan\u00e9s.<\/p>\n\n\n\n<p class=\"wp-block-paragraph\">2010.- Mario Monicelli, cineasta italiano.<\/p>\n\n\n\n<p class=\"wp-block-paragraph\">2011.- Indira Goswami, escritora india.<\/p>\n\n\n\n<p class=\"wp-block-paragraph\">2016.- Luis Alberto Monge, expresidente de Costa Rica.<\/p>\n\n\n\n<p class=\"wp-block-paragraph\">2017.- Tony Luz, m\u00fasico espa\u00f1ol, guitarrista de Los Pekenenikes.<\/p>\n\n\n\n<p class=\"wp-block-paragraph\">2019.- Yasuhiro Nakasone, exprimer ministro nip\u00f3n.<\/p>\n","protected":false},"excerpt":{"rendered":"<p>Un d\u00eda 29 de noviembre como hoy, pero de 1947, la Asamblea General adopta la resoluci\u00f3n 181 con la propuesta de creaci\u00f3n en Palestina en dos estados: uno \u00e1rabe y otro jud\u00edo. Otras efem\u00e9rides 1534.- La ciudad de Jauja (Per\u00fa), que hab\u00eda sido fundada por Francisco Pizarro, es trasladada a su actual emplazamiento. 1811.- El [&hellip;]<\/p>\n","protected":false},"author":6,"featured_media":73292,"comment_status":"closed","ping_status":"closed","sticky":false,"template":"","format":"standard","meta":{"_acf_changed":false,"_monsterinsights_skip_tracking":false,"slim_seo":{"title":"Efem\u00e9rides 29 de noviembre | Un d\u00eda como hoy en la historia... - Opini\u00f3n P\u00fablica","description":"Un d\u00eda 29 de noviembre como hoy, pero de 1947, la Asamblea General adopta la resoluci\u00f3n 181 con la propuesta de creaci\u00f3n en Palestina en dos estados: uno \u00e1rabe"},"footnotes":""},"categories":[27],"tags":[1329,1331,1330,59],"class_list":["post-73290","post","type-post","status-publish","format-standard","has-post-thumbnail","hentry","category-un-dia-como-hoy","tag-efemerides-29-de-noviembre","tag-israel","tag-palestina","tag-un-dia-como-hoy"],"acf":[],"_links":{"self":[{"href":"https:\/\/www.opinionpublica.tv\/portada\/wp-json\/wp\/v2\/posts\/73290","targetHints":{"allow":["GET"]}}],"collection":[{"href":"https:\/\/www.opinionpublica.tv\/portada\/wp-json\/wp\/v2\/posts"}],"about":[{"href":"https:\/\/www.opinionpublica.tv\/portada\/wp-json\/wp\/v2\/types\/post"}],"author":[{"embeddable":true,"href":"https:\/\/www.opinionpublica.tv\/portada\/wp-json\/wp\/v2\/users\/6"}],"replies":[{"embeddable":true,"href":"https:\/\/www.opinionpublica.tv\/portada\/wp-json\/wp\/v2\/comments?post=73290"}],"version-history":[{"count":3,"href":"https:\/\/www.opinionpublica.tv\/portada\/wp-json\/wp\/v2\/posts\/73290\/revisions"}],"predecessor-version":[{"id":73294,"href":"https:\/\/www.opinionpublica.tv\/portada\/wp-json\/wp\/v2\/posts\/73290\/revisions\/73294"}],"wp:featuredmedia":[{"embeddable":true,"href":"https:\/\/www.opinionpublica.tv\/portada\/wp-json\/wp\/v2\/media\/73292"}],"wp:attachment":[{"href":"https:\/\/www.opinionpublica.tv\/portada\/wp-json\/wp\/v2\/media?parent=73290"}],"wp:term":[{"taxonomy":"category","embeddable":true,"href":"https:\/\/www.opinionpublica.tv\/portada\/wp-json\/wp\/v2\/categories?post=73290"},{"taxonomy":"post_tag","embeddable":true,"href":"https:\/\/www.opinionpublica.tv\/portada\/wp-json\/wp\/v2\/tags?post=73290"}],"curies":[{"name":"wp","href":"https:\/\/api.w.org\/{rel}","templated":true}]}}