{"id":73149,"date":"2025-11-27T00:01:00","date_gmt":"2025-11-27T07:01:00","guid":{"rendered":"https:\/\/www.opinionpublica.tv\/portada\/?p=73149"},"modified":"2025-11-26T18:37:23","modified_gmt":"2025-11-27T01:37:23","slug":"renueva-secretaria-de-turismo-imagen-urbana-de-villa-ahumada-con-rutas-magicas-de-color","status":"publish","type":"post","link":"https:\/\/www.opinionpublica.tv\/portada\/renueva-secretaria-de-turismo-imagen-urbana-de-villa-ahumada-con-rutas-magicas-de-color\/","title":{"rendered":"Renueva Secretar\u00eda de Turismo imagen de Villa Ahumada con &#8216;Rutas M\u00e1gicas de Color&#8217;"},"content":{"rendered":"\n<figure class=\"wp-block-image size-large\"><img fetchpriority=\"high\" decoding=\"async\" width=\"1024\" height=\"768\" src=\"https:\/\/www.opinionpublica.tv\/portada\/wp-content\/uploads\/2025\/11\/Renueva-Secretaria-de-Turismo-imagen-de-Villa-Ahumada-con-Rutas-Magicas-de-Color-1024x768.jpeg\" alt=\"Renueva secretari\u0301a de turismo imagen de villa ahumada con 'rutas ma\u0301gicas de color'\" class=\"wp-image-73151\" srcset=\"https:\/\/www.opinionpublica.tv\/portada\/wp-content\/uploads\/2025\/11\/Renueva-Secretaria-de-Turismo-imagen-de-Villa-Ahumada-con-Rutas-Magicas-de-Color-1024x768.jpeg 1024w, https:\/\/www.opinionpublica.tv\/portada\/wp-content\/uploads\/2025\/11\/Renueva-Secretaria-de-Turismo-imagen-de-Villa-Ahumada-con-Rutas-Magicas-de-Color-300x225.jpeg 300w, https:\/\/www.opinionpublica.tv\/portada\/wp-content\/uploads\/2025\/11\/Renueva-Secretaria-de-Turismo-imagen-de-Villa-Ahumada-con-Rutas-Magicas-de-Color-768x576.jpeg 768w, https:\/\/www.opinionpublica.tv\/portada\/wp-content\/uploads\/2025\/11\/Renueva-Secretaria-de-Turismo-imagen-de-Villa-Ahumada-con-Rutas-Magicas-de-Color-1536x1152.jpeg 1536w, https:\/\/www.opinionpublica.tv\/portada\/wp-content\/uploads\/2025\/11\/Renueva-Secretaria-de-Turismo-imagen-de-Villa-Ahumada-con-Rutas-Magicas-de-Color.jpeg 1600w\" sizes=\"(max-width: 1024px) 100vw, 1024px\" \/><\/figure>\n\n\n\n<p><em>Villa Ahumada, Chih<\/em>.- El Gobierno del Estado, a trav\u00e9s de la Secretar\u00eda de Turismo, entreg\u00f3 los trabajos de renovaci\u00f3n de la imagen urbana del poblado de Villa Ahumada, como parte del programa \u201cRutas M\u00e1gicas de Color\u201d.<\/p>\n\n\n\n<p>La intervenci\u00f3n consisti\u00f3 en la aplicaci\u00f3n de pintura en 11 mil metros cuadrados de fachadas, de inmuebles situados en zonas emblem\u00e1ticas del poblado y en el corredor comercial, con una inversi\u00f3n de un mill\u00f3n de pesos.<\/p>\n\n\n\n<p>A trav\u00e9s de la iniciativa \u201cRutas M\u00e1gicas de Color\u201d se embellecen los espacios urbanos, lo que fortalece la identidad comunitaria y detona la actividad tur\u00edstica.<\/p>\n\n\n\n<p>La entrega de la obra fue presidida por el subsecretario de Turismo, Orlando Barraza Ch\u00e1vez, quien dijo que Ahumada es un destino con historia, gastronom\u00eda y paisajes \u00fanicos, donde cada intervenci\u00f3n aporta a su vocaci\u00f3n tur\u00edstica.<\/p>\n\n\n\n<p>Durante el evento estuvieron presentes Iv\u00e1n Rodelo, presidente municipal de Ahumada; Francisco Javier Orrantia, director de Planeaci\u00f3n Tur\u00edstica; Gerardo Hern\u00e1ndez, secretario del Ayuntamiento y Alfonso Ram\u00edrez, director de Planeaci\u00f3n y Proyectos.<\/p>\n\n\n\n<p>Tambi\u00e9n estuvo Andr\u00e9s N\u00e1jera, director de Obras P\u00fablicas Municipales; as\u00ed como habitantes de la localidad, representantes del sector tur\u00edstico y miembros del Consejo Consultivo Municipal de Turismo.<\/p>\n","protected":false},"excerpt":{"rendered":"<p>Villa Ahumada, Chih.- El Gobierno del Estado, a trav\u00e9s de la Secretar\u00eda de Turismo, entreg\u00f3 los trabajos de renovaci\u00f3n de la imagen urbana del poblado de Villa Ahumada, como parte del programa \u201cRutas M\u00e1gicas de Color\u201d. La intervenci\u00f3n consisti\u00f3 en la aplicaci\u00f3n de pintura en 11 mil metros cuadrados de fachadas, de inmuebles situados en [&hellip;]<\/p>\n","protected":false},"author":6,"featured_media":73151,"comment_status":"closed","ping_status":"closed","sticky":false,"template":"","format":"standard","meta":{"_acf_changed":false,"_monsterinsights_skip_tracking":false,"_monsterinsights_sitenote_active":false,"_monsterinsights_sitenote_note":"","_monsterinsights_sitenote_category":0,"slim_seo":{"title":"Renueva Secretar\u00eda de Turismo imagen de Villa Ahumada con 'Rutas M\u00e1gicas de Color' - Opini\u00f3n P\u00fablica","description":"Villa Ahumada, Chih .- El Gobierno del Estado, a trav\u00e9s de la Secretar\u00eda de Turismo, entreg\u00f3 los trabajos de renovaci\u00f3n de la imagen urbana del poblado de Villa"},"footnotes":""},"categories":[11],"tags":[586,1139],"class_list":["post-73149","post","type-post","status-publish","format-standard","has-post-thumbnail","hentry","category-tendencias","tag-turismo-chihuahua","tag-villa-ahumada"],"acf":[],"_links":{"self":[{"href":"https:\/\/www.opinionpublica.tv\/portada\/wp-json\/wp\/v2\/posts\/73149","targetHints":{"allow":["GET"]}}],"collection":[{"href":"https:\/\/www.opinionpublica.tv\/portada\/wp-json\/wp\/v2\/posts"}],"about":[{"href":"https:\/\/www.opinionpublica.tv\/portada\/wp-json\/wp\/v2\/types\/post"}],"author":[{"embeddable":true,"href":"https:\/\/www.opinionpublica.tv\/portada\/wp-json\/wp\/v2\/users\/6"}],"replies":[{"embeddable":true,"href":"https:\/\/www.opinionpublica.tv\/portada\/wp-json\/wp\/v2\/comments?post=73149"}],"version-history":[{"count":2,"href":"https:\/\/www.opinionpublica.tv\/portada\/wp-json\/wp\/v2\/posts\/73149\/revisions"}],"predecessor-version":[{"id":73153,"href":"https:\/\/www.opinionpublica.tv\/portada\/wp-json\/wp\/v2\/posts\/73149\/revisions\/73153"}],"wp:featuredmedia":[{"embeddable":true,"href":"https:\/\/www.opinionpublica.tv\/portada\/wp-json\/wp\/v2\/media\/73151"}],"wp:attachment":[{"href":"https:\/\/www.opinionpublica.tv\/portada\/wp-json\/wp\/v2\/media?parent=73149"}],"wp:term":[{"taxonomy":"category","embeddable":true,"href":"https:\/\/www.opinionpublica.tv\/portada\/wp-json\/wp\/v2\/categories?post=73149"},{"taxonomy":"post_tag","embeddable":true,"href":"https:\/\/www.opinionpublica.tv\/portada\/wp-json\/wp\/v2\/tags?post=73149"}],"curies":[{"name":"wp","href":"https:\/\/api.w.org\/{rel}","templated":true}]}}