{"id":73142,"date":"2025-11-27T00:01:00","date_gmt":"2025-11-27T07:01:00","guid":{"rendered":"https:\/\/www.opinionpublica.tv\/portada\/?p=73142"},"modified":"2025-11-26T18:38:17","modified_gmt":"2025-11-27T01:38:17","slug":"realizan-segunda-entrega-de-juntos-construimos-en-escuela-aurelia-calderon-en-juarez","status":"publish","type":"post","link":"https:\/\/www.opinionpublica.tv\/portada\/realizan-segunda-entrega-de-juntos-construimos-en-escuela-aurelia-calderon-en-juarez\/","title":{"rendered":"Dan segunda entrega &#8216;Juntos Construimos&#8217; en escuela Aurelia Calder\u00f3n en Ju\u00e1rez"},"content":{"rendered":"\n<figure class=\"wp-block-image size-large\"><img fetchpriority=\"high\" decoding=\"async\" width=\"1024\" height=\"683\" src=\"https:\/\/www.opinionpublica.tv\/portada\/wp-content\/uploads\/2025\/11\/Dan-segunda-entrega-Juntos-Construimos-en-escuela-Aurelia-Calderon-en-Juarez-1024x683.jpeg\" alt=\"Dan segunda entrega 'juntos construimos' en escuela aurelia caldero\u0301n en jua\u0301rez\" class=\"wp-image-73147\" srcset=\"https:\/\/www.opinionpublica.tv\/portada\/wp-content\/uploads\/2025\/11\/Dan-segunda-entrega-Juntos-Construimos-en-escuela-Aurelia-Calderon-en-Juarez-1024x683.jpeg 1024w, https:\/\/www.opinionpublica.tv\/portada\/wp-content\/uploads\/2025\/11\/Dan-segunda-entrega-Juntos-Construimos-en-escuela-Aurelia-Calderon-en-Juarez-300x200.jpeg 300w, https:\/\/www.opinionpublica.tv\/portada\/wp-content\/uploads\/2025\/11\/Dan-segunda-entrega-Juntos-Construimos-en-escuela-Aurelia-Calderon-en-Juarez-768x512.jpeg 768w, https:\/\/www.opinionpublica.tv\/portada\/wp-content\/uploads\/2025\/11\/Dan-segunda-entrega-Juntos-Construimos-en-escuela-Aurelia-Calderon-en-Juarez-1536x1024.jpeg 1536w, https:\/\/www.opinionpublica.tv\/portada\/wp-content\/uploads\/2025\/11\/Dan-segunda-entrega-Juntos-Construimos-en-escuela-Aurelia-Calderon-en-Juarez.jpeg 1599w\" sizes=\"(max-width: 1024px) 100vw, 1024px\" \/><\/figure>\n\n\n\n<p><em>Ciudad Ju\u00e1rez, Chih<\/em>.- Como parte del programa \u201cJuntos Construimos\u201d, la Secretar\u00eda de Educaci\u00f3n y Deporte (SEyD), en coordinaci\u00f3n con el Instituto Chihuahuense de Infraestructura F\u00edsica Educativa (Ichife), realiz\u00f3 la Segunda Entrega de Equipamiento y Material Escolar a Escuelas de Educaci\u00f3n B\u00e1sica, en beneficio de cinco planteles de Ciudad Ju\u00e1rez.<\/p>\n\n\n\n<p>En esta ocasi\u00f3n se tuvo como sede la Escuela Aurelia Calder\u00f3n de Escobar, donde se entreg\u00f3 pintura blanca, impermeabilizante, sillas de paleta y binarias, sillas para maestros, mesas, pizarrones, calentones y aires evaporativos, apoyos para m\u00e1s de 3 mil estudiantes de ambos turnos.<\/p>\n\n\n\n<p>Florencio Pe\u00f1a, delegado del Ichife en la Zona Norte, se\u00f1al\u00f3 que este programa, impulsado por la gobernadora Maru Campos, naci\u00f3 como una estrategia para llevar dignidad a los espacios de aprendizaje de Ciudad Ju\u00e1rez, principalmente en sectores donde las escuelas requieren infraestructura m\u00e1s segura y acorde a las necesidades de su comunidad.<\/p>\n\n\n\n<p>Las escuelas beneficiadas en esta entrega son la Secundaria Federal No. 11, la Secundaria T\u00e9cnica No. 93, la Rotaria Eduardo Quezada Fornelli y la Secundaria T\u00e9cnica No. 98, adem\u00e1s de la Escuela Aurelia Calder\u00f3n de Escobar, que fungi\u00f3 como punto estrat\u00e9gico para distribuir el apoyo.<\/p>\n\n\n\n<p>Esta entrega forma parte del programa de intervenci\u00f3n que llegar\u00e1 a 109 escuelas de la frontera, para beneficiar a m\u00e1s de 30 mil ni\u00f1as, ni\u00f1os y adolescentes, al brindarles espacios adecuados para su desarrollo.<\/p>\n","protected":false},"excerpt":{"rendered":"<p>Ciudad Ju\u00e1rez, Chih.- Como parte del programa \u201cJuntos Construimos\u201d, la Secretar\u00eda de Educaci\u00f3n y Deporte (SEyD), en coordinaci\u00f3n con el Instituto Chihuahuense de Infraestructura F\u00edsica Educativa (Ichife), realiz\u00f3 la Segunda Entrega de Equipamiento y Material Escolar a Escuelas de Educaci\u00f3n B\u00e1sica, en beneficio de cinco planteles de Ciudad Ju\u00e1rez. En esta ocasi\u00f3n se tuvo como [&hellip;]<\/p>\n","protected":false},"author":6,"featured_media":73147,"comment_status":"closed","ping_status":"closed","sticky":false,"template":"","format":"standard","meta":{"_acf_changed":false,"_monsterinsights_skip_tracking":false,"_monsterinsights_sitenote_active":false,"_monsterinsights_sitenote_note":"","_monsterinsights_sitenote_category":0,"slim_seo":{"title":"Dan segunda entrega 'Juntos Construimos' en escuela Aurelia Calder\u00f3n en Ju\u00e1rez - Opini\u00f3n P\u00fablica","description":"Ciudad Ju\u00e1rez, Chih .- Como parte del programa \u201cJuntos Construimos\u201d, la Secretar\u00eda de Educaci\u00f3n y Deporte (SEyD), en coordinaci\u00f3n con el Instituto Chihuahuense"},"footnotes":""},"categories":[11],"tags":[608,55,1280],"class_list":["post-73142","post","type-post","status-publish","format-standard","has-post-thumbnail","hentry","category-tendencias","tag-ciudad-juarez","tag-escuelas","tag-infraestructura-educativa"],"acf":[],"_links":{"self":[{"href":"https:\/\/www.opinionpublica.tv\/portada\/wp-json\/wp\/v2\/posts\/73142","targetHints":{"allow":["GET"]}}],"collection":[{"href":"https:\/\/www.opinionpublica.tv\/portada\/wp-json\/wp\/v2\/posts"}],"about":[{"href":"https:\/\/www.opinionpublica.tv\/portada\/wp-json\/wp\/v2\/types\/post"}],"author":[{"embeddable":true,"href":"https:\/\/www.opinionpublica.tv\/portada\/wp-json\/wp\/v2\/users\/6"}],"replies":[{"embeddable":true,"href":"https:\/\/www.opinionpublica.tv\/portada\/wp-json\/wp\/v2\/comments?post=73142"}],"version-history":[{"count":4,"href":"https:\/\/www.opinionpublica.tv\/portada\/wp-json\/wp\/v2\/posts\/73142\/revisions"}],"predecessor-version":[{"id":73148,"href":"https:\/\/www.opinionpublica.tv\/portada\/wp-json\/wp\/v2\/posts\/73142\/revisions\/73148"}],"wp:featuredmedia":[{"embeddable":true,"href":"https:\/\/www.opinionpublica.tv\/portada\/wp-json\/wp\/v2\/media\/73147"}],"wp:attachment":[{"href":"https:\/\/www.opinionpublica.tv\/portada\/wp-json\/wp\/v2\/media?parent=73142"}],"wp:term":[{"taxonomy":"category","embeddable":true,"href":"https:\/\/www.opinionpublica.tv\/portada\/wp-json\/wp\/v2\/categories?post=73142"},{"taxonomy":"post_tag","embeddable":true,"href":"https:\/\/www.opinionpublica.tv\/portada\/wp-json\/wp\/v2\/tags?post=73142"}],"curies":[{"name":"wp","href":"https:\/\/api.w.org\/{rel}","templated":true}]}}