{"id":73130,"date":"2025-11-27T00:01:00","date_gmt":"2025-11-27T07:01:00","guid":{"rendered":"https:\/\/www.opinionpublica.tv\/portada\/?p=73130"},"modified":"2025-11-26T17:59:49","modified_gmt":"2025-11-27T00:59:49","slug":"se-desploma-32-interes-de-empresarios-para-invertir-en-mexico-encuesta-ipade-incertidumbre-juridica-y-economica","status":"publish","type":"post","link":"https:\/\/www.opinionpublica.tv\/portada\/se-desploma-32-interes-de-empresarios-para-invertir-en-mexico-encuesta-ipade-incertidumbre-juridica-y-economica\/","title":{"rendered":"Por incertidumbre jur\u00eddica y econ\u00f3mica se desploma 32% inter\u00e9s empresarial para invertir en M\u00e9xico: encuesta Ipade"},"content":{"rendered":"\n<figure class=\"wp-block-image size-full\"><img fetchpriority=\"high\" decoding=\"async\" width=\"1006\" height=\"620\" src=\"https:\/\/www.opinionpublica.tv\/portada\/wp-content\/uploads\/2025\/11\/Por-incertidumbre-juridica-y-economica-se-desploma-32-interes-empresarial-para-invertir-en-Mexico-encuesta-Ipade.avif\" alt=\"Por incertidumbre juri\u0301dica y econo\u0301mica se desploma 32% intere\u0301s empresarial para invertir en me\u0301xico encuesta ipade\" class=\"wp-image-73135\" srcset=\"https:\/\/www.opinionpublica.tv\/portada\/wp-content\/uploads\/2025\/11\/Por-incertidumbre-juridica-y-economica-se-desploma-32-interes-empresarial-para-invertir-en-Mexico-encuesta-Ipade.avif 1006w, https:\/\/www.opinionpublica.tv\/portada\/wp-content\/uploads\/2025\/11\/Por-incertidumbre-juridica-y-economica-se-desploma-32-interes-empresarial-para-invertir-en-Mexico-encuesta-Ipade-300x185.avif 300w, https:\/\/www.opinionpublica.tv\/portada\/wp-content\/uploads\/2025\/11\/Por-incertidumbre-juridica-y-economica-se-desploma-32-interes-empresarial-para-invertir-en-Mexico-encuesta-Ipade-768x473.avif 768w\" sizes=\"(max-width: 1006px) 100vw, 1006px\" \/><\/figure>\n\n\n\n<p>El inter\u00e9s por invertir del sector empresarial de M\u00e9xico cay\u00f3 a uno de sus niveles m\u00e1s bajos, de acuerdo con la \u201cEncuesta de Expectativas Empresariales\u201d del Ipade Business School.<\/p>\n\n\n\n<p>\u201cEl empresariado mexicano atraviesa su semestre de mayor incertidumbre desde 2020 que se realiza la Encuesta de Expectativas Empresariales, seg\u00fan revela el levantamiento, la proporci\u00f3n de empresarios que considera este un buen momento para invertir en M\u00e9xico se desplom\u00f3 a 35.2%, su nivel m\u00e1s bajo desde que inici\u00f3 la medici\u00f3n\u201d, se\u00f1ala el documento.<\/p>\n\n\n\n<p>Durante la presentaci\u00f3n del estudio, representantes del Ipade expusieron que \u201cesta cifra representa una ca\u00edda acumulada de 19.2 puntos porcentuales respecto al primer semestre de 2024 (54.4%), lo que equivale a que uno de cada tres empresarios que consideraba invertir ha abandonado esa perspectiva\u201d.<\/p>\n\n\n\n<p>Consideraron que las tres principales preocupaciones de los empresarios son: la falta de certeza jur\u00eddica, econ\u00f3mica y la inseguridad, lo que provoc\u00f3 una ca\u00edda del inter\u00e9s por invertir.<\/p>\n\n\n\n<p>La incertidumbre pol\u00edtica es la cuarta preocupaci\u00f3n, seguida de la administraci\u00f3n, gesti\u00f3n y mercado laboral.<\/p>\n\n\n\n<p>Casi 50% de empresarios creen que no es buen momento para invertir<\/p>\n\n\n\n<p>Los resultados del estudio, hecho en el primer semestre de 2025, mostraron que el 46.4% de los empresarios consider\u00f3 que no es buen momento para invertir; el 35.2% dijo que s\u00ed ven condiciones para ello y el resto dijeron no saber.<\/p>\n\n\n\n<p>En cuanto a las expectativas de ventas, el 33% de los encuestados considera que \u00e9stas disminuir\u00e1n; mientras que el 41.2% dijo que crecer\u00e1n hasta en 10%; 17.6% dijo que podr\u00eda llegar el crecimiento hasta 20% y 5.9% dijo que crecer\u00e1n entre 20% y 50%.<\/p>\n\n\n\n<p>El Ipade Business School record\u00f3 que la Encuesta de Expectativas Empresariales es un levantamiento que realizan semestralmente, a trav\u00e9s del cual eval\u00faan el clima de negocios y el optimismo empresarial.<\/p>\n\n\n\n<p>En esta medici\u00f3n se encuest\u00f3 a mil 477 l\u00edderes de todo el pa\u00eds egresados de los programas de Alta Direcci\u00f3n del Ipade.<\/p>\n\n\n\n<p>El optimismo sobre el entorno nacional cay\u00f3 a 5.6 de 10, su nivel m\u00e1s bajo registrado y una ca\u00edda acumulada de 0.9 puntos desde inicios de 2024.<\/p>\n\n\n\n<p>Lo que contrasta con el comportamiento del optimismo personal que se ubic\u00f3 en 7.5 puntos y el organizacional con 7 puntos, por lo que se mantienen en mejores momentos y refleja la brecha cr\u00edtica entre la confianza individual y la percepci\u00f3n del pa\u00eds.<\/p>\n\n\n\n<p>Durante la presentaci\u00f3n del estudio, el profesor Antonio Casanueva, Director de los Programas de Alta Direcci\u00f3n del Ipade dijo: \u201cEstamos viendo una recomposici\u00f3n del mapa de incertidumbres.<\/p>\n\n\n\n<p>El empresariado requiere operar en un entorno complejo y ha cambiado su optimismo; en cuanto a las expectativas de ventas el estudio revela que uno de cada seis empresarios optimistas cambi\u00f3 su perspectiva a neutral o negativa\u201d.<\/p>\n\n\n\n<p>Mientras que el profesor del \u00e1rea de Entorno Econ\u00f3mico, Jos\u00e9 Carlos Rodr\u00edguez Pueblita, expuso que \u201cel empresariado mexicano tiene la capacidad y el talento, pero el entorno institucional influye en las decisiones de inversi\u00f3n\u201d.<\/p>\n\n\n\n<p>La encuesta se aplic\u00f3 a directivos de empresas cuyas empresas est\u00e1n mayoritariamente en la Zona Metropolitana de la Ciudad de M\u00e9xico, Jalisco, Nuevo Le\u00f3n, aunque tambi\u00e9n tienen operaciones a nivel nacional.<\/p>\n\n\n\n<p>Los encuestados por el Ipade dirigen empresas de manufactura, servicios profesionales, comercializaci\u00f3n mayorista, finanzas, construcci\u00f3n, servicios log\u00edsticos, bienes ra\u00edces, informaci\u00f3n, entre otros.<\/p>\n\n\n\n<p><em>Con informaci\u00f3n de El Universal<\/em>.<\/p>\n","protected":false},"excerpt":{"rendered":"<p>El inter\u00e9s por invertir del sector empresarial de M\u00e9xico cay\u00f3 a uno de sus niveles m\u00e1s bajos, de acuerdo con la \u201cEncuesta de Expectativas Empresariales\u201d del Ipade Business School. \u201cEl empresariado mexicano atraviesa su semestre de mayor incertidumbre desde 2020 que se realiza la Encuesta de Expectativas Empresariales, seg\u00fan revela el levantamiento, la proporci\u00f3n de [&hellip;]<\/p>\n","protected":false},"author":6,"featured_media":73135,"comment_status":"closed","ping_status":"closed","sticky":false,"template":"","format":"standard","meta":{"_acf_changed":false,"_monsterinsights_skip_tracking":false,"_monsterinsights_sitenote_active":false,"_monsterinsights_sitenote_note":"","_monsterinsights_sitenote_category":0,"slim_seo":{"title":"Por incertidumbre jur\u00eddica y econ\u00f3mica se desploma 32% inter\u00e9s empresarial para invertir en M\u00e9xico: encuesta Ipade - Opini\u00f3n P\u00fablica","description":"El inter\u00e9s por invertir del sector empresarial de M\u00e9xico cay\u00f3 a uno de sus niveles m\u00e1s bajos, de acuerdo con la \u201cEncuesta de Expectativas Empresariales\u201d del Ipa"},"footnotes":""},"categories":[3],"tags":[1137],"class_list":["post-73130","post","type-post","status-publish","format-standard","has-post-thumbnail","hentry","category-principal","tag-inversion-productiva"],"acf":[],"_links":{"self":[{"href":"https:\/\/www.opinionpublica.tv\/portada\/wp-json\/wp\/v2\/posts\/73130","targetHints":{"allow":["GET"]}}],"collection":[{"href":"https:\/\/www.opinionpublica.tv\/portada\/wp-json\/wp\/v2\/posts"}],"about":[{"href":"https:\/\/www.opinionpublica.tv\/portada\/wp-json\/wp\/v2\/types\/post"}],"author":[{"embeddable":true,"href":"https:\/\/www.opinionpublica.tv\/portada\/wp-json\/wp\/v2\/users\/6"}],"replies":[{"embeddable":true,"href":"https:\/\/www.opinionpublica.tv\/portada\/wp-json\/wp\/v2\/comments?post=73130"}],"version-history":[{"count":5,"href":"https:\/\/www.opinionpublica.tv\/portada\/wp-json\/wp\/v2\/posts\/73130\/revisions"}],"predecessor-version":[{"id":73136,"href":"https:\/\/www.opinionpublica.tv\/portada\/wp-json\/wp\/v2\/posts\/73130\/revisions\/73136"}],"wp:featuredmedia":[{"embeddable":true,"href":"https:\/\/www.opinionpublica.tv\/portada\/wp-json\/wp\/v2\/media\/73135"}],"wp:attachment":[{"href":"https:\/\/www.opinionpublica.tv\/portada\/wp-json\/wp\/v2\/media?parent=73130"}],"wp:term":[{"taxonomy":"category","embeddable":true,"href":"https:\/\/www.opinionpublica.tv\/portada\/wp-json\/wp\/v2\/categories?post=73130"},{"taxonomy":"post_tag","embeddable":true,"href":"https:\/\/www.opinionpublica.tv\/portada\/wp-json\/wp\/v2\/tags?post=73130"}],"curies":[{"name":"wp","href":"https:\/\/api.w.org\/{rel}","templated":true}]}}