{"id":73127,"date":"2025-11-27T00:01:00","date_gmt":"2025-11-27T07:01:00","guid":{"rendered":"https:\/\/www.opinionpublica.tv\/portada\/?p=73127"},"modified":"2025-11-26T17:41:57","modified_gmt":"2025-11-27T00:41:57","slug":"video-las-crisis-solo-revelan-la-verdadera-esencia-autoritaria-de-la-4t-lorenzo-cordova","status":"publish","type":"post","link":"https:\/\/www.opinionpublica.tv\/portada\/video-las-crisis-solo-revelan-la-verdadera-esencia-autoritaria-de-la-4t-lorenzo-cordova\/","title":{"rendered":"Video: Las crisis s\u00f3lo revelan la verdadera esencia autoritaria de la 4T | Lorenzo C\u00f3rdova"},"content":{"rendered":"\n<p><a href=\"https:\/\/www.youtube.com\/@Latinusus\"><\/a><\/p>\n\n\n\n<figure class=\"wp-block-embed is-type-video is-provider-youtube wp-block-embed-youtube wp-embed-aspect-16-9 wp-has-aspect-ratio\"><div class=\"wp-block-embed__wrapper\">\n<iframe title=\"Las crisis s\u00f3lo revelan la verdadera esencia autoritaria de la 4T: Lorenzo C\u00f3rdova\" width=\"800\" height=\"450\" src=\"https:\/\/www.youtube.com\/embed\/3wqNzfprFtE?feature=oembed\" frameborder=\"0\" allow=\"accelerometer; autoplay; clipboard-write; encrypted-media; gyroscope; picture-in-picture; web-share\" referrerpolicy=\"strict-origin-when-cross-origin\" allowfullscreen><\/iframe>\n<\/div><\/figure>\n\n\n\n<p>El ex acad\u00e9mico y ex presidente del INE, Lorenzo C\u00f3rdova, asegura que las crisis s\u00f3lo revelan la verdadera esencia autoritaria de la 4T.<\/p>\n\n\n\n<p><em>Cr\u00e9ditos: Latinus<\/em>.<\/p>\n","protected":false},"excerpt":{"rendered":"<p>El ex acad\u00e9mico y ex presidente del INE, Lorenzo C\u00f3rdova, asegura que las crisis s\u00f3lo revelan la verdadera esencia autoritaria de la 4T. Cr\u00e9ditos: Latinus.<\/p>\n","protected":false},"author":6,"featured_media":73129,"comment_status":"closed","ping_status":"closed","sticky":false,"template":"","format":"standard","meta":{"_acf_changed":false,"_monsterinsights_skip_tracking":false,"_monsterinsights_sitenote_active":false,"_monsterinsights_sitenote_note":"","_monsterinsights_sitenote_category":0,"slim_seo":{"title":"Video: Las crisis s\u00f3lo revelan la verdadera esencia autoritaria de la 4T | Lorenzo C\u00f3rdova - Opini\u00f3n P\u00fablica","description":"https:\/\/youtu.be\/3wqNzfprFtE?si=PkIEcxT2TuUeP1ng El ex acad\u00e9mico y ex presidente del INE, Lorenzo C\u00f3rdova, asegura que las crisis s\u00f3lo revelan la verdadera esen"},"footnotes":""},"categories":[2,13,8],"tags":[1134,68],"class_list":["post-73127","post","type-post","status-publish","format-standard","has-post-thumbnail","hentry","category-videos-destacados","category-videos-destacados-contenido","category-videos","tag-latinus","tag-lorenzo-cordova"],"acf":[],"_links":{"self":[{"href":"https:\/\/www.opinionpublica.tv\/portada\/wp-json\/wp\/v2\/posts\/73127","targetHints":{"allow":["GET"]}}],"collection":[{"href":"https:\/\/www.opinionpublica.tv\/portada\/wp-json\/wp\/v2\/posts"}],"about":[{"href":"https:\/\/www.opinionpublica.tv\/portada\/wp-json\/wp\/v2\/types\/post"}],"author":[{"embeddable":true,"href":"https:\/\/www.opinionpublica.tv\/portada\/wp-json\/wp\/v2\/users\/6"}],"replies":[{"embeddable":true,"href":"https:\/\/www.opinionpublica.tv\/portada\/wp-json\/wp\/v2\/comments?post=73127"}],"version-history":[{"count":1,"href":"https:\/\/www.opinionpublica.tv\/portada\/wp-json\/wp\/v2\/posts\/73127\/revisions"}],"predecessor-version":[{"id":73128,"href":"https:\/\/www.opinionpublica.tv\/portada\/wp-json\/wp\/v2\/posts\/73127\/revisions\/73128"}],"wp:featuredmedia":[{"embeddable":true,"href":"https:\/\/www.opinionpublica.tv\/portada\/wp-json\/wp\/v2\/media\/73129"}],"wp:attachment":[{"href":"https:\/\/www.opinionpublica.tv\/portada\/wp-json\/wp\/v2\/media?parent=73127"}],"wp:term":[{"taxonomy":"category","embeddable":true,"href":"https:\/\/www.opinionpublica.tv\/portada\/wp-json\/wp\/v2\/categories?post=73127"},{"taxonomy":"post_tag","embeddable":true,"href":"https:\/\/www.opinionpublica.tv\/portada\/wp-json\/wp\/v2\/tags?post=73127"}],"curies":[{"name":"wp","href":"https:\/\/api.w.org\/{rel}","templated":true}]}}