{"id":73121,"date":"2025-11-27T00:01:00","date_gmt":"2025-11-27T07:01:00","guid":{"rendered":"https:\/\/www.opinionpublica.tv\/portada\/?p=73121"},"modified":"2025-11-26T17:36:44","modified_gmt":"2025-11-27T00:36:44","slug":"efemerides-27-de-noviembre-un-dia-como-hoy-en-la-historia","status":"publish","type":"post","link":"https:\/\/www.opinionpublica.tv\/portada\/efemerides-27-de-noviembre-un-dia-como-hoy-en-la-historia\/","title":{"rendered":"Efem\u00e9rides 27 de noviembre | Un d\u00eda como hoy en la historia&#8230;"},"content":{"rendered":"\n<p><em>Un d\u00eda 27 de noviembre como hoy, pero de 1895, el cient\u00edfico y millonario sueco Alfred Nobel instituye en su testamento cinco premios anuales que llevar\u00e1n su nombre<\/em>.<\/p>\n\n\n\n<figure class=\"wp-block-image size-full\"><img fetchpriority=\"high\" decoding=\"async\" width=\"650\" height=\"350\" src=\"https:\/\/www.opinionpublica.tv\/portada\/wp-content\/uploads\/2025\/11\/1895-el-cientifico-y-millonario-sueco-Alfred-Nobel-instituye-en-su-testamento-cinco-premios-anuales-que-llevaran-su-nombre.webp\" alt=\"1895, el cienti\u0301fico y millonario sueco alfred nobel instituye en su testamento cinco premios anuales que llevara\u0301n su nombre\" class=\"wp-image-73123\" srcset=\"https:\/\/www.opinionpublica.tv\/portada\/wp-content\/uploads\/2025\/11\/1895-el-cientifico-y-millonario-sueco-Alfred-Nobel-instituye-en-su-testamento-cinco-premios-anuales-que-llevaran-su-nombre.webp 650w, https:\/\/www.opinionpublica.tv\/portada\/wp-content\/uploads\/2025\/11\/1895-el-cientifico-y-millonario-sueco-Alfred-Nobel-instituye-en-su-testamento-cinco-premios-anuales-que-llevaran-su-nombre-300x162.webp 300w\" sizes=\"(max-width: 650px) 100vw, 650px\" \/><\/figure>\n\n\n\n<p><strong>Otras efem\u00e9rides<\/strong><\/p>\n\n\n\n<p>1868.- El emperador de Jap\u00f3n traslada su residencia de la ciudad de Kyoto a Yedo, que tomar\u00eda el nombre de Tokio.<\/p>\n\n\n\n<p>1912.- Se firma el Tratado franco-espa\u00f1ol sobre Marruecos que concede a Espa\u00f1a la zona norte del pa\u00eds.<\/p>\n\n\n\n<p>1970.- Pablo VI sufre un atentado frustrado en Manila (Filipinas).<\/p>\n\n\n\n<p>1971.- La sonda sovi\u00e9tica Mars-2 llega a Marte. Aunque el aterrizaje no sali\u00f3 bien y acab\u00f3 estrell\u00e1ndose, fue el primer objeto que lleg\u00f3 al planeta rojo.<\/p>\n\n\n\n<p>1978.- En Turqu\u00eda, es fundado el Partido de los Trabajadores del Kurdist\u00e1n (PKK).<\/p>\n\n\n\n<p>1983.- 181 personas mueren al estrellarse en Mejorada del Campo (Madrid) un Boeing 747 de la compa\u00f1\u00eda colombiana Avianca cuando se dispon\u00eda a aterrizar en el aeropuerto de Barajas.<\/p>\n\n\n\n<p>1985.- El cometa Halley llega al punto de su \u00f3rbita m\u00e1s cercano a la Tierra: 92.9 millones de km de distancia.<\/p>\n\n\n\n<p>1990.- El Partido Conservador brit\u00e1nico elige a John Major l\u00edder del partido y primer ministro del Reino Unido en sustituci\u00f3n de Margaret Thatcher.<\/p>\n\n\n\n<p>1992.- Un incendio destruye parte del palacio imperial vien\u00e9s de Hofburg, antigua residencia de la emperatriz Isabel \u00abSissi\u00bb.<\/p>\n\n\n\n<p>1994.- Francisco Valera gana a los 20 a\u00f1os el Campeonato de Espa\u00f1a de Golf, y se convierte en campe\u00f3n m\u00e1s joven de la historia de este trofeo.<\/p>\n\n\n\n<p>1995.- Jefes de Estado y ministros de 27 pa\u00edses (15 de la UE y 12 del Mediterr\u00e1neo) asisten en Barcelona a la I Conferencia Euromediterr\u00e1nea.<\/p>\n\n\n\n<p>1996.- Concluye en Costa Rica la Cumbre del Ozono, en la que los ministros de Medio Ambiente de los 164 pa\u00edses participantes aprueban medidas obligatorias para proteger la capa de ozono.<\/p>\n\n\n\n<p>1999.- La laborista Helen Clark se convierte en la primera jefa de Gobierno de Nueva Zelanda tras el triunfo del Partido Liberal en los comicios.<\/p>\n\n\n\n<p>2004.- En Espa\u00f1a, Artur Mas es elegido presidente de la formaci\u00f3n nacionalista catalana CiU, tomando el relevo de Jordi Pujol.<\/p>\n\n\n\n<p>2008.- El escritor barcelon\u00e9s Juan Mars\u00e9 es galardonado con el Premio Cervantes.<\/p>\n\n\n\n<p>2009.- El Organismo Internacional para la Energ\u00eda At\u00f3mica (OIEA) condena a Ir\u00e1n por la opacidad de su programa nuclear.<\/p>\n\n\n\n<p>2012.- Los restos del l\u00edder palestino Yaser Arafat, fallecido en 2004, son exhumados ante la posibilidad de que pudiera haber sido envenenado.<\/p>\n\n\n\n<p>2012.- Bon Jovi publica su segundo \u00e1lbum en vivo, &#8216;Inside Out&#8217;.<\/p>\n\n\n\n<p>2013.- El ex primer ministro italiano Silvio Berlusconi es expulsado del Senado tras su condena a cuatro a\u00f1os de prisi\u00f3n por fraude fiscal.<\/p>\n\n\n\n<p>2016.- Argentina gana por primera vez la Copa Davis de tenis.<\/p>\n\n\n\n<p>2020.- El arque\u00f3logo franc\u00e9s Fran\u00e7ois Desset logra descifrar el elamita lineal, un sistema utilizado en Ir\u00e1n hace 4.400 a\u00f1os, lo que desmonta el origen mesopot\u00e1mico de la escritura.<\/p>\n\n\n\n<p><strong>Nacimientos<\/strong><\/p>\n\n\n\n<p>1865.- Jos\u00e9 Asunci\u00f3n Silva, poeta colombiano.<\/p>\n\n\n\n<p>1898.- Jos\u00e9 Mar\u00eda Gil-Robles, pol\u00edtico espa\u00f1ol.<\/p>\n\n\n\n<p>1921.- Alexander Dubceck, pol\u00edtico checoslovaco.<\/p>\n\n\n\n<p>1942.- Jimmy Hendrix, m\u00fasico y cantante estadounidense.<\/p>\n\n\n\n<p>1942.- Manolo Blahnik, dise\u00f1ador de moda espa\u00f1ol, famoso por su marca de zapatos.<\/p>\n\n\n\n<p>1945.- Felipe Campuzano, pianista y compositor espa\u00f1ol.<\/p>\n\n\n\n<p>1957.- Caroline Kenndy, abogada y diplom\u00e1tica estadounidense, hija del 35.\u00b0 presidente de los Estados.<\/p>\n\n\n\n<p>1960.- Yulia Timoshenko, pol\u00edtica ucraniana.<\/p>\n\n\n\n<p>1963.- Micky Molina, actor espa\u00f1ol.<\/p>\n\n\n\n<p>1965.- Rachida Dati, pol\u00edtica francesa.<\/p>\n\n\n\n<p>1969.- Natalia Mill\u00e1n, actriz, bailarina y cantante espa\u00f1ola.<\/p>\n\n\n\n<p>1978.- Unax Ugalde, actor espa\u00f1ol.<\/p>\n\n\n\n<p><strong>Defunciones<\/strong><\/p>\n\n\n\n<p>1811.- Gaspar Melchor de Jovellanos, pol\u00edtico y escritor espa\u00f1ol.<\/p>\n\n\n\n<p>1945.- Jos\u00e9 Mar\u00eda Sert, pintor espa\u00f1ol.<\/p>\n\n\n\n<p>1953.- Eugene Gladstone O&#8217;Neill, dramaturgo estadounidense, Premio Nobel de Literatura en 1936.<\/p>\n\n\n\n<p>1971.- Francisco Javier S\u00e1nchez Cant\u00f3n, historiador espa\u00f1ol.<\/p>\n\n\n\n<p>1982.- Federico Carlos S\u00e1inz de Robles, escritor espa\u00f1ol.<\/p>\n\n\n\n<p>1983.- Manuel Escorza, escritor peruano.<\/p>\n\n\n\n<p>1989.- Carlos Arias Navarro, expresidente del Gobierno espa\u00f1ol.<\/p>\n\n\n\n<p>1990.- Teresa Aguado, Mayte, empresaria espa\u00f1ola de hosteler\u00eda.<\/p>\n\n\n\n<p>1998.- Gloria Fuertes, poetisa espa\u00f1ola.<\/p>\n\n\n\n<p>2007.- Agust\u00edn \u00dabeda, pintor espa\u00f1ol.<\/p>\n\n\n\n<p>2011.- Ken Rusell, cineasta brit\u00e1nico.<\/p>\n\n\n\n<p>2020.- Mariv\u00ed Romero, cr\u00edtica taurina espa\u00f1ola.<\/p>\n\n\n\n<p>2021.- Almudena Grandes, escritora espa\u00f1ola.<\/p>\n\n\n\n<p>2023.- Miguel L\u00f3pez, El Hematocr\u00edtico, escritor, tuitero y educador espa\u00f1ol.<\/p>\n","protected":false},"excerpt":{"rendered":"<p>Un d\u00eda 27 de noviembre como hoy, pero de 1895, el cient\u00edfico y millonario sueco Alfred Nobel instituye en su testamento cinco premios anuales que llevar\u00e1n su nombre. Otras efem\u00e9rides 1868.- El emperador de Jap\u00f3n traslada su residencia de la ciudad de Kyoto a Yedo, que tomar\u00eda el nombre de Tokio. 1912.- Se firma el [&hellip;]<\/p>\n","protected":false},"author":6,"featured_media":73123,"comment_status":"closed","ping_status":"closed","sticky":false,"template":"","format":"standard","meta":{"_acf_changed":false,"_monsterinsights_skip_tracking":false,"_monsterinsights_sitenote_active":false,"_monsterinsights_sitenote_note":"","_monsterinsights_sitenote_category":0,"slim_seo":{"title":"Efem\u00e9rides 27 de noviembre | Un d\u00eda como hoy en la historia... - Opini\u00f3n P\u00fablica","description":"Un d\u00eda 27 de noviembre como hoy, pero de 1895, el cient\u00edfico y millonario sueco Alfred Nobel instituye en su testamento cinco premios anuales que llevar\u00e1n su no"},"footnotes":""},"categories":[27],"tags":[1311,1310,59],"class_list":["post-73121","post","type-post","status-publish","format-standard","has-post-thumbnail","hentry","category-un-dia-como-hoy","tag-alfred-nobel","tag-efemerides-27-de-noviembre","tag-un-dia-como-hoy"],"acf":[],"_links":{"self":[{"href":"https:\/\/www.opinionpublica.tv\/portada\/wp-json\/wp\/v2\/posts\/73121","targetHints":{"allow":["GET"]}}],"collection":[{"href":"https:\/\/www.opinionpublica.tv\/portada\/wp-json\/wp\/v2\/posts"}],"about":[{"href":"https:\/\/www.opinionpublica.tv\/portada\/wp-json\/wp\/v2\/types\/post"}],"author":[{"embeddable":true,"href":"https:\/\/www.opinionpublica.tv\/portada\/wp-json\/wp\/v2\/users\/6"}],"replies":[{"embeddable":true,"href":"https:\/\/www.opinionpublica.tv\/portada\/wp-json\/wp\/v2\/comments?post=73121"}],"version-history":[{"count":3,"href":"https:\/\/www.opinionpublica.tv\/portada\/wp-json\/wp\/v2\/posts\/73121\/revisions"}],"predecessor-version":[{"id":73126,"href":"https:\/\/www.opinionpublica.tv\/portada\/wp-json\/wp\/v2\/posts\/73121\/revisions\/73126"}],"wp:featuredmedia":[{"embeddable":true,"href":"https:\/\/www.opinionpublica.tv\/portada\/wp-json\/wp\/v2\/media\/73123"}],"wp:attachment":[{"href":"https:\/\/www.opinionpublica.tv\/portada\/wp-json\/wp\/v2\/media?parent=73121"}],"wp:term":[{"taxonomy":"category","embeddable":true,"href":"https:\/\/www.opinionpublica.tv\/portada\/wp-json\/wp\/v2\/categories?post=73121"},{"taxonomy":"post_tag","embeddable":true,"href":"https:\/\/www.opinionpublica.tv\/portada\/wp-json\/wp\/v2\/tags?post=73121"}],"curies":[{"name":"wp","href":"https:\/\/api.w.org\/{rel}","templated":true}]}}