{"id":73116,"date":"2025-11-27T00:01:00","date_gmt":"2025-11-27T07:01:00","guid":{"rendered":"https:\/\/www.opinionpublica.tv\/portada\/?p=73116"},"modified":"2025-11-26T17:20:26","modified_gmt":"2025-11-27T00:20:26","slug":"sheinbaum-llama-a-norona-a-respetar-a-viuda-del-alcalde-asesinado-en-uruapan","status":"publish","type":"post","link":"https:\/\/www.opinionpublica.tv\/portada\/sheinbaum-llama-a-norona-a-respetar-a-viuda-del-alcalde-asesinado-en-uruapan\/","title":{"rendered":"Sheinbaum llama a Noro\u00f1a a respetar a viuda del alcalde asesinado en Uruapan"},"content":{"rendered":"\n<figure class=\"wp-block-image size-full\"><img fetchpriority=\"high\" decoding=\"async\" width=\"770\" height=\"530\" src=\"https:\/\/www.opinionpublica.tv\/portada\/wp-content\/uploads\/2025\/11\/Sheinbaum-llama-a-Norona-a-respetar-a-viuda-del-alcalde-asesinado-en-Uruapan.webp\" alt=\"Sheinbaum llama a noron\u0303a a respetar a viuda del alcalde asesinado en uruapan\" class=\"wp-image-73118\" srcset=\"https:\/\/www.opinionpublica.tv\/portada\/wp-content\/uploads\/2025\/11\/Sheinbaum-llama-a-Norona-a-respetar-a-viuda-del-alcalde-asesinado-en-Uruapan.webp 770w, https:\/\/www.opinionpublica.tv\/portada\/wp-content\/uploads\/2025\/11\/Sheinbaum-llama-a-Norona-a-respetar-a-viuda-del-alcalde-asesinado-en-Uruapan-300x206.webp 300w, https:\/\/www.opinionpublica.tv\/portada\/wp-content\/uploads\/2025\/11\/Sheinbaum-llama-a-Norona-a-respetar-a-viuda-del-alcalde-asesinado-en-Uruapan-768x529.webp 768w\" sizes=\"(max-width: 770px) 100vw, 770px\" \/><\/figure>\n\n\n\n<p><em>Ciudad de M\u00e9xico<\/em>.- Ante las acusaciones emitidas por el senador de Morena, Gerardo Fern\u00e1ndez Noro\u00f1a, en contra de Grecia Quiroz, viuda del alcalde asesinado Carlos Manzo, la presidenta de M\u00e9xico, Claudia Sheinbaum, expres\u00f3 que se debe actuar con respeto.<\/p>\n\n\n\n<p>Desde Palacio Nacional, durante su conferencia de prensa matutina, la mandataria fue consultada sobre los se\u00f1alamientos del senador, quien acus\u00f3 a la actual alcaldesa de Uruapan de ser \u201cambiciosa, representar posiciones fascistas y buscar ser candidata a la gubernatura de Michoac\u00e1n\u201d.<\/p>\n\n\n\n<p>En estos casos hay que respetar primero. O sea, la esposa del alcalde, o ya alcaldesa de Uruapan, no est\u00e1 pasando por un momento f\u00e1cil. Acaba de perder a su esposo. Yo creo que en esa parte pues tiene que haber una sensibilidad para empezar\u201d, consider\u00f3.<\/p>\n\n\n\n<p>La mandataria federal se\u00f1al\u00f3 que los asuntos pol\u00edticos que involucren a Quiroz se pueden debatir, pero en otro momento, ya que lo prioritario ahora es mostrar solidaridad con ella.<\/p>\n\n\n\n<p>Ya si hay un asunto de debate pol\u00edtico, bueno, pues ya es otro tema. Pero yo creo que todo a su tiempo, todo a su debido tiempo, y hay que, en momentos, ser solidario, est\u00e9s de acuerdo o no est\u00e9s de acuerdo. Entonces esa es mi opini\u00f3n. Y ya para los pol\u00edticos, pues ya habr\u00e1 otros momentos\u201d, respondi\u00f3.<\/p>\n\n\n\n<p>Claudia Sheinbaum expres\u00f3:<\/p>\n\n\n\n<p>En estos casos hay que respetar primero. O sea, la esposa del alcalde, o ya alcaldesa de Uruapan, no est\u00e1 pasando por un momento f\u00e1cil. Acaba de perder a su esposo. Yo creo que en esa parte pues tiene que haber una sensibilidad para empezar\u201d. (Exc\u00e9lsior)<\/p>\n","protected":false},"excerpt":{"rendered":"<p>Ciudad de M\u00e9xico.- Ante las acusaciones emitidas por el senador de Morena, Gerardo Fern\u00e1ndez Noro\u00f1a, en contra de Grecia Quiroz, viuda del alcalde asesinado Carlos Manzo, la presidenta de M\u00e9xico, Claudia Sheinbaum, expres\u00f3 que se debe actuar con respeto. Desde Palacio Nacional, durante su conferencia de prensa matutina, la mandataria fue consultada sobre los se\u00f1alamientos [&hellip;]<\/p>\n","protected":false},"author":6,"featured_media":73118,"comment_status":"closed","ping_status":"closed","sticky":false,"template":"","format":"standard","meta":{"_acf_changed":false,"_monsterinsights_skip_tracking":false,"_monsterinsights_sitenote_active":false,"_monsterinsights_sitenote_note":"","_monsterinsights_sitenote_category":0,"slim_seo":{"title":"Sheinbaum llama a Noro\u00f1a a respetar a viuda del alcalde asesinado en Uruapan - Opini\u00f3n P\u00fablica","description":"Ciudad de M\u00e9xico .- Ante las acusaciones emitidas por el senador de Morena, Gerardo Fern\u00e1ndez Noro\u00f1a, en contra de Grecia Quiroz, viuda del alcalde asesinado Ca"},"footnotes":""},"categories":[4],"tags":[1309,307,1307,1308,1202],"class_list":["post-73116","post","type-post","status-publish","format-standard","has-post-thumbnail","hentry","category-pulsopolitico","tag-carlos-manzo","tag-claudia-sheinbaum","tag-gerardo-fernandez-norona","tag-grecia-quiroz","tag-uruapan"],"acf":[],"_links":{"self":[{"href":"https:\/\/www.opinionpublica.tv\/portada\/wp-json\/wp\/v2\/posts\/73116","targetHints":{"allow":["GET"]}}],"collection":[{"href":"https:\/\/www.opinionpublica.tv\/portada\/wp-json\/wp\/v2\/posts"}],"about":[{"href":"https:\/\/www.opinionpublica.tv\/portada\/wp-json\/wp\/v2\/types\/post"}],"author":[{"embeddable":true,"href":"https:\/\/www.opinionpublica.tv\/portada\/wp-json\/wp\/v2\/users\/6"}],"replies":[{"embeddable":true,"href":"https:\/\/www.opinionpublica.tv\/portada\/wp-json\/wp\/v2\/comments?post=73116"}],"version-history":[{"count":2,"href":"https:\/\/www.opinionpublica.tv\/portada\/wp-json\/wp\/v2\/posts\/73116\/revisions"}],"predecessor-version":[{"id":73119,"href":"https:\/\/www.opinionpublica.tv\/portada\/wp-json\/wp\/v2\/posts\/73116\/revisions\/73119"}],"wp:featuredmedia":[{"embeddable":true,"href":"https:\/\/www.opinionpublica.tv\/portada\/wp-json\/wp\/v2\/media\/73118"}],"wp:attachment":[{"href":"https:\/\/www.opinionpublica.tv\/portada\/wp-json\/wp\/v2\/media?parent=73116"}],"wp:term":[{"taxonomy":"category","embeddable":true,"href":"https:\/\/www.opinionpublica.tv\/portada\/wp-json\/wp\/v2\/categories?post=73116"},{"taxonomy":"post_tag","embeddable":true,"href":"https:\/\/www.opinionpublica.tv\/portada\/wp-json\/wp\/v2\/tags?post=73116"}],"curies":[{"name":"wp","href":"https:\/\/api.w.org\/{rel}","templated":true}]}}