{"id":73111,"date":"2025-11-27T00:01:00","date_gmt":"2025-11-27T07:01:00","guid":{"rendered":"https:\/\/www.opinionpublica.tv\/portada\/?p=73111"},"modified":"2025-11-26T17:02:12","modified_gmt":"2025-11-27T00:02:12","slug":"asi-podria-mejorar-tu-salud-mental-tras-una-semana-de-desconexion-digital-segun-estudio","status":"publish","type":"post","link":"https:\/\/www.opinionpublica.tv\/portada\/asi-podria-mejorar-tu-salud-mental-tras-una-semana-de-desconexion-digital-segun-estudio\/","title":{"rendered":"As\u00ed podr\u00eda mejorar tu salud mental tras una semana de desconexi\u00f3n digital: estudio"},"content":{"rendered":"\n<figure class=\"wp-block-image size-full\"><img fetchpriority=\"high\" decoding=\"async\" width=\"660\" height=\"495\" src=\"https:\/\/www.opinionpublica.tv\/portada\/wp-content\/uploads\/2025\/11\/Asi-podria-mejorar-tu-salud-mental-tras-una-semana-de-desconexion-digital-estudio.webp\" alt=\"Asi\u0301 podri\u0301a mejorar tu salud mental tras una semana de desconexio\u0301n digital estudio\" class=\"wp-image-73114\" srcset=\"https:\/\/www.opinionpublica.tv\/portada\/wp-content\/uploads\/2025\/11\/Asi-podria-mejorar-tu-salud-mental-tras-una-semana-de-desconexion-digital-estudio.webp 660w, https:\/\/www.opinionpublica.tv\/portada\/wp-content\/uploads\/2025\/11\/Asi-podria-mejorar-tu-salud-mental-tras-una-semana-de-desconexion-digital-estudio-300x225.webp 300w\" sizes=\"(max-width: 660px) 100vw, 660px\" \/><\/figure>\n\n\n\n<p>Un reciente estudio en adultos j\u00f3venes (18 a 24 a\u00f1os) se propuso responder si una desintoxicaci\u00f3n digital de una semana realmente puede ser el reset mental que necesitas.<\/p>\n\n\n\n<p>La investigaci\u00f3n revel\u00f3 que el simple acto de alejarse del scrolling (deslizar el contenido en una pantalla) constante produce mejoras en la salud mental en un corto periodo de tiempo.<\/p>\n\n\n\n<p>Este hallazgo abri\u00f3 la puerta a una serie de efectos positivos tangibles al alejarse de las redes sociales, especialmente para aquellos que ya luchaban con problemas de autoestima.<\/p>\n\n\n\n<p><strong>\u00bfC\u00f3mo se beneficia la salud mental por pasar una semana sin redes sociales?<\/strong><\/p>\n\n\n\n<p>El estudio, publicado en JAMA Network Open, demostr\u00f3 que el simple hecho de reducir el uso de las redes sociales (Facebook, Instagram, Snapchat, TikTok y X) durante una semana se asoci\u00f3 con una disminuci\u00f3n considerable de problemas en adultos j\u00f3venes.<\/p>\n\n\n\n<p>Estos son los beneficios en la salud mental de la desintoxicaci\u00f3n de una semana:<\/p>\n\n\n\n<p>Reducci\u00f3n de la depresi\u00f3n: Los s\u00edntomas depresivos se redujeron en un 24.8%.<\/p>\n\n\n\n<p>Alivio de la ansiedad: Los s\u00edntomas de ansiedad disminuyeron en un 16.1%.<\/p>\n\n\n\n<p>Mejora del sue\u00f1o: Los s\u00edntomas de insomnio se redujeron en un 14.5%.<\/p>\n\n\n\n<p>Las mejoras fueron m\u00e1s notorias en aquellos participantes que presentaban s\u00edntomas depresivos m\u00e1s graves al inicio del estudio.<\/p>\n\n\n\n<p>Sin embargo, es interesante notar que la soledad no experiment\u00f3 un cambio. Los investigadores especulan que esto podr\u00eda deberse a que las redes sociales cumplen un rol social, y reducir esa participaci\u00f3n podr\u00eda parad\u00f3jicamente mermar los sentimientos de conexi\u00f3n.<\/p>\n\n\n\n<p><strong>\u00bfC\u00f3mo afecta el uso prolongado de las redes sociales a la salud mental?<\/strong><\/p>\n\n\n\n<p>Si bien es com\u00fan que te preocupes por la cantidad de tiempo que pasas pegado a la pantalla, este estudio sugiere que el problema no es tanto el reloj, sino el c\u00f3mo usas las redes.<\/p>\n\n\n\n<p>El uso desmedido de las redes sociales est\u00e1 estrechamente ligado a una peor salud mental.<\/p>\n\n\n\n<p>Mayor depresi\u00f3n: Una mayor puntuaci\u00f3n en la escala de adicci\u00f3n a las redes sociales se asoci\u00f3 con m\u00e1s s\u00edntomas depresivos en adultos j\u00f3venes.<\/p>\n\n\n\n<p>Ansiedad por comparaci\u00f3n social: Las altas puntuaciones en la Escala de Comparaci\u00f3n Social Negativa (NSMCS) se correlacionaron con una mayor ansiedad.<\/p>\n\n\n\n<p>Soledad aumentada: El uso problem\u00e1tico de redes sociales (PUSNS) se asoci\u00f3 con mayores niveles de soledad.<\/p>\n\n\n\n<p>Molestias por desconexi\u00f3n: Los adolescentes pueden llegar a sentir gran molestia si no pueden iniciar sesi\u00f3n o si se les retira el tel\u00e9fono.<\/p>\n\n\n\n<p>La investigaci\u00f3n con adultos j\u00f3venes concluy\u00f3 que las medidas objetivas de tiempo de pantalla (el n\u00famero de horas) mostraron asociaciones d\u00e9biles o nulas con los resultados de salud mental, mientras que la naturaleza problem\u00e1tica o adictiva del uso fue un predictor mucho m\u00e1s fuerte de los s\u00edntomas.<\/p>\n\n\n\n<p><strong>\u00bfC\u00f3mo evitar que las redes sociales afecten la salud mental?<\/strong><\/p>\n\n\n\n<p>La clave no est\u00e1 en huir del mundo digital por completo, sino en reconfigurar tu relaci\u00f3n con \u00e9l.<\/p>\n\n\n\n<p>Para evitar que las redes sociales afecten negativamente tu bienestar, especialmente en adolescentes y j\u00f3venes, el Sistema Nacional de Protecci\u00f3n de Ni\u00f1as, Ni\u00f1os y Adolescentes (SIPINNA) recomienda:<\/p>\n\n\n\n<p>Limitar las notificaciones: Desactivarlas o limitarlas es necesario, ya que las compa\u00f1\u00edas buscan que los usuarios est\u00e9n siempre pendientes.<\/p>\n\n\n\n<p>Establecer un horario fijo: Define tiempos espec\u00edficos para revisar las redes; esto evita que ocupen momentos importantes como el sue\u00f1o, las comidas o el tiempo con la familia.<\/p>\n\n\n\n<p>Aprender sobre el funcionamiento: Conocer c\u00f3mo operan las redes, qui\u00e9n las controla y sus limitaciones ayuda a dejar los excesos y utilizarlas de manera m\u00e1s inteligente.<\/p>\n\n\n\n<p>Buscar ayuda profesional: Si no puedes controlar el uso de estas plataformas, se recomienda buscar el apoyo de profesionales de la salud mental.<\/p>\n\n\n\n<p>Estos hallazgos sugieren que una pausa breve en el uso de las redes sociales puede ser un potente interruptor para mejorar tu salud mental, particularmente si sientes que el uso te lleva a comparaciones negativas.<\/p>\n\n\n\n<p><em>Con informaci\u00f3n de Exc\u00e9lsior<\/em>.<\/p>\n","protected":false},"excerpt":{"rendered":"<p>Un reciente estudio en adultos j\u00f3venes (18 a 24 a\u00f1os) se propuso responder si una desintoxicaci\u00f3n digital de una semana realmente puede ser el reset mental que necesitas. La investigaci\u00f3n revel\u00f3 que el simple acto de alejarse del scrolling (deslizar el contenido en una pantalla) constante produce mejoras en la salud mental en un corto [&hellip;]<\/p>\n","protected":false},"author":6,"featured_media":73114,"comment_status":"closed","ping_status":"closed","sticky":false,"template":"","format":"standard","meta":{"_acf_changed":false,"_monsterinsights_skip_tracking":false,"_monsterinsights_sitenote_active":false,"_monsterinsights_sitenote_note":"","_monsterinsights_sitenote_category":0,"slim_seo":{"title":"As\u00ed podr\u00eda mejorar tu salud mental tras una semana de desconexi\u00f3n digital: estudio - Opini\u00f3n P\u00fablica","description":"Un reciente estudio en adultos j\u00f3venes (18 a 24 a\u00f1os) se propuso responder si una desintoxicaci\u00f3n digital de una semana realmente puede ser el reset mental que"},"footnotes":""},"categories":[22],"tags":[1306,668,514],"class_list":["post-73111","post","type-post","status-publish","format-standard","has-post-thumbnail","hentry","category-ciencia-y-tecnologia","tag-desconexion-digital","tag-redes-sociales","tag-salud-mental"],"acf":[],"_links":{"self":[{"href":"https:\/\/www.opinionpublica.tv\/portada\/wp-json\/wp\/v2\/posts\/73111","targetHints":{"allow":["GET"]}}],"collection":[{"href":"https:\/\/www.opinionpublica.tv\/portada\/wp-json\/wp\/v2\/posts"}],"about":[{"href":"https:\/\/www.opinionpublica.tv\/portada\/wp-json\/wp\/v2\/types\/post"}],"author":[{"embeddable":true,"href":"https:\/\/www.opinionpublica.tv\/portada\/wp-json\/wp\/v2\/users\/6"}],"replies":[{"embeddable":true,"href":"https:\/\/www.opinionpublica.tv\/portada\/wp-json\/wp\/v2\/comments?post=73111"}],"version-history":[{"count":2,"href":"https:\/\/www.opinionpublica.tv\/portada\/wp-json\/wp\/v2\/posts\/73111\/revisions"}],"predecessor-version":[{"id":73115,"href":"https:\/\/www.opinionpublica.tv\/portada\/wp-json\/wp\/v2\/posts\/73111\/revisions\/73115"}],"wp:featuredmedia":[{"embeddable":true,"href":"https:\/\/www.opinionpublica.tv\/portada\/wp-json\/wp\/v2\/media\/73114"}],"wp:attachment":[{"href":"https:\/\/www.opinionpublica.tv\/portada\/wp-json\/wp\/v2\/media?parent=73111"}],"wp:term":[{"taxonomy":"category","embeddable":true,"href":"https:\/\/www.opinionpublica.tv\/portada\/wp-json\/wp\/v2\/categories?post=73111"},{"taxonomy":"post_tag","embeddable":true,"href":"https:\/\/www.opinionpublica.tv\/portada\/wp-json\/wp\/v2\/tags?post=73111"}],"curies":[{"name":"wp","href":"https:\/\/api.w.org\/{rel}","templated":true}]}}