{"id":73097,"date":"2025-11-26T13:35:00","date_gmt":"2025-11-26T20:35:00","guid":{"rendered":"https:\/\/www.opinionpublica.tv\/portada\/?p=73097"},"modified":"2025-11-26T13:36:11","modified_gmt":"2025-11-26T20:36:11","slug":"alcalde-perez-cuellar-pedira-a-diputados-de-morena-frenar-aumento-a-la-tarifa-del-agua","status":"publish","type":"post","link":"https:\/\/www.opinionpublica.tv\/portada\/alcalde-perez-cuellar-pedira-a-diputados-de-morena-frenar-aumento-a-la-tarifa-del-agua\/","title":{"rendered":"Pedir\u00e1 alcalde P\u00e9rez Cu\u00e9llar a diputados de Morena frenar aumento a la tarifa del agua"},"content":{"rendered":"\n<figure class=\"wp-block-image size-large\"><img fetchpriority=\"high\" decoding=\"async\" width=\"1024\" height=\"682\" src=\"https:\/\/www.opinionpublica.tv\/portada\/wp-content\/uploads\/2025\/11\/Pedira-alcalde-Perez-Cuellar-a-diputados-de-Morena-frenar-aumento-a-la-tarifa-del-agua-1024x682.jpeg\" alt=\"Pedira\u0301 alcalde pe\u0301rez cue\u0301llar a diputados de morena frenar aumento a la tarifa del agua\" class=\"wp-image-73101\" srcset=\"https:\/\/www.opinionpublica.tv\/portada\/wp-content\/uploads\/2025\/11\/Pedira-alcalde-Perez-Cuellar-a-diputados-de-Morena-frenar-aumento-a-la-tarifa-del-agua-1024x682.jpeg 1024w, https:\/\/www.opinionpublica.tv\/portada\/wp-content\/uploads\/2025\/11\/Pedira-alcalde-Perez-Cuellar-a-diputados-de-Morena-frenar-aumento-a-la-tarifa-del-agua-300x200.jpeg 300w, https:\/\/www.opinionpublica.tv\/portada\/wp-content\/uploads\/2025\/11\/Pedira-alcalde-Perez-Cuellar-a-diputados-de-Morena-frenar-aumento-a-la-tarifa-del-agua-768x512.jpeg 768w, https:\/\/www.opinionpublica.tv\/portada\/wp-content\/uploads\/2025\/11\/Pedira-alcalde-Perez-Cuellar-a-diputados-de-Morena-frenar-aumento-a-la-tarifa-del-agua-1536x1023.jpeg 1536w, https:\/\/www.opinionpublica.tv\/portada\/wp-content\/uploads\/2025\/11\/Pedira-alcalde-Perez-Cuellar-a-diputados-de-Morena-frenar-aumento-a-la-tarifa-del-agua.jpeg 1600w\" sizes=\"(max-width: 1024px) 100vw, 1024px\" \/><\/figure>\n\n\n\n<p><em>Ciudad Ju\u00e1rez, Chih<\/em>.- El presidente municipal, Cruz P\u00e9rez Cu\u00e9llar, dio a conocer que solicitar\u00e1 a los diputados de Morena y otros partidos en el Congreso del Estado para que intervengan y detengan el incremento al servicio del agua en Ciudad Ju\u00e1rez.<\/p>\n\n\n\n<p>\u201cEst\u00e1 es una injusticia, el que se quiera aumentar un 17 por ciento las tarifas de la Junta Municipal de Agua y Saneamiento (JMAS) en la frontera\u201d, resalt\u00f3 el alcalde.<\/p>\n\n\n\n<p>Explic\u00f3 que la inflaci\u00f3n ser\u00e1 de entre el 4 y 5 por ciento; con base en ello, ning\u00fan otro servicio, ni estatal, ni municipal, ni nacional incrementar\u00e1 m\u00e1s que la inflaci\u00f3n.<\/p>\n\n\n\n<p>\u201cEl tema es uno s\u00f3lo, buscar que se impida este aumento, hago un llamado a los diputados de Morena y de todos los partidos, as\u00ed como a los integrantes del consejo a nivel estatal, que no se permitan este robo en despoblado\u201d, mencion\u00f3.<\/p>\n\n\n\n<p>Dijo que con la indexaci\u00f3n del 7.5 por ciento se pagan 107 pesos, pero al mes siguiente a esa cantidad se le agrega otro 7.5 por ciento y as\u00ed sucesivamente cada mes<\/p>\n\n\n\n<p>\u201cYo s\u00f3lo estoy diciendo una sola cosa, el aumento es con toda la indexaci\u00f3n del 17 por ciento al a\u00f1o, lo que es una injusticia que no debe de darse, por lo que voy a dar esa batalla\u201d, expres\u00f3 el edil.<\/p>\n","protected":false},"excerpt":{"rendered":"<p>Ciudad Ju\u00e1rez, Chih.- El presidente municipal, Cruz P\u00e9rez Cu\u00e9llar, dio a conocer que solicitar\u00e1 a los diputados de Morena y otros partidos en el Congreso del Estado para que intervengan y detengan el incremento al servicio del agua en Ciudad Ju\u00e1rez. \u201cEst\u00e1 es una injusticia, el que se quiera aumentar un 17 por ciento las [&hellip;]<\/p>\n","protected":false},"author":6,"featured_media":73101,"comment_status":"closed","ping_status":"closed","sticky":false,"template":"","format":"standard","meta":{"_acf_changed":false,"_monsterinsights_skip_tracking":false,"_monsterinsights_sitenote_active":false,"_monsterinsights_sitenote_note":"","_monsterinsights_sitenote_category":0,"slim_seo":{"title":"Pedir\u00e1 alcalde P\u00e9rez Cu\u00e9llar a diputados de Morena frenar aumento a la tarifa del agua - Opini\u00f3n P\u00fablica","description":"Ciudad Ju\u00e1rez, Chih .- El presidente municipal, Cruz P\u00e9rez Cu\u00e9llar, dio a conocer que solicitar\u00e1 a los diputados de Morena y otros partidos en el Congreso del E"},"footnotes":""},"categories":[41],"tags":[753,423,1305],"class_list":["post-73097","post","type-post","status-publish","format-standard","has-post-thumbnail","hentry","category-juarez","tag-cruz-perez-cuellar","tag-jmas-juarez","tag-tarifas-de-agua"],"acf":[],"_links":{"self":[{"href":"https:\/\/www.opinionpublica.tv\/portada\/wp-json\/wp\/v2\/posts\/73097","targetHints":{"allow":["GET"]}}],"collection":[{"href":"https:\/\/www.opinionpublica.tv\/portada\/wp-json\/wp\/v2\/posts"}],"about":[{"href":"https:\/\/www.opinionpublica.tv\/portada\/wp-json\/wp\/v2\/types\/post"}],"author":[{"embeddable":true,"href":"https:\/\/www.opinionpublica.tv\/portada\/wp-json\/wp\/v2\/users\/6"}],"replies":[{"embeddable":true,"href":"https:\/\/www.opinionpublica.tv\/portada\/wp-json\/wp\/v2\/comments?post=73097"}],"version-history":[{"count":3,"href":"https:\/\/www.opinionpublica.tv\/portada\/wp-json\/wp\/v2\/posts\/73097\/revisions"}],"predecessor-version":[{"id":73102,"href":"https:\/\/www.opinionpublica.tv\/portada\/wp-json\/wp\/v2\/posts\/73097\/revisions\/73102"}],"wp:featuredmedia":[{"embeddable":true,"href":"https:\/\/www.opinionpublica.tv\/portada\/wp-json\/wp\/v2\/media\/73101"}],"wp:attachment":[{"href":"https:\/\/www.opinionpublica.tv\/portada\/wp-json\/wp\/v2\/media?parent=73097"}],"wp:term":[{"taxonomy":"category","embeddable":true,"href":"https:\/\/www.opinionpublica.tv\/portada\/wp-json\/wp\/v2\/categories?post=73097"},{"taxonomy":"post_tag","embeddable":true,"href":"https:\/\/www.opinionpublica.tv\/portada\/wp-json\/wp\/v2\/tags?post=73097"}],"curies":[{"name":"wp","href":"https:\/\/api.w.org\/{rel}","templated":true}]}}