{"id":73084,"date":"2025-11-26T00:01:00","date_gmt":"2025-11-26T07:01:00","guid":{"rendered":"https:\/\/www.opinionpublica.tv\/portada\/?p=73084"},"modified":"2025-11-25T20:52:53","modified_gmt":"2025-11-26T03:52:53","slug":"intensifica-proteccion-civil-acciones-preventivas-ante-el-descenso-de-temperatura","status":"publish","type":"post","link":"https:\/\/www.opinionpublica.tv\/portada\/intensifica-proteccion-civil-acciones-preventivas-ante-el-descenso-de-temperatura\/","title":{"rendered":"Intensifica Protecci\u00f3n Civil acciones preventivas ante el descenso de la temperatura"},"content":{"rendered":"\n<figure class=\"wp-block-image size-large\"><img fetchpriority=\"high\" decoding=\"async\" width=\"1024\" height=\"787\" src=\"https:\/\/www.opinionpublica.tv\/portada\/wp-content\/uploads\/2025\/11\/Intensifica-Proteccion-Civil-acciones-preventivas-ante-el-descenso-de-la-temperatura-1024x787.png\" alt=\"Intensifica proteccio\u0301n civil acciones preventivas ante el descenso de la temperatura\" class=\"wp-image-73087\" srcset=\"https:\/\/www.opinionpublica.tv\/portada\/wp-content\/uploads\/2025\/11\/Intensifica-Proteccion-Civil-acciones-preventivas-ante-el-descenso-de-la-temperatura-1024x787.png 1024w, https:\/\/www.opinionpublica.tv\/portada\/wp-content\/uploads\/2025\/11\/Intensifica-Proteccion-Civil-acciones-preventivas-ante-el-descenso-de-la-temperatura-300x231.png 300w, https:\/\/www.opinionpublica.tv\/portada\/wp-content\/uploads\/2025\/11\/Intensifica-Proteccion-Civil-acciones-preventivas-ante-el-descenso-de-la-temperatura-768x590.png 768w, https:\/\/www.opinionpublica.tv\/portada\/wp-content\/uploads\/2025\/11\/Intensifica-Proteccion-Civil-acciones-preventivas-ante-el-descenso-de-la-temperatura.png 1114w\" sizes=\"(max-width: 1024px) 100vw, 1024px\" \/><\/figure>\n\n\n\n<p><em>Ciudad Ju\u00e1rez, Chih<\/em>.- La Direcci\u00f3n General de Protecci\u00f3n Civil reforz\u00f3 en los \u00faltimos d\u00edas las acciones preventivas en distintos sectores de la ciudad, con el objetivo de reducir riesgos en los hogares ante el descenso de temperatura y la pr\u00f3xima temporada invernal.<\/p>\n\n\n\n<p>La dependencia busca evitar incidentes relacionados con intoxicaci\u00f3n por mon\u00f3xido de carbono, fugas de gas, explosiones y otros peligros propios de esta \u00e9poca.<\/p>\n\n\n\n<p>Personal de la instituci\u00f3n ha recorrido diversos puntos del municipio para entregar informaci\u00f3n y orientar a la ciudadan\u00eda. En d\u00edas recientes visitaron la calle Vicente Guerrero y Rafael Velarde, en la Zona Centro; la avenida 16 de Septiembre y Calle Camino, en la colonia Durango y este d\u00eda estuvieron en bulevar Zaragoza y Eje Vial Juan Gabriel, en la colonia La Presa.<\/p>\n\n\n\n<p>La dependencia invit\u00f3 a la ciudadan\u00eda a colaborar durante estas visitas, abriendo una ventana para recibir material preventivo que puede resultar vital para la seguridad familiar.<\/p>\n\n\n\n<p>Entre las principales recomendaciones destacan:<\/p>\n\n\n\n<p>En cuanto a la prevenci\u00f3n de intoxicaci\u00f3n por mon\u00f3xido de carbono, se pide ventilar el hogar diariamente, revisar el estado de calentones, boilers y estufas, evitar el uso de anafres en interiores y no dormir con calentones encendidos.<\/p>\n\n\n\n<p>Respecto a fugas de gas y posibles explosiones, Protecci\u00f3n Civil recomend\u00f3 verificar que las conexiones no presenten da\u00f1os, usar agua con jab\u00f3n para detectar fugas, mantener los tanques en lugares ventilados y no manipular aparatos cuando se perciba olor a gas.<\/p>\n\n\n\n<p>En materia de riesgos decembrinos, se exhort\u00f3 a revisar series navide\u00f1as, evitar cables da\u00f1ados o conexiones improvisadas, no sobrecargar contactos, mantener decoraciones lejos de fuentes de calor y apagar luces festivas al salir o antes de dormir.<\/p>\n","protected":false},"excerpt":{"rendered":"<p>Ciudad Ju\u00e1rez, Chih.- La Direcci\u00f3n General de Protecci\u00f3n Civil reforz\u00f3 en los \u00faltimos d\u00edas las acciones preventivas en distintos sectores de la ciudad, con el objetivo de reducir riesgos en los hogares ante el descenso de temperatura y la pr\u00f3xima temporada invernal. La dependencia busca evitar incidentes relacionados con intoxicaci\u00f3n por mon\u00f3xido de carbono, fugas [&hellip;]<\/p>\n","protected":false},"author":6,"featured_media":73087,"comment_status":"closed","ping_status":"closed","sticky":false,"template":"","format":"standard","meta":{"_acf_changed":false,"_monsterinsights_skip_tracking":false,"_monsterinsights_sitenote_active":false,"_monsterinsights_sitenote_note":"","_monsterinsights_sitenote_category":0,"slim_seo":{"title":"Intensifica Protecci\u00f3n Civil acciones preventivas ante el descenso de la temperatura - Opini\u00f3n P\u00fablica","description":"Ciudad Ju\u00e1rez, Chih .- La Direcci\u00f3n General de Protecci\u00f3n Civil reforz\u00f3 en los \u00faltimos d\u00edas las acciones preventivas en distintos sectores de la ciudad, con el"},"footnotes":""},"categories":[41],"tags":[1303,1304,1302],"class_list":["post-73084","post","type-post","status-publish","format-standard","has-post-thumbnail","hentry","category-juarez","tag-bajas-temperaturas","tag-monoxido-de-carbono","tag-proteccion-civil-juarez"],"acf":[],"_links":{"self":[{"href":"https:\/\/www.opinionpublica.tv\/portada\/wp-json\/wp\/v2\/posts\/73084","targetHints":{"allow":["GET"]}}],"collection":[{"href":"https:\/\/www.opinionpublica.tv\/portada\/wp-json\/wp\/v2\/posts"}],"about":[{"href":"https:\/\/www.opinionpublica.tv\/portada\/wp-json\/wp\/v2\/types\/post"}],"author":[{"embeddable":true,"href":"https:\/\/www.opinionpublica.tv\/portada\/wp-json\/wp\/v2\/users\/6"}],"replies":[{"embeddable":true,"href":"https:\/\/www.opinionpublica.tv\/portada\/wp-json\/wp\/v2\/comments?post=73084"}],"version-history":[{"count":2,"href":"https:\/\/www.opinionpublica.tv\/portada\/wp-json\/wp\/v2\/posts\/73084\/revisions"}],"predecessor-version":[{"id":73088,"href":"https:\/\/www.opinionpublica.tv\/portada\/wp-json\/wp\/v2\/posts\/73084\/revisions\/73088"}],"wp:featuredmedia":[{"embeddable":true,"href":"https:\/\/www.opinionpublica.tv\/portada\/wp-json\/wp\/v2\/media\/73087"}],"wp:attachment":[{"href":"https:\/\/www.opinionpublica.tv\/portada\/wp-json\/wp\/v2\/media?parent=73084"}],"wp:term":[{"taxonomy":"category","embeddable":true,"href":"https:\/\/www.opinionpublica.tv\/portada\/wp-json\/wp\/v2\/categories?post=73084"},{"taxonomy":"post_tag","embeddable":true,"href":"https:\/\/www.opinionpublica.tv\/portada\/wp-json\/wp\/v2\/tags?post=73084"}],"curies":[{"name":"wp","href":"https:\/\/api.w.org\/{rel}","templated":true}]}}