{"id":73079,"date":"2025-11-26T00:01:00","date_gmt":"2025-11-26T07:01:00","guid":{"rendered":"https:\/\/www.opinionpublica.tv\/portada\/?p=73079"},"modified":"2025-11-25T20:47:45","modified_gmt":"2025-11-26T03:47:45","slug":"reconoce-municipio-a-48-mujeres-forjadoras-de-una-vida-digna-y-libre-de-violencia-en-juarez","status":"publish","type":"post","link":"https:\/\/www.opinionpublica.tv\/portada\/reconoce-municipio-a-48-mujeres-forjadoras-de-una-vida-digna-y-libre-de-violencia-en-juarez\/","title":{"rendered":"Reconoce Municipio a 48 mujeres forjadoras de una vida digna y libre de violencia"},"content":{"rendered":"\n<figure class=\"wp-block-image size-large\"><img fetchpriority=\"high\" decoding=\"async\" width=\"1024\" height=\"683\" src=\"https:\/\/www.opinionpublica.tv\/portada\/wp-content\/uploads\/2025\/11\/Reconoce-Municipio-a-48-mujeres-forjadoras-de-una-vida-digna-y-libre-de-violencia-1024x683.jpeg\" alt=\"Reconoce municipio a 48 mujeres forjadoras de una vida digna y libre de violencia\" class=\"wp-image-73082\" srcset=\"https:\/\/www.opinionpublica.tv\/portada\/wp-content\/uploads\/2025\/11\/Reconoce-Municipio-a-48-mujeres-forjadoras-de-una-vida-digna-y-libre-de-violencia-1024x683.jpeg 1024w, https:\/\/www.opinionpublica.tv\/portada\/wp-content\/uploads\/2025\/11\/Reconoce-Municipio-a-48-mujeres-forjadoras-de-una-vida-digna-y-libre-de-violencia-300x200.jpeg 300w, https:\/\/www.opinionpublica.tv\/portada\/wp-content\/uploads\/2025\/11\/Reconoce-Municipio-a-48-mujeres-forjadoras-de-una-vida-digna-y-libre-de-violencia-768x512.jpeg 768w, https:\/\/www.opinionpublica.tv\/portada\/wp-content\/uploads\/2025\/11\/Reconoce-Municipio-a-48-mujeres-forjadoras-de-una-vida-digna-y-libre-de-violencia.jpeg 1116w\" sizes=\"(max-width: 1024px) 100vw, 1024px\" \/><\/figure>\n\n\n\n<p><em>Ciudad Ju\u00e1rez, Chih<\/em>.- En Ju\u00e1rez son muchas las mujeres que transforman la ciudad y la hacen mejor para toda la comunidad, afirm\u00f3 el presidente municipal, Cruz P\u00e9rez Cu\u00e9llar, durante la ceremonia de la Primera Convivencia con las Galardonadas con el \u00abReconocimiento Mujeres Forjadoras por una Vida Libre de Violencia y Digna 2025.\u00bb<\/p>\n\n\n\n<p>El alcalde acudi\u00f3 a este evento que lo organiza la Comisi\u00f3n Edilicia de la Mujer y Equidad de G\u00e9nero, donde se reconoce a aquellas mujeres que diariamente salen de sus hogares para aportar sus conocimientos, empat\u00eda y cari\u00f1o para hacer de esta comunidad una mejor, donde mujeres, ni\u00f1as y ni\u00f1os puedan vivir plenamente.<\/p>\n\n\n\n<p>\u00abEste es un momento de agradecerles a cada una de las mujeres que est\u00e1n aqu\u00ed por esa aportaci\u00f3n que hacen a la comunidad\u00bb, dijo.<\/p>\n\n\n\n<p>Gracias a ellas, a su esfuerzo y su determinaci\u00f3n Ju\u00e1rez se ha vuelto un mejor lugar y es digno que se les reconozca.<\/p>\n\n\n\n<p>Son mujeres incansables que nunca se quejan, se preocupan por sus familias y las familias de otros.<\/p>\n\n\n\n<p>Ellas son un ejemplo de trabajo y fortaleza, por lo cual es importante reconocerlas.<\/p>\n\n\n\n<p>La regidora y coordinadora de la Comisi\u00f3n, Martha Patricia Mendoza Rodr\u00edguez, dijo que hoy se reconoce a 48 grandes mujeres quienes a trav\u00e9s de distintas disciplinas hacen de Ju\u00e1rez un mejor lugar.<\/p>\n\n\n\n<p>\u00abEllas demuestran que aqu\u00ed hay mujeres que fortalecen, trasforman e inspiran a las dem\u00e1s para crear una sociedad emp\u00e1tica, digna, sorora y en paz\u00bb, afirm\u00f3.<\/p>\n\n\n\n<p>Dijo que se escogi\u00f3 esta fecha porque hoy se conmemora el \u00abD\u00eda Internacional de la Eliminaci\u00f3n de las Violencias contra las Mujeres, las Adolescencias y Ni\u00f1ez\u00bb, mejor conocido como \u00abEl D\u00eda Naranja\u00bb.<\/p>\n\n\n\n<p>En este evento tambi\u00e9n se cont\u00f3 con la presencia de la s\u00edndica Ana Carmen Estrada Garc\u00eda; el secretario del Ayuntamiento, H\u00e9ctor Rafael Ortiz Orpinel; el coordinador de directores, Enrique Lic\u00f3n Ch\u00e1vez; la directora del Sistema para el Desarrollo Integral de la Familia del Municipio, Luc\u00eda Chavira y la regidora Fernanda Avalos Medina.<\/p>\n\n\n\n<p>Adem\u00e1s estuvo presente la se\u00f1ora madre del alcalde, Yolanda P\u00e9rez Gonz\u00e1lez, a quien la reconoci\u00f3 como el pilar de la familia, ya que nunca se quej\u00f3 para sacar su hogar adelante.<\/p>\n","protected":false},"excerpt":{"rendered":"<p>Ciudad Ju\u00e1rez, Chih.- En Ju\u00e1rez son muchas las mujeres que transforman la ciudad y la hacen mejor para toda la comunidad, afirm\u00f3 el presidente municipal, Cruz P\u00e9rez Cu\u00e9llar, durante la ceremonia de la Primera Convivencia con las Galardonadas con el \u00abReconocimiento Mujeres Forjadoras por una Vida Libre de Violencia y Digna 2025.\u00bb El alcalde acudi\u00f3 [&hellip;]<\/p>\n","protected":false},"author":6,"featured_media":73082,"comment_status":"closed","ping_status":"closed","sticky":false,"template":"","format":"standard","meta":{"_acf_changed":false,"_monsterinsights_skip_tracking":false,"_monsterinsights_sitenote_active":false,"_monsterinsights_sitenote_note":"","_monsterinsights_sitenote_category":0,"slim_seo":{"title":"Reconoce Municipio a 48 mujeres forjadoras de una vida digna y libre de violencia - Opini\u00f3n P\u00fablica","description":"Ciudad Ju\u00e1rez, Chih .- En Ju\u00e1rez son muchas las mujeres que transforman la ciudad y la hacen mejor para toda la comunidad, afirm\u00f3 el presidente municipal, Cruz"},"footnotes":""},"categories":[41],"tags":[1301,608,458],"class_list":["post-73079","post","type-post","status-publish","format-standard","has-post-thumbnail","hentry","category-juarez","tag-25n","tag-ciudad-juarez","tag-mujeres"],"acf":[],"_links":{"self":[{"href":"https:\/\/www.opinionpublica.tv\/portada\/wp-json\/wp\/v2\/posts\/73079","targetHints":{"allow":["GET"]}}],"collection":[{"href":"https:\/\/www.opinionpublica.tv\/portada\/wp-json\/wp\/v2\/posts"}],"about":[{"href":"https:\/\/www.opinionpublica.tv\/portada\/wp-json\/wp\/v2\/types\/post"}],"author":[{"embeddable":true,"href":"https:\/\/www.opinionpublica.tv\/portada\/wp-json\/wp\/v2\/users\/6"}],"replies":[{"embeddable":true,"href":"https:\/\/www.opinionpublica.tv\/portada\/wp-json\/wp\/v2\/comments?post=73079"}],"version-history":[{"count":2,"href":"https:\/\/www.opinionpublica.tv\/portada\/wp-json\/wp\/v2\/posts\/73079\/revisions"}],"predecessor-version":[{"id":73083,"href":"https:\/\/www.opinionpublica.tv\/portada\/wp-json\/wp\/v2\/posts\/73079\/revisions\/73083"}],"wp:featuredmedia":[{"embeddable":true,"href":"https:\/\/www.opinionpublica.tv\/portada\/wp-json\/wp\/v2\/media\/73082"}],"wp:attachment":[{"href":"https:\/\/www.opinionpublica.tv\/portada\/wp-json\/wp\/v2\/media?parent=73079"}],"wp:term":[{"taxonomy":"category","embeddable":true,"href":"https:\/\/www.opinionpublica.tv\/portada\/wp-json\/wp\/v2\/categories?post=73079"},{"taxonomy":"post_tag","embeddable":true,"href":"https:\/\/www.opinionpublica.tv\/portada\/wp-json\/wp\/v2\/tags?post=73079"}],"curies":[{"name":"wp","href":"https:\/\/api.w.org\/{rel}","templated":true}]}}