{"id":73075,"date":"2025-11-26T00:01:00","date_gmt":"2025-11-26T07:01:00","guid":{"rendered":"https:\/\/www.opinionpublica.tv\/portada\/?p=73075"},"modified":"2025-11-25T20:37:47","modified_gmt":"2025-11-26T03:37:47","slug":"anuncia-tar-mexico-nuevas-rutas-aereas-de-chihuahua-a-torreon-mazatlan-y-la-paz","status":"publish","type":"post","link":"https:\/\/www.opinionpublica.tv\/portada\/anuncia-tar-mexico-nuevas-rutas-aereas-de-chihuahua-a-torreon-mazatlan-y-la-paz\/","title":{"rendered":"Anuncia TAR M\u00e9xico nuevas rutas a\u00e9reas de Chihuahua a Torre\u00f3n, Mazatl\u00e1n y La Paz"},"content":{"rendered":"\n<figure class=\"wp-block-image size-large\"><img fetchpriority=\"high\" decoding=\"async\" width=\"1024\" height=\"683\" src=\"https:\/\/www.opinionpublica.tv\/portada\/wp-content\/uploads\/2025\/11\/Anuncia-TAR-Mexico-nuevas-rutas-aereas-de-Chihuahua-a-Torreon-Mazatlan-y-La-Paz-1024x683.jpeg\" alt=\"Anuncia tar me\u0301xico nuevas rutas ae\u0301reas de chihuahua a torreo\u0301n, mazatla\u0301n y la paz\" class=\"wp-image-73077\" srcset=\"https:\/\/www.opinionpublica.tv\/portada\/wp-content\/uploads\/2025\/11\/Anuncia-TAR-Mexico-nuevas-rutas-aereas-de-Chihuahua-a-Torreon-Mazatlan-y-La-Paz-1024x683.jpeg 1024w, https:\/\/www.opinionpublica.tv\/portada\/wp-content\/uploads\/2025\/11\/Anuncia-TAR-Mexico-nuevas-rutas-aereas-de-Chihuahua-a-Torreon-Mazatlan-y-La-Paz-300x200.jpeg 300w, https:\/\/www.opinionpublica.tv\/portada\/wp-content\/uploads\/2025\/11\/Anuncia-TAR-Mexico-nuevas-rutas-aereas-de-Chihuahua-a-Torreon-Mazatlan-y-La-Paz-768x512.jpeg 768w, https:\/\/www.opinionpublica.tv\/portada\/wp-content\/uploads\/2025\/11\/Anuncia-TAR-Mexico-nuevas-rutas-aereas-de-Chihuahua-a-Torreon-Mazatlan-y-La-Paz-1536x1024.jpeg 1536w, https:\/\/www.opinionpublica.tv\/portada\/wp-content\/uploads\/2025\/11\/Anuncia-TAR-Mexico-nuevas-rutas-aereas-de-Chihuahua-a-Torreon-Mazatlan-y-La-Paz.jpeg 1600w\" sizes=\"(max-width: 1024px) 100vw, 1024px\" \/><\/figure>\n\n\n\n<p><em>Chihuahua, Chih<\/em>.- La Secretar\u00eda de Turismo, en coordinaci\u00f3n con la aerol\u00ednea TAR M\u00e9xico anunci\u00f3 la apertura de las rutas a\u00e9reas que conectar\u00e1n a la capital del estado con Torre\u00f3n, Coahuila y Mazatl\u00e1n, Sinaloa, y a Ciudad Ju\u00e1rez con La Paz, Baja California Sur.<\/p>\n\n\n\n<p>Adem\u00e1s se dio a conocer el incremento de frecuencias en los itinerarios ya existentes, a Los Mochis, Quer\u00e9taro y Hermosillo.<\/p>\n\n\n\n<p>El secretario de Turismo, Edibray G\u00f3mez destac\u00f3 el compromiso de la administraci\u00f3n por impulsar la movilidad regional y el desarrollo econ\u00f3mico de Chihuahua, as\u00ed como la importancia de fomentar el encuentro familiar y la actividad empresarial.<\/p>\n\n\n\n<p>A\u00f1adi\u00f3 que Chihuahua se consolida como un punto clave en el norte del pa\u00eds, con un esfuerzo coordinado entre Gobierno del Estado y TAR M\u00e9xico para mejorar la conectividad, facilitar la movilidad de visitantes, impulsar la econom\u00eda local y fortalecer el flujo tur\u00edstico en la regi\u00f3n.<\/p>\n\n\n\n<p>Las nuevas rutas y frecuencias ya se encuentran disponibles para su venta y comenzar\u00e1n a operar a partir del 1 de diciembre, lo cual ofrece un beneficio directo al sector empresarial y un impulso a la actividad tur\u00edstica en Chihuahua.<\/p>\n\n\n\n<p>En la rueda de prensa que se organiz\u00f3 para efectuar este anuncio participaron tambi\u00e9n \u00c1ngel Garc\u00eda Col\u00edn, director Comercial y de Operaciones de TAR M\u00e9xico y Germ\u00e1n Orrantia Calder\u00f3n, director de Promoci\u00f3n Tur\u00edstica de la Secretar\u00eda de Turismo.<\/p>\n\n\n\n<p>Las nuevas rutas:<\/p>\n\n\n\n<p>\u2022\u2060&nbsp; \u2060Chihuahua-Torre\u00f3n: Servicio directo, jueves y domingo<\/p>\n\n\n\n<p>\u2022\u2060&nbsp; \u2060Chihuahua-Mazatl\u00e1n: Conexi\u00f3n a trav\u00e9s de Torre\u00f3n (TRC), jueves y domingo<\/p>\n\n\n\n<p>\u2022\u2060&nbsp; \u2060Ciudad Ju\u00e1rez-La Paz: Conexi\u00f3n v\u00eda Hermosillo (HMO), lunes, mi\u00e9rcoles y viernes<\/p>\n\n\n\n<p>Incremento en las frecuencias:<\/p>\n\n\n\n<p>\u2022\u2060&nbsp; \u2060Chihuahua-Los Mochis: De 12 a 14<\/p>\n\n\n\n<p>\u2022\u2060&nbsp; \u2060Ju\u00e1rez-Hermosillo y Ju\u00e1rez-Torre\u00f3n: De 8 a 10<\/p>\n\n\n\n<p>\u2022\u2060&nbsp; \u2060Chihuahua-Quer\u00e9taro: De 6 a 8<\/p>\n","protected":false},"excerpt":{"rendered":"<p>Chihuahua, Chih.- La Secretar\u00eda de Turismo, en coordinaci\u00f3n con la aerol\u00ednea TAR M\u00e9xico anunci\u00f3 la apertura de las rutas a\u00e9reas que conectar\u00e1n a la capital del estado con Torre\u00f3n, Coahuila y Mazatl\u00e1n, Sinaloa, y a Ciudad Ju\u00e1rez con La Paz, Baja California Sur. Adem\u00e1s se dio a conocer el incremento de frecuencias en los itinerarios [&hellip;]<\/p>\n","protected":false},"author":6,"featured_media":73077,"comment_status":"closed","ping_status":"closed","sticky":false,"template":"","format":"standard","meta":{"_acf_changed":false,"_monsterinsights_skip_tracking":false,"_monsterinsights_sitenote_active":false,"_monsterinsights_sitenote_note":"","_monsterinsights_sitenote_category":0,"slim_seo":{"title":"Anuncia TAR M\u00e9xico nuevas rutas a\u00e9reas de Chihuahua a Torre\u00f3n, Mazatl\u00e1n y La Paz - Opini\u00f3n P\u00fablica","description":"Chihuahua, Chih .- La Secretar\u00eda de Turismo, en coordinaci\u00f3n con la aerol\u00ednea TAR M\u00e9xico anunci\u00f3 la apertura de las rutas a\u00e9reas que conectar\u00e1n a la capital del"},"footnotes":""},"categories":[11],"tags":[1300,586],"class_list":["post-73075","post","type-post","status-publish","format-standard","has-post-thumbnail","hentry","category-tendencias","tag-aerolinea-tar","tag-turismo-chihuahua"],"acf":[],"_links":{"self":[{"href":"https:\/\/www.opinionpublica.tv\/portada\/wp-json\/wp\/v2\/posts\/73075","targetHints":{"allow":["GET"]}}],"collection":[{"href":"https:\/\/www.opinionpublica.tv\/portada\/wp-json\/wp\/v2\/posts"}],"about":[{"href":"https:\/\/www.opinionpublica.tv\/portada\/wp-json\/wp\/v2\/types\/post"}],"author":[{"embeddable":true,"href":"https:\/\/www.opinionpublica.tv\/portada\/wp-json\/wp\/v2\/users\/6"}],"replies":[{"embeddable":true,"href":"https:\/\/www.opinionpublica.tv\/portada\/wp-json\/wp\/v2\/comments?post=73075"}],"version-history":[{"count":2,"href":"https:\/\/www.opinionpublica.tv\/portada\/wp-json\/wp\/v2\/posts\/73075\/revisions"}],"predecessor-version":[{"id":73078,"href":"https:\/\/www.opinionpublica.tv\/portada\/wp-json\/wp\/v2\/posts\/73075\/revisions\/73078"}],"wp:featuredmedia":[{"embeddable":true,"href":"https:\/\/www.opinionpublica.tv\/portada\/wp-json\/wp\/v2\/media\/73077"}],"wp:attachment":[{"href":"https:\/\/www.opinionpublica.tv\/portada\/wp-json\/wp\/v2\/media?parent=73075"}],"wp:term":[{"taxonomy":"category","embeddable":true,"href":"https:\/\/www.opinionpublica.tv\/portada\/wp-json\/wp\/v2\/categories?post=73075"},{"taxonomy":"post_tag","embeddable":true,"href":"https:\/\/www.opinionpublica.tv\/portada\/wp-json\/wp\/v2\/tags?post=73075"}],"curies":[{"name":"wp","href":"https:\/\/api.w.org\/{rel}","templated":true}]}}