{"id":73070,"date":"2025-11-26T00:01:00","date_gmt":"2025-11-26T07:01:00","guid":{"rendered":"https:\/\/www.opinionpublica.tv\/portada\/?p=73070"},"modified":"2025-11-25T20:32:20","modified_gmt":"2025-11-26T03:32:20","slug":"rinde-protesta-francisco-javier-llera-pacheco-como-rector-de-la-ut-paso-del-norte","status":"publish","type":"post","link":"https:\/\/www.opinionpublica.tv\/portada\/rinde-protesta-francisco-javier-llera-pacheco-como-rector-de-la-ut-paso-del-norte\/","title":{"rendered":"Rinde protesta Francisco Javier Llera Pacheco como rector de la UT Paso del Norte"},"content":{"rendered":"\n<figure class=\"wp-block-image size-large\"><img fetchpriority=\"high\" decoding=\"async\" width=\"1024\" height=\"682\" src=\"https:\/\/www.opinionpublica.tv\/portada\/wp-content\/uploads\/2025\/11\/Rinde-protesta-Francisco-Javier-Llera-Pacheco-como-rector-de-la-UT-Paso-del-Norte-1024x682.jpeg\" alt=\"Rinde protesta francisco javier llera pacheco como rector de la ut paso del norte\" class=\"wp-image-73073\" srcset=\"https:\/\/www.opinionpublica.tv\/portada\/wp-content\/uploads\/2025\/11\/Rinde-protesta-Francisco-Javier-Llera-Pacheco-como-rector-de-la-UT-Paso-del-Norte-1024x682.jpeg 1024w, https:\/\/www.opinionpublica.tv\/portada\/wp-content\/uploads\/2025\/11\/Rinde-protesta-Francisco-Javier-Llera-Pacheco-como-rector-de-la-UT-Paso-del-Norte-300x200.jpeg 300w, https:\/\/www.opinionpublica.tv\/portada\/wp-content\/uploads\/2025\/11\/Rinde-protesta-Francisco-Javier-Llera-Pacheco-como-rector-de-la-UT-Paso-del-Norte-768x512.jpeg 768w, https:\/\/www.opinionpublica.tv\/portada\/wp-content\/uploads\/2025\/11\/Rinde-protesta-Francisco-Javier-Llera-Pacheco-como-rector-de-la-UT-Paso-del-Norte-1536x1023.jpeg 1536w, https:\/\/www.opinionpublica.tv\/portada\/wp-content\/uploads\/2025\/11\/Rinde-protesta-Francisco-Javier-Llera-Pacheco-como-rector-de-la-UT-Paso-del-Norte.jpeg 1600w\" sizes=\"(max-width: 1024px) 100vw, 1024px\" \/><\/figure>\n\n\n\n<p><em>Ciudad Ju\u00e1rez, Chih<\/em>.- Francisco Javier Llera Pacheco asumi\u00f3 la rector\u00eda de la Universidad Tecnol\u00f3gica Paso del Norte (UTPN), nombramiento que le fue otorgado por la gobernadora Maru Campos, para ejercer funciones durante un periodo de cuatro a\u00f1os.<\/p>\n\n\n\n<p>El subsecretario de Educaci\u00f3n Media Superior y Superior, Guillermo M\u00e1rquez Lizalde, fue el encargado de tomar protesta al nuevo titular de la UT Paso del Norte, durante la inauguraci\u00f3n de la Semana Acad\u00e9mica \u201cSinergia 360\u201d.<\/p>\n\n\n\n<p>En su presentaci\u00f3n con la comunidad universitaria, Llera Pacheco destac\u00f3 el trabajo realizado por la Universidad en lo referente a infraestructura, creaci\u00f3n de programas educativos e incremento de la matr\u00edcula.<\/p>\n\n\n\n<p>Recalc\u00f3 que su principal plan como rector es escuchar a las y los j\u00f3venes universitarios, profesores y directivos, para poder conocer sus deseos e intereses, adem\u00e1s de desarrollar todo lo que est\u00e9 en sus posibilidades para satisfacer las expectativas de su nuevo cargo.<\/p>\n\n\n\n<p>\u201cMi trayectoria acad\u00e9mica, ha sido siempre dentro de las aulas universitarias, dando clases, haciendo investigaci\u00f3n, realizando gestiones, uno m\u00e1s dentro de la vida universitaria. Y celebro y me da mucho gusto incorporarme en este d\u00eda justamente a estas actividades, en el marco de este seminario multidisciplinario\u201d, expres\u00f3 el rector.<\/p>\n\n\n\n<p>Enfatiz\u00f3 que trabajar\u00e1 para hacer a la UT Paso del Norte una instituci\u00f3n que enorgullezca a Ciudad Ju\u00e1rez y brinde un servicio a la poblaci\u00f3n, y agradeci\u00f3 a las autoridades estatales que encabeza Maru Campos por el encargo recibido.<\/p>\n\n\n\n<p>Llera Pacheco es acad\u00e9mico e investigador de la Universidad Aut\u00f3noma de Ciudad Ju\u00e1rez (UACJ), cuenta con licenciatura en Administraci\u00f3n P\u00fablica, maestr\u00eda en Planificaci\u00f3n Metropolitana, un doctorado y postdoctorado en Geograf\u00eda, adem\u00e1s de ser miembro del Servicio Nacional de Investigadores (SNI) Nivel 1.<\/p>\n","protected":false},"excerpt":{"rendered":"<p>Ciudad Ju\u00e1rez, Chih.- Francisco Javier Llera Pacheco asumi\u00f3 la rector\u00eda de la Universidad Tecnol\u00f3gica Paso del Norte (UTPN), nombramiento que le fue otorgado por la gobernadora Maru Campos, para ejercer funciones durante un periodo de cuatro a\u00f1os. El subsecretario de Educaci\u00f3n Media Superior y Superior, Guillermo M\u00e1rquez Lizalde, fue el encargado de tomar protesta al [&hellip;]<\/p>\n","protected":false},"author":6,"featured_media":73073,"comment_status":"closed","ping_status":"closed","sticky":false,"template":"","format":"standard","meta":{"_acf_changed":false,"_monsterinsights_skip_tracking":false,"_monsterinsights_sitenote_active":false,"_monsterinsights_sitenote_note":"","_monsterinsights_sitenote_category":0,"slim_seo":{"title":"Rinde protesta Francisco Javier Llera Pacheco como rector de la UT Paso del Norte - Opini\u00f3n P\u00fablica","description":"Ciudad Ju\u00e1rez, Chih .- Francisco Javier Llera Pacheco asumi\u00f3 la rector\u00eda de la Universidad Tecnol\u00f3gica Paso del Norte (UTPN), nombramiento que le fue otorgado p"},"footnotes":""},"categories":[11],"tags":[608,1299],"class_list":["post-73070","post","type-post","status-publish","format-standard","has-post-thumbnail","hentry","category-tendencias","tag-ciudad-juarez","tag-universidad-tecnologica-paso-del-norte"],"acf":[],"_links":{"self":[{"href":"https:\/\/www.opinionpublica.tv\/portada\/wp-json\/wp\/v2\/posts\/73070","targetHints":{"allow":["GET"]}}],"collection":[{"href":"https:\/\/www.opinionpublica.tv\/portada\/wp-json\/wp\/v2\/posts"}],"about":[{"href":"https:\/\/www.opinionpublica.tv\/portada\/wp-json\/wp\/v2\/types\/post"}],"author":[{"embeddable":true,"href":"https:\/\/www.opinionpublica.tv\/portada\/wp-json\/wp\/v2\/users\/6"}],"replies":[{"embeddable":true,"href":"https:\/\/www.opinionpublica.tv\/portada\/wp-json\/wp\/v2\/comments?post=73070"}],"version-history":[{"count":2,"href":"https:\/\/www.opinionpublica.tv\/portada\/wp-json\/wp\/v2\/posts\/73070\/revisions"}],"predecessor-version":[{"id":73074,"href":"https:\/\/www.opinionpublica.tv\/portada\/wp-json\/wp\/v2\/posts\/73070\/revisions\/73074"}],"wp:featuredmedia":[{"embeddable":true,"href":"https:\/\/www.opinionpublica.tv\/portada\/wp-json\/wp\/v2\/media\/73073"}],"wp:attachment":[{"href":"https:\/\/www.opinionpublica.tv\/portada\/wp-json\/wp\/v2\/media?parent=73070"}],"wp:term":[{"taxonomy":"category","embeddable":true,"href":"https:\/\/www.opinionpublica.tv\/portada\/wp-json\/wp\/v2\/categories?post=73070"},{"taxonomy":"post_tag","embeddable":true,"href":"https:\/\/www.opinionpublica.tv\/portada\/wp-json\/wp\/v2\/tags?post=73070"}],"curies":[{"name":"wp","href":"https:\/\/api.w.org\/{rel}","templated":true}]}}