{"id":73064,"date":"2025-11-26T00:01:00","date_gmt":"2025-11-26T07:01:00","guid":{"rendered":"https:\/\/www.opinionpublica.tv\/portada\/?p=73064"},"modified":"2025-11-25T20:28:42","modified_gmt":"2025-11-26T03:28:42","slug":"tras-reunion-con-segob-transportistas-mantendran-bloqueos-al-no-alcanzar-acuerdos","status":"publish","type":"post","link":"https:\/\/www.opinionpublica.tv\/portada\/tras-reunion-con-segob-transportistas-mantendran-bloqueos-al-no-alcanzar-acuerdos\/","title":{"rendered":"Tras reuni\u00f3n con Segob, los transportistas mantendr\u00e1n bloqueos; no hubo acuerdos"},"content":{"rendered":"\n<figure class=\"wp-block-image size-large\"><img fetchpriority=\"high\" decoding=\"async\" width=\"1024\" height=\"631\" src=\"https:\/\/www.opinionpublica.tv\/portada\/wp-content\/uploads\/2025\/11\/Tras-reunion-con-Segob-los-transportistas-mantendran-bloqueos-no-hubo-acuerdos-1024x631.avif\" alt=\"Tras reunio\u0301n con segob, los transportistas mantendra\u0301n bloqueos; no hubo acuerdos\" class=\"wp-image-73068\" srcset=\"https:\/\/www.opinionpublica.tv\/portada\/wp-content\/uploads\/2025\/11\/Tras-reunion-con-Segob-los-transportistas-mantendran-bloqueos-no-hubo-acuerdos-1024x631.avif 1024w, https:\/\/www.opinionpublica.tv\/portada\/wp-content\/uploads\/2025\/11\/Tras-reunion-con-Segob-los-transportistas-mantendran-bloqueos-no-hubo-acuerdos-300x185.avif 300w, https:\/\/www.opinionpublica.tv\/portada\/wp-content\/uploads\/2025\/11\/Tras-reunion-con-Segob-los-transportistas-mantendran-bloqueos-no-hubo-acuerdos-768x473.avif 768w, https:\/\/www.opinionpublica.tv\/portada\/wp-content\/uploads\/2025\/11\/Tras-reunion-con-Segob-los-transportistas-mantendran-bloqueos-no-hubo-acuerdos.avif 1081w\" sizes=\"(max-width: 1024px) 100vw, 1024px\" \/><\/figure>\n\n\n\n<p><em>Ciudad de M\u00e9xico<\/em>.- Despu\u00e9s de casi cuatro horas de sostener una mesa de negociaci\u00f3n en la Secretar\u00eda de Gobernaci\u00f3n (Segob), transportistas y productores no llegaron a un acuerdo con el gobierno federal, por lo que mantendr\u00e1n los bloqueos carreteros en distintos puntos del pa\u00eds.<\/p>\n\n\n\n<p>A su salida de la mesa de la que se levantaron el subsecretario de Gobernaci\u00f3n, C\u00e9sar Y\u00e1\u00f1ez; el secretario de Agricultura y Desarrollo Rural, Julio Berdegu\u00e9; el subdirector de la Conagua, Aar\u00f3n Mastache, y otras autoridades, el frente de transportistas y campesinos acus\u00f3 que no hay sensibilidad pol\u00edtica del gobierno.<\/p>\n\n\n\n<p>\u201cEl licenciado Y\u00e1\u00f1ez nos pidi\u00f3 que para continuar con la reuni\u00f3n, deb\u00edamos desalojar los puntos de protesta que est\u00e1n en las carreteras, y que est\u00e1n en los puentes internacionales y que est\u00e1n en las aduanas. (&#8230;) Nunca se comprometieron a nada, y nosotros obviamente no nos vamos a retirar hasta en tanto no nos den una certeza de que las cosas van a funcionar\u201d, dijo Eraclio \u201cEl Yako\u201d Rodr\u00edguez, l\u00edder del Frente Nacional para el Rescate del Campo Mexicano.<\/p>\n\n\n\n<p>Indicaron que la \u00fanica manera de que los retiren de los bloqueos es con el Ej\u00e9rcito o las polic\u00edas. Actualizaron que los bloqueos se incrementaron a 40 en 26 estados.<\/p>\n\n\n\n<p>Al acusar intereses de empresarios, \u201cEl Yako\u201d mencion\u00f3 que est\u00e1n abiertos a que el gobierno los vuelva a llamar con una \u201cperspectiva diferente\u201d, en tanto seguir\u00e1n las manifestaciones: \u201cNo que estemos rompiendo el di\u00e1logo, simplemente creemos que no hay condiciones de seguir platicando con gente del gobierno que no tiene sensibilidad\u201d.<\/p>\n\n\n\n<p>Reiteraron que exigen el reconocimiento de la agricultura nacional, la salida de los granos b\u00e1sicos del Tratado de libre Comercio, la construcci\u00f3n de una banca de desarrollo, predios de garant\u00eda para todos y que se detenga la Ley de Aguas, as\u00ed como seguridad en carreteras y adecuaciones a la expedici\u00f3n de licencias.<\/p>\n\n\n\n<p>Acusan persecuci\u00f3n y hostigamiento<\/p>\n\n\n\n<p>Acusaron tambi\u00e9n que hay persecuci\u00f3n de las Fiscal\u00edas estatales y de la Fiscal\u00eda General de la Rep\u00fablica: \u201cEstamos buscando y pidiendo al gobierno federal que le digan a la Presidenta que cese ese hostigamiento. El levantarse de la mesa y decir que no van a sentarse si no levantamos los bloqueos, es una excusa para el uso de la fuerza p\u00fablica\u201d.<\/p>\n\n\n\n<p>Aseveran que el movimiento no es pol\u00edtico, tras los se\u00f1alamientos que hizo la Secretar\u00eda de Gobernaci\u00f3n, Rosa Icela Rodr\u00edguez.<\/p>\n\n\n\n<p>Por su lado, la Secretar\u00eda de Gobernaci\u00f3n indic\u00f3 que pese a la disposici\u00f3n y apertura del Gobierno de M\u00e9xico, ampliaron el n\u00famero de bloqueos, generando afectaciones al no permitir el paso de ambulancias, bomberos, servicios de emergencia y de art\u00edculos perecederos.<\/p>\n\n\n\n<p>Ello, \u201ca pesar de haberles solicitado, desde el inicio de la reuni\u00f3n, comunicarse con sus agremiados para permitir el libre tr\u00e1nsito, evitar las graves afectaciones a la poblaci\u00f3n y avanzar en la atenci\u00f3n de sus demandas\u201d.<\/p>\n\n\n\n<p>\u201cEl Gobierno de M\u00e9xico reitera su permanente disposici\u00f3n al di\u00e1logo y la concertaci\u00f3n con todos los sectores sociales, privilegiando siempre el bienestar de la ciudadan\u00eda\u201d, dijo la Segob a cargo de Rosa Icela Rodr\u00edguez.<\/p>\n\n\n\n<p>Autoridades pausan di\u00e1logo ante \u00abfalta de acuerdos\u00bb<\/p>\n\n\n\n<p>Las autoridades federales, encabezadas por Julio Berdegu\u00e9, secretario de Agricultura y Desarrollo Rural, y C\u00e9sar Y\u00e1\u00f1ez, subsecretario de Gobernaci\u00f3n, se levantaron de la mesa de negociaci\u00f3n ante la falta de acuerdos, y se decret\u00f3 un receso.<\/p>\n\n\n\n<p>\u00abLos funcionarios se levantan porque como siempre demandan pero no dan soluciones\u00bb, acus\u00f3 la ANTAC.<\/p>\n\n\n\n<p>\u00abPara continuar, les pido la libre circulaci\u00f3n\u00bb, pidi\u00f3 C\u00e9sar Y\u00e1\u00f1ez.<\/p>\n\n\n\n<p>\u00abEstamos en el di\u00e1logo, pero no nos da absolutamente nada la certeza de resolver lo que estamos pidiendo \u00ab, dijeron los inconformes.<\/p>\n\n\n\n<p>\u00abTampoco tengo la certeza de que levanten ese bloqueo\u00bb, respondi\u00f3 el subsecretario de la Segob.<\/p>\n\n\n\n<p><em>Con informaci\u00f3n de El Universal<\/em>.<\/p>\n","protected":false},"excerpt":{"rendered":"<p>Ciudad de M\u00e9xico.- Despu\u00e9s de casi cuatro horas de sostener una mesa de negociaci\u00f3n en la Secretar\u00eda de Gobernaci\u00f3n (Segob), transportistas y productores no llegaron a un acuerdo con el gobierno federal, por lo que mantendr\u00e1n los bloqueos carreteros en distintos puntos del pa\u00eds. A su salida de la mesa de la que se levantaron [&hellip;]<\/p>\n","protected":false},"author":6,"featured_media":73068,"comment_status":"closed","ping_status":"closed","sticky":false,"template":"","format":"standard","meta":{"_acf_changed":false,"_monsterinsights_skip_tracking":false,"_monsterinsights_sitenote_active":false,"_monsterinsights_sitenote_note":"","_monsterinsights_sitenote_category":0,"slim_seo":{"title":"Tras reuni\u00f3n con Segob, los transportistas mantendr\u00e1n bloqueos; no hubo acuerdos - Opini\u00f3n P\u00fablica","description":"Ciudad de M\u00e9xico .- Despu\u00e9s de casi cuatro horas de sostener una mesa de negociaci\u00f3n en la Secretar\u00eda de Gobernaci\u00f3n (Segob), transportistas y productores no ll"},"footnotes":""},"categories":[4],"tags":[1056,1298,1281],"class_list":["post-73064","post","type-post","status-publish","format-standard","has-post-thumbnail","hentry","category-pulsopolitico","tag-bloqueos-carreteros","tag-secretaria-de-gobernacion","tag-yako-rodriguez"],"acf":[],"_links":{"self":[{"href":"https:\/\/www.opinionpublica.tv\/portada\/wp-json\/wp\/v2\/posts\/73064","targetHints":{"allow":["GET"]}}],"collection":[{"href":"https:\/\/www.opinionpublica.tv\/portada\/wp-json\/wp\/v2\/posts"}],"about":[{"href":"https:\/\/www.opinionpublica.tv\/portada\/wp-json\/wp\/v2\/types\/post"}],"author":[{"embeddable":true,"href":"https:\/\/www.opinionpublica.tv\/portada\/wp-json\/wp\/v2\/users\/6"}],"replies":[{"embeddable":true,"href":"https:\/\/www.opinionpublica.tv\/portada\/wp-json\/wp\/v2\/comments?post=73064"}],"version-history":[{"count":3,"href":"https:\/\/www.opinionpublica.tv\/portada\/wp-json\/wp\/v2\/posts\/73064\/revisions"}],"predecessor-version":[{"id":73069,"href":"https:\/\/www.opinionpublica.tv\/portada\/wp-json\/wp\/v2\/posts\/73064\/revisions\/73069"}],"wp:featuredmedia":[{"embeddable":true,"href":"https:\/\/www.opinionpublica.tv\/portada\/wp-json\/wp\/v2\/media\/73068"}],"wp:attachment":[{"href":"https:\/\/www.opinionpublica.tv\/portada\/wp-json\/wp\/v2\/media?parent=73064"}],"wp:term":[{"taxonomy":"category","embeddable":true,"href":"https:\/\/www.opinionpublica.tv\/portada\/wp-json\/wp\/v2\/categories?post=73064"},{"taxonomy":"post_tag","embeddable":true,"href":"https:\/\/www.opinionpublica.tv\/portada\/wp-json\/wp\/v2\/tags?post=73064"}],"curies":[{"name":"wp","href":"https:\/\/api.w.org\/{rel}","templated":true}]}}