{"id":73052,"date":"2025-11-26T00:01:00","date_gmt":"2025-11-26T07:01:00","guid":{"rendered":"https:\/\/www.opinionpublica.tv\/portada\/?p=73052"},"modified":"2025-11-25T20:15:01","modified_gmt":"2025-11-26T03:15:01","slug":"video-stranger-things-t5-jaime-maussan-por-posible-invasion-del-otro-lado-netflix","status":"publish","type":"post","link":"https:\/\/www.opinionpublica.tv\/portada\/video-stranger-things-t5-jaime-maussan-por-posible-invasion-del-otro-lado-netflix\/","title":{"rendered":"Video: Stranger Things T5 | Jaime Maussan por posible invasi\u00f3n del otro lado | Estreno Netflix"},"content":{"rendered":"\n<p><a href=\"https:\/\/www.youtube.com\/@NetflixLATAM\"><\/a><\/p>\n\n\n\n<figure class=\"wp-block-embed is-type-video is-provider-youtube wp-block-embed-youtube wp-embed-aspect-16-9 wp-has-aspect-ratio\"><div class=\"wp-block-embed__wrapper\">\n<iframe title=\"Netflix | Stranger Things T5 | Jaime Maussan advierte a M\u00e9xico por posible invasi\u00f3n del Otro Lado\" width=\"800\" height=\"450\" src=\"https:\/\/www.youtube.com\/embed\/MWjo2mrec_c?feature=oembed\" frameborder=\"0\" allow=\"accelerometer; autoplay; clipboard-write; encrypted-media; gyroscope; picture-in-picture; web-share\" referrerpolicy=\"strict-origin-when-cross-origin\" allowfullscreen><\/iframe>\n<\/div><\/figure>\n\n\n\n<p>La \u00faltima investigaci\u00f3n de Jaime Maussan trae una advertencia para todo M\u00e9xico: el Otro Lado podr\u00eda invadirnos y debemos prepararnos. Documenten cada hecho extra\u00f1o y comp\u00e1rtanlo con nosotros. Est\u00e9n alertas y cu\u00eddense mucho. Que esta \u00faltima aventura nos encuentre a todos juntos.<\/p>\n\n\n\n<p>&#8216;Stranger Things: temporada final: parte 1&#8217; llega a Netflix este 26 de Noviembre.<\/p>\n","protected":false},"excerpt":{"rendered":"<p>La \u00faltima investigaci\u00f3n de Jaime Maussan trae una advertencia para todo M\u00e9xico: el Otro Lado podr\u00eda invadirnos y debemos prepararnos. Documenten cada hecho extra\u00f1o y comp\u00e1rtanlo con nosotros. Est\u00e9n alertas y cu\u00eddense mucho. Que esta \u00faltima aventura nos encuentre a todos juntos. &#8216;Stranger Things: temporada final: parte 1&#8217; llega a Netflix este 26 de Noviembre.<\/p>\n","protected":false},"author":6,"featured_media":73056,"comment_status":"closed","ping_status":"closed","sticky":false,"template":"","format":"standard","meta":{"_acf_changed":false,"_monsterinsights_skip_tracking":false,"_monsterinsights_sitenote_active":false,"_monsterinsights_sitenote_note":"","_monsterinsights_sitenote_category":0,"slim_seo":{"title":"Video: Stranger Things T5 | Jaime Maussan por posible invasi\u00f3n del otro lado | Estreno Netflix - Opini\u00f3n P\u00fablica","description":"https:\/\/youtu.be\/MWjo2mrec_c?si=I1w-ML-SKsoueut1 La \u00faltima investigaci\u00f3n de Jaime Maussan trae una advertencia para todo M\u00e9xico: el Otro Lado podr\u00eda invadirnos"},"footnotes":""},"categories":[2,13,8],"tags":[1297,741],"class_list":["post-73052","post","type-post","status-publish","format-standard","has-post-thumbnail","hentry","category-videos-destacados","category-videos-destacados-contenido","category-videos","tag-jaime-maussan","tag-netflix"],"acf":[],"_links":{"self":[{"href":"https:\/\/www.opinionpublica.tv\/portada\/wp-json\/wp\/v2\/posts\/73052","targetHints":{"allow":["GET"]}}],"collection":[{"href":"https:\/\/www.opinionpublica.tv\/portada\/wp-json\/wp\/v2\/posts"}],"about":[{"href":"https:\/\/www.opinionpublica.tv\/portada\/wp-json\/wp\/v2\/types\/post"}],"author":[{"embeddable":true,"href":"https:\/\/www.opinionpublica.tv\/portada\/wp-json\/wp\/v2\/users\/6"}],"replies":[{"embeddable":true,"href":"https:\/\/www.opinionpublica.tv\/portada\/wp-json\/wp\/v2\/comments?post=73052"}],"version-history":[{"count":2,"href":"https:\/\/www.opinionpublica.tv\/portada\/wp-json\/wp\/v2\/posts\/73052\/revisions"}],"predecessor-version":[{"id":73055,"href":"https:\/\/www.opinionpublica.tv\/portada\/wp-json\/wp\/v2\/posts\/73052\/revisions\/73055"}],"wp:featuredmedia":[{"embeddable":true,"href":"https:\/\/www.opinionpublica.tv\/portada\/wp-json\/wp\/v2\/media\/73056"}],"wp:attachment":[{"href":"https:\/\/www.opinionpublica.tv\/portada\/wp-json\/wp\/v2\/media?parent=73052"}],"wp:term":[{"taxonomy":"category","embeddable":true,"href":"https:\/\/www.opinionpublica.tv\/portada\/wp-json\/wp\/v2\/categories?post=73052"},{"taxonomy":"post_tag","embeddable":true,"href":"https:\/\/www.opinionpublica.tv\/portada\/wp-json\/wp\/v2\/tags?post=73052"}],"curies":[{"name":"wp","href":"https:\/\/api.w.org\/{rel}","templated":true}]}}