{"id":73047,"date":"2025-11-26T00:01:00","date_gmt":"2025-11-26T07:01:00","guid":{"rendered":"https:\/\/www.opinionpublica.tv\/portada\/?p=73047"},"modified":"2025-11-25T20:06:49","modified_gmt":"2025-11-26T03:06:49","slug":"efemerides-26-de-noviembre-un-dia-como-hoy-en-la-historia","status":"publish","type":"post","link":"https:\/\/www.opinionpublica.tv\/portada\/efemerides-26-de-noviembre-un-dia-como-hoy-en-la-historia\/","title":{"rendered":"Efem\u00e9rides 26 de noviembre | Un d\u00eda como hoy en la historia&#8230;"},"content":{"rendered":"\n<p><em>Un d\u00eda 26 de noviembre como hoy, pero de 2003, el \u00faltimo ejemplar del avi\u00f3n Concorde realiza su \u00faltimo vuelo, en este caso desde el aeropuerto londinense de Heathrow hasta Bristol (centro de Inglaterra), antes de convertirse en una pieza de museo<\/em>.<\/p>\n\n\n\n<figure class=\"wp-block-image size-large\"><img fetchpriority=\"high\" decoding=\"async\" width=\"1024\" height=\"576\" src=\"https:\/\/www.opinionpublica.tv\/portada\/wp-content\/uploads\/2025\/11\/2003-el-ultimo-ejemplar-del-avion-Concorde-realiza-su-ultimo-vuelo-1024x576.avif\" alt=\"2003, el u\u0301ltimo ejemplar del avio\u0301n concorde realiza su u\u0301ltimo vuelo\" class=\"wp-image-73048\" srcset=\"https:\/\/www.opinionpublica.tv\/portada\/wp-content\/uploads\/2025\/11\/2003-el-ultimo-ejemplar-del-avion-Concorde-realiza-su-ultimo-vuelo-1024x576.avif 1024w, https:\/\/www.opinionpublica.tv\/portada\/wp-content\/uploads\/2025\/11\/2003-el-ultimo-ejemplar-del-avion-Concorde-realiza-su-ultimo-vuelo-300x169.avif 300w, https:\/\/www.opinionpublica.tv\/portada\/wp-content\/uploads\/2025\/11\/2003-el-ultimo-ejemplar-del-avion-Concorde-realiza-su-ultimo-vuelo-768x432.avif 768w, https:\/\/www.opinionpublica.tv\/portada\/wp-content\/uploads\/2025\/11\/2003-el-ultimo-ejemplar-del-avion-Concorde-realiza-su-ultimo-vuelo-1536x864.avif 1536w, https:\/\/www.opinionpublica.tv\/portada\/wp-content\/uploads\/2025\/11\/2003-el-ultimo-ejemplar-del-avion-Concorde-realiza-su-ultimo-vuelo.avif 1920w\" sizes=\"(max-width: 1024px) 100vw, 1024px\" \/><\/figure>\n\n\n\n<p><strong>Otras efem\u00e9rides<\/strong><\/p>\n\n\n\n<p>1865.- Se publica \u00abAlicia en el Pa\u00eds de las Maravillas\u00bb, del escritor brit\u00e1nico Lewis Carroll.<\/p>\n\n\n\n<p>1897.- Espa\u00f1a concede la autonom\u00eda a las colonias de Cuba y de Puerto Rico.<\/p>\n\n\n\n<p>1924.- Tras liberarse de la invasi\u00f3n china, es proclamada la Rep\u00fablica Popular de Mongolia.<\/p>\n\n\n\n<p>1942.- Se estrena en Estados Unidos la pel\u00edcula \u00abCasablanca\u00bb, protagonizada por Humphrey Bogart e Ingrid Bergman.<\/p>\n\n\n\n<p>1974.- M\u00e9xico rompe relaciones diplom\u00e1ticas con Chile, en respuesta al golpe de Estado a Salvador Allende.<\/p>\n\n\n\n<p>1976.- Willy Brandt, presidente del Partido Socialista alem\u00e1n, asume la presidencia de la Internacional Socialista.<\/p>\n\n\n\n<p>1991.- El cantante estadounidense Michael Jackson lanza al mercado el \u00e1lbum \u00abDangerous\u00bb.<\/p>\n\n\n\n<p>2002.- La Comisi\u00f3n de Personalidades por la Infancia y la Adolescencia de UNICEF, presidida por Jos\u00e9 Saramago, divulga un manifiesto para reivindicar \u00abuna econom\u00eda y democracia para ni\u00f1os y adolescentes\u00bb.<\/p>\n\n\n\n<p>2005.- La pel\u00edcula brasile\u00f1a \u00abCiudade Baixa\u00bb, del cineasta Sergio Machado, se alza con el \u00abCol\u00f3n de Oro\u00bb de la XXXI edici\u00f3n del Festival de Cine Iberoamericano de Huelva.<\/p>\n\n\n\n<p>2006.- El izquierdista Rafael Correa gana las elecciones las presidenciales de Ecuador a su rival conservador Alvaro Noboa.<\/p>\n\n\n\n<p>2008.- Una oleada de atentados contra intereses tur\u00edsticos en Bombay (India) causa 173 muertos y centenares de heridos.<\/p>\n\n\n\n<p>2008.- El fot\u00f3grafo espa\u00f1ol Jos\u00e9 Cend\u00f3n y el periodista brit\u00e1nico Colin Freeman son secuestrados en Bosasso, norte de Somalia. Fueron liberados el 4 de enero de 2009.<\/p>\n\n\n\n<p>2008.- Groenlandia aprueba en referendo la ampliaci\u00f3n de su estatuto de autonom\u00eda, que reconoce el derecho de autodeterminaci\u00f3n de este territorio de Dinamarca.<\/p>\n\n\n\n<p>2009.- Un informe elaborado por una comisi\u00f3n investigadora concluye que la iglesia cat\u00f3lica ocult\u00f3 durante a\u00f1os abusos sexuales en connivencia con el Estado irland\u00e9s.<\/p>\n\n\n\n<p>2010.- Los gobiernos de Colombia y Ecuador anuncian el restablecimiento pleno de las relaciones diplom\u00e1ticas entre los dos pa\u00edses, rotas desde marzo de 2008.<\/p>\n\n\n\n<p>2011.- El robot \u00abCuriosity\u00bb de la Nasa inicia una traves\u00eda en busca de respuestas sobre vida en Marte.<\/p>\n\n\n\n<p>2017.- Nepal vota en sus primeras elecciones generales en 18 a\u00f1os.<\/p>\n\n\n\n<p>2019.- Bolivia nombra su primer embajador en Estados Unidos en once a\u00f1os.<\/p>\n\n\n\n<p>2020.- Un tribunal de Ankara dicta 79 cadenas perpetuas, en el mayor juicio por golpe de Estado en Turqu\u00eda (2016).<\/p>\n\n\n\n<p>2021.- La OMS bautiza como \u00abomicron\u00bb a la nueva variante de coronavirus, a la que califica de \u00abriesgo\u00bb.<\/p>\n\n\n\n<p><strong>Nacimientos<\/strong><\/p>\n\n\n\n<p>1810.- William Amstrong, ingeniero brit\u00e1nico, inventor del acumulador el\u00e9ctrico.<\/p>\n\n\n\n<p>1909.- Eugene Ionescu, dramaturgo franc\u00e9s de origen rumano.<\/p>\n\n\n\n<p>1918.- Patricio Aylwin, expresidente de Chile.<\/p>\n\n\n\n<p>1931.- Adolfo P\u00e9rez Esquivel, activista argentino, Nobel de la Paz 1980.<\/p>\n\n\n\n<p>1939.- Tina Turner (Anne Mae Bullock), cantante estadounidense.<\/p>\n\n\n\n<p>1940.- Gianni de Michelis, pol\u00edtico italiano.<\/p>\n\n\n\n<p>1968.- Mar\u00eda Eugenia Mart\u00ednez de Irujo, duquesa de Montoro, hija de la duquesa de Alba.<\/p>\n\n\n\n<p><strong>Defunciones<\/strong><\/p>\n\n\n\n<p>1504.- Isabel \u00abla Cat\u00f3lica\u00bb, reina espa\u00f1ola.<\/p>\n\n\n\n<p>1855.- Adam Mickiewicz, poeta y patriota polaco.<\/p>\n\n\n\n<p>1926.- John Moses Browning, inventor estadounidense.<\/p>\n\n\n\n<p>2002.- Polo Monta\u00f1ez, cantautor cubano.<\/p>\n\n\n\n<p>2004.- Fernando Valle, m\u00e9dico portugu\u00e9s, fundador del Partido Socialista luso.<\/p>\n\n\n\n<p>2018.- Bernardo Bertolucci, cineasta italiano.<\/p>\n","protected":false},"excerpt":{"rendered":"<p>Un d\u00eda 26 de noviembre como hoy, pero de 2003, el \u00faltimo ejemplar del avi\u00f3n Concorde realiza su \u00faltimo vuelo, en este caso desde el aeropuerto londinense de Heathrow hasta Bristol (centro de Inglaterra), antes de convertirse en una pieza de museo. Otras efem\u00e9rides 1865.- Se publica \u00abAlicia en el Pa\u00eds de las Maravillas\u00bb, del [&hellip;]<\/p>\n","protected":false},"author":6,"featured_media":73048,"comment_status":"closed","ping_status":"closed","sticky":false,"template":"","format":"standard","meta":{"_acf_changed":false,"_monsterinsights_skip_tracking":false,"_monsterinsights_sitenote_active":false,"_monsterinsights_sitenote_note":"","_monsterinsights_sitenote_category":0,"slim_seo":{"title":"Efem\u00e9rides 26 de noviembre | Un d\u00eda como hoy en la historia... - Opini\u00f3n P\u00fablica","description":"Un d\u00eda 26 de noviembre como hoy, pero de 2003, el \u00faltimo ejemplar del avi\u00f3n Concorde realiza su \u00faltimo vuelo, en este caso desde el aeropuerto londinense de Hea"},"footnotes":""},"categories":[27],"tags":[1296,1295,59],"class_list":["post-73047","post","type-post","status-publish","format-standard","has-post-thumbnail","hentry","category-un-dia-como-hoy","tag-avion-concorde","tag-efemerides-26-de-noviembre","tag-un-dia-como-hoy"],"acf":[],"_links":{"self":[{"href":"https:\/\/www.opinionpublica.tv\/portada\/wp-json\/wp\/v2\/posts\/73047","targetHints":{"allow":["GET"]}}],"collection":[{"href":"https:\/\/www.opinionpublica.tv\/portada\/wp-json\/wp\/v2\/posts"}],"about":[{"href":"https:\/\/www.opinionpublica.tv\/portada\/wp-json\/wp\/v2\/types\/post"}],"author":[{"embeddable":true,"href":"https:\/\/www.opinionpublica.tv\/portada\/wp-json\/wp\/v2\/users\/6"}],"replies":[{"embeddable":true,"href":"https:\/\/www.opinionpublica.tv\/portada\/wp-json\/wp\/v2\/comments?post=73047"}],"version-history":[{"count":2,"href":"https:\/\/www.opinionpublica.tv\/portada\/wp-json\/wp\/v2\/posts\/73047\/revisions"}],"predecessor-version":[{"id":73051,"href":"https:\/\/www.opinionpublica.tv\/portada\/wp-json\/wp\/v2\/posts\/73047\/revisions\/73051"}],"wp:featuredmedia":[{"embeddable":true,"href":"https:\/\/www.opinionpublica.tv\/portada\/wp-json\/wp\/v2\/media\/73048"}],"wp:attachment":[{"href":"https:\/\/www.opinionpublica.tv\/portada\/wp-json\/wp\/v2\/media?parent=73047"}],"wp:term":[{"taxonomy":"category","embeddable":true,"href":"https:\/\/www.opinionpublica.tv\/portada\/wp-json\/wp\/v2\/categories?post=73047"},{"taxonomy":"post_tag","embeddable":true,"href":"https:\/\/www.opinionpublica.tv\/portada\/wp-json\/wp\/v2\/tags?post=73047"}],"curies":[{"name":"wp","href":"https:\/\/api.w.org\/{rel}","templated":true}]}}