{"id":72748,"date":"2025-11-21T00:01:00","date_gmt":"2025-11-21T07:01:00","guid":{"rendered":"https:\/\/www.opinionpublica.tv\/portada\/?p=72748"},"modified":"2025-11-20T20:24:11","modified_gmt":"2025-11-21T03:24:11","slug":"imparte-seguridad-vial-ponencia-en-foro-profesional-sobre-consumo-de-alcohol-y-conduccion","status":"publish","type":"post","link":"https:\/\/www.opinionpublica.tv\/portada\/imparte-seguridad-vial-ponencia-en-foro-profesional-sobre-consumo-de-alcohol-y-conduccion\/","title":{"rendered":"Imparte Vialidad ponencia en foro profesional de consumo de alcohol y conducci\u00f3n"},"content":{"rendered":"\n<figure class=\"wp-block-image size-large\"><img fetchpriority=\"high\" decoding=\"async\" width=\"1024\" height=\"576\" src=\"https:\/\/www.opinionpublica.tv\/portada\/wp-content\/uploads\/2025\/11\/Imparte-Vialidad-ponencia-en-foro-profesional-de-consumo-de-alcohol-y-conduccion-1024x576.jpeg\" alt=\"Imparte vialidad ponencia en foro profesional de consumo de alcohol y conduccio\u0301n\" class=\"wp-image-72753\" srcset=\"https:\/\/www.opinionpublica.tv\/portada\/wp-content\/uploads\/2025\/11\/Imparte-Vialidad-ponencia-en-foro-profesional-de-consumo-de-alcohol-y-conduccion-1024x576.jpeg 1024w, https:\/\/www.opinionpublica.tv\/portada\/wp-content\/uploads\/2025\/11\/Imparte-Vialidad-ponencia-en-foro-profesional-de-consumo-de-alcohol-y-conduccion-300x169.jpeg 300w, https:\/\/www.opinionpublica.tv\/portada\/wp-content\/uploads\/2025\/11\/Imparte-Vialidad-ponencia-en-foro-profesional-de-consumo-de-alcohol-y-conduccion-768x432.jpeg 768w, https:\/\/www.opinionpublica.tv\/portada\/wp-content\/uploads\/2025\/11\/Imparte-Vialidad-ponencia-en-foro-profesional-de-consumo-de-alcohol-y-conduccion-1536x864.jpeg 1536w, https:\/\/www.opinionpublica.tv\/portada\/wp-content\/uploads\/2025\/11\/Imparte-Vialidad-ponencia-en-foro-profesional-de-consumo-de-alcohol-y-conduccion.jpeg 1600w\" sizes=\"(max-width: 1024px) 100vw, 1024px\" \/><\/figure>\n\n\n\n<p><em>Ciudad Ju\u00e1rez, Chih<\/em>.- La Coordinaci\u00f3n General de Seguridad Vial, a trav\u00e9s del \u00e1rea de Educaci\u00f3n Vial, imparti\u00f3 la ponencia titulada \u201cRepercusiones en la seguridad vial del Municipio de Ju\u00e1rez por mezclar el alcohol y el volante, y c\u00f3mo puede ayudar la informaci\u00f3n de Alcoh\u00f3licos An\u00f3nimos a los conductores de alto riesgo\u201d, durante el X Foro de Alcoholismo para Profesionales.<\/p>\n\n\n\n<p>La exposici\u00f3n tuvo lugar en el Aula Magna de la Universidad Tecnol\u00f3gica de Ciudad Ju\u00e1rez, donde 87 estudiantes participaron en este espacio de reflexi\u00f3n y an\u00e1lisis sobre los riesgos que implica el consumo de alcohol al conducir y la importancia de la intervenci\u00f3n preventiva para reducir accidentes viales.<\/p>\n\n\n\n<p>Como parte del mensaje central, Seguridad Vial recomend\u00f3 evitar la conducci\u00f3n bajo los efectos del alcohol mediante acciones responsables como designar a un conductor sobrio y\/o utilizar servicios de transporte seguro. Adoptar estas medidas puede marcar la diferencia entre un traslado seguro y un incidente que ponga en riesgo la vida propia y la de otras personas.<\/p>\n\n\n\n<p>De esta manera, Seguridad Vial refrenda su compromiso de fortalecer la cultura de responsabilidad al volante y contribuir a la reducci\u00f3n de incidentes asociados al consumo de alcohol.<\/p>\n","protected":false},"excerpt":{"rendered":"<p>Ciudad Ju\u00e1rez, Chih.- La Coordinaci\u00f3n General de Seguridad Vial, a trav\u00e9s del \u00e1rea de Educaci\u00f3n Vial, imparti\u00f3 la ponencia titulada \u201cRepercusiones en la seguridad vial del Municipio de Ju\u00e1rez por mezclar el alcohol y el volante, y c\u00f3mo puede ayudar la informaci\u00f3n de Alcoh\u00f3licos An\u00f3nimos a los conductores de alto riesgo\u201d, durante el X Foro [&hellip;]<\/p>\n","protected":false},"author":6,"featured_media":72753,"comment_status":"closed","ping_status":"closed","sticky":false,"template":"","format":"standard","meta":{"_acf_changed":false,"_monsterinsights_skip_tracking":false,"_monsterinsights_sitenote_active":false,"_monsterinsights_sitenote_note":"","_monsterinsights_sitenote_category":0,"slim_seo":{"title":"Imparte Vialidad ponencia en foro profesional de consumo de alcohol y conducci\u00f3n - Opini\u00f3n P\u00fablica","description":"Ciudad Ju\u00e1rez, Chih .- La Coordinaci\u00f3n General de Seguridad Vial, a trav\u00e9s del \u00e1rea de Educaci\u00f3n Vial, imparti\u00f3 la ponencia titulada \u201cRepercusiones en la seguri"},"footnotes":""},"categories":[41],"tags":[608,1251,1041],"class_list":["post-72748","post","type-post","status-publish","format-standard","has-post-thumbnail","hentry","category-juarez","tag-ciudad-juarez","tag-consumo-de-alcohol","tag-seguridad-vial"],"acf":[],"_links":{"self":[{"href":"https:\/\/www.opinionpublica.tv\/portada\/wp-json\/wp\/v2\/posts\/72748","targetHints":{"allow":["GET"]}}],"collection":[{"href":"https:\/\/www.opinionpublica.tv\/portada\/wp-json\/wp\/v2\/posts"}],"about":[{"href":"https:\/\/www.opinionpublica.tv\/portada\/wp-json\/wp\/v2\/types\/post"}],"author":[{"embeddable":true,"href":"https:\/\/www.opinionpublica.tv\/portada\/wp-json\/wp\/v2\/users\/6"}],"replies":[{"embeddable":true,"href":"https:\/\/www.opinionpublica.tv\/portada\/wp-json\/wp\/v2\/comments?post=72748"}],"version-history":[{"count":4,"href":"https:\/\/www.opinionpublica.tv\/portada\/wp-json\/wp\/v2\/posts\/72748\/revisions"}],"predecessor-version":[{"id":72754,"href":"https:\/\/www.opinionpublica.tv\/portada\/wp-json\/wp\/v2\/posts\/72748\/revisions\/72754"}],"wp:featuredmedia":[{"embeddable":true,"href":"https:\/\/www.opinionpublica.tv\/portada\/wp-json\/wp\/v2\/media\/72753"}],"wp:attachment":[{"href":"https:\/\/www.opinionpublica.tv\/portada\/wp-json\/wp\/v2\/media?parent=72748"}],"wp:term":[{"taxonomy":"category","embeddable":true,"href":"https:\/\/www.opinionpublica.tv\/portada\/wp-json\/wp\/v2\/categories?post=72748"},{"taxonomy":"post_tag","embeddable":true,"href":"https:\/\/www.opinionpublica.tv\/portada\/wp-json\/wp\/v2\/tags?post=72748"}],"curies":[{"name":"wp","href":"https:\/\/api.w.org\/{rel}","templated":true}]}}