{"id":72744,"date":"2025-11-21T00:01:00","date_gmt":"2025-11-21T07:01:00","guid":{"rendered":"https:\/\/www.opinionpublica.tv\/portada\/?p=72744"},"modified":"2025-11-20T20:19:27","modified_gmt":"2025-11-21T03:19:27","slug":"la-antigua-carcel-de-piedra-se-convertira-en-un-lugar-positivo-para-juarez-alcalde","status":"publish","type":"post","link":"https:\/\/www.opinionpublica.tv\/portada\/la-antigua-carcel-de-piedra-se-convertira-en-un-lugar-positivo-para-juarez-alcalde\/","title":{"rendered":"La antigua \u2018c\u00e1rcel de piedra\u2019 se convertir\u00e1 en un lugar positivo para Ju\u00e1rez: alcalde"},"content":{"rendered":"\n<figure class=\"wp-block-image size-large\"><img fetchpriority=\"high\" decoding=\"async\" width=\"1024\" height=\"683\" src=\"https:\/\/www.opinionpublica.tv\/portada\/wp-content\/uploads\/2025\/11\/La-antigua-\u2018carcel-de-piedra-se-convertira-en-un-lugar-positivo-para-Juarez-alcalde-1024x683.jpeg\" alt=\"La antigua \u2018ca\u0301rcel de piedra\u2019 se convertira\u0301 en un lugar positivo para jua\u0301rez alcalde\" class=\"wp-image-72746\" srcset=\"https:\/\/www.opinionpublica.tv\/portada\/wp-content\/uploads\/2025\/11\/La-antigua-\u2018carcel-de-piedra-se-convertira-en-un-lugar-positivo-para-Juarez-alcalde-1024x683.jpeg 1024w, https:\/\/www.opinionpublica.tv\/portada\/wp-content\/uploads\/2025\/11\/La-antigua-\u2018carcel-de-piedra-se-convertira-en-un-lugar-positivo-para-Juarez-alcalde-300x200.jpeg 300w, https:\/\/www.opinionpublica.tv\/portada\/wp-content\/uploads\/2025\/11\/La-antigua-\u2018carcel-de-piedra-se-convertira-en-un-lugar-positivo-para-Juarez-alcalde-768x512.jpeg 768w, https:\/\/www.opinionpublica.tv\/portada\/wp-content\/uploads\/2025\/11\/La-antigua-\u2018carcel-de-piedra-se-convertira-en-un-lugar-positivo-para-Juarez-alcalde.jpeg 1280w\" sizes=\"(max-width: 1024px) 100vw, 1024px\" \/><\/figure>\n\n\n\n<p><em>Ciudad Ju\u00e1rez, Chih<\/em>.- Para la ciudad es muy positivo que empresas juarenses, cuiden los espacios hist\u00f3ricos y los transformen en sitios culturales y de esparcimiento comunitario, afirm\u00f3 el presidente municipal, Cruz P\u00e9rez Cu\u00e9llar, con respecto a la llamada C\u00e1rcel de Piedra.<\/p>\n\n\n\n<p>El alcalde dijo que la empresa que adquiri\u00f3 este inmueble es \u00abSmart\u00bb, empresa que ha demostrado un gran compromiso social con Ju\u00e1rez y su gente.<\/p>\n\n\n\n<p>\u00abLo que yo s\u00e9 es que quieren hacer un centro c\u00edvico-cultural y seguramente estar\u00e1n respetando la estructura hist\u00f3rica del inmueble; mi opini\u00f3n es que es muy positivo y que evidentemente se puede conservar la memoria de las cuestiones negativas que pasaron ah\u00ed, pero que se convierte en algo positivo para Ju\u00e1rez\u00bb, afirm\u00f3.<\/p>\n\n\n\n<p>Es importante destacar que la venta de ese lugar se consum\u00f3 aproximadamente 17 a\u00f1os, por lo que esto ya es un tema juzgado, pero seguramente en su momento no se socializ\u00f3, dijo el alcalde.<\/p>\n\n\n\n<p>Coment\u00f3 que respeta aquellas voces que han hecho cr\u00edticas sobre esta venta, sin embargo, Smart tiene un gran compromiso social y la obra que ah\u00ed se llevar\u00e1 a cabo tendr\u00e1 un impacto muy positivo para los habitantes de esa zona de Ciudad Ju\u00e1rez.<\/p>\n\n\n\n<p>\u00abYo creo que ese lugar est\u00e1 en muy buenas manos y nosotros vamos a tratar de colaborar; cada espacio que se recupere en nuestra ciudad y que se convierte en algo \u00fatil para la gente, a nosotros nos da mucho gusto\u00bb, agreg\u00f3.<\/p>\n","protected":false},"excerpt":{"rendered":"<p>Ciudad Ju\u00e1rez, Chih.- Para la ciudad es muy positivo que empresas juarenses, cuiden los espacios hist\u00f3ricos y los transformen en sitios culturales y de esparcimiento comunitario, afirm\u00f3 el presidente municipal, Cruz P\u00e9rez Cu\u00e9llar, con respecto a la llamada C\u00e1rcel de Piedra. El alcalde dijo que la empresa que adquiri\u00f3 este inmueble es \u00abSmart\u00bb, empresa que [&hellip;]<\/p>\n","protected":false},"author":6,"featured_media":72746,"comment_status":"closed","ping_status":"closed","sticky":false,"template":"","format":"standard","meta":{"_acf_changed":false,"_monsterinsights_skip_tracking":false,"_monsterinsights_sitenote_active":false,"_monsterinsights_sitenote_note":"","_monsterinsights_sitenote_category":0,"slim_seo":{"title":"La antigua \u2018c\u00e1rcel de piedra\u2019 se convertir\u00e1 en un lugar positivo para Ju\u00e1rez: alcalde - Opini\u00f3n P\u00fablica","description":"Ciudad Ju\u00e1rez, Chih .- Para la ciudad es muy positivo que empresas juarenses, cuiden los espacios hist\u00f3ricos y los transformen en sitios culturales y de esparci"},"footnotes":""},"categories":[41],"tags":[1250,608,753,1249],"class_list":["post-72744","post","type-post","status-publish","format-standard","has-post-thumbnail","hentry","category-juarez","tag-carcel-de-piedra","tag-ciudad-juarez","tag-cruz-perez-cuellar","tag-tiendas-smart"],"acf":[],"_links":{"self":[{"href":"https:\/\/www.opinionpublica.tv\/portada\/wp-json\/wp\/v2\/posts\/72744","targetHints":{"allow":["GET"]}}],"collection":[{"href":"https:\/\/www.opinionpublica.tv\/portada\/wp-json\/wp\/v2\/posts"}],"about":[{"href":"https:\/\/www.opinionpublica.tv\/portada\/wp-json\/wp\/v2\/types\/post"}],"author":[{"embeddable":true,"href":"https:\/\/www.opinionpublica.tv\/portada\/wp-json\/wp\/v2\/users\/6"}],"replies":[{"embeddable":true,"href":"https:\/\/www.opinionpublica.tv\/portada\/wp-json\/wp\/v2\/comments?post=72744"}],"version-history":[{"count":2,"href":"https:\/\/www.opinionpublica.tv\/portada\/wp-json\/wp\/v2\/posts\/72744\/revisions"}],"predecessor-version":[{"id":72747,"href":"https:\/\/www.opinionpublica.tv\/portada\/wp-json\/wp\/v2\/posts\/72744\/revisions\/72747"}],"wp:featuredmedia":[{"embeddable":true,"href":"https:\/\/www.opinionpublica.tv\/portada\/wp-json\/wp\/v2\/media\/72746"}],"wp:attachment":[{"href":"https:\/\/www.opinionpublica.tv\/portada\/wp-json\/wp\/v2\/media?parent=72744"}],"wp:term":[{"taxonomy":"category","embeddable":true,"href":"https:\/\/www.opinionpublica.tv\/portada\/wp-json\/wp\/v2\/categories?post=72744"},{"taxonomy":"post_tag","embeddable":true,"href":"https:\/\/www.opinionpublica.tv\/portada\/wp-json\/wp\/v2\/tags?post=72744"}],"curies":[{"name":"wp","href":"https:\/\/api.w.org\/{rel}","templated":true}]}}