{"id":72735,"date":"2025-11-21T00:01:00","date_gmt":"2025-11-21T07:01:00","guid":{"rendered":"https:\/\/www.opinionpublica.tv\/portada\/?p=72735"},"modified":"2025-11-20T20:14:55","modified_gmt":"2025-11-21T03:14:55","slug":"alerta-proteccion-civil-ante-marcado-descenso-de-temperatura-en-los-siguientes-dias","status":"publish","type":"post","link":"https:\/\/www.opinionpublica.tv\/portada\/alerta-proteccion-civil-ante-marcado-descenso-de-temperatura-en-los-siguientes-dias\/","title":{"rendered":"Alerta Protecci\u00f3n Civil ante marcado descenso de la temperatura para este viernes"},"content":{"rendered":"\n<figure class=\"wp-block-image size-large\"><img fetchpriority=\"high\" decoding=\"async\" width=\"1024\" height=\"497\" src=\"https:\/\/www.opinionpublica.tv\/portada\/wp-content\/uploads\/2025\/11\/Alerta-Proteccion-Civil-ante-marcado-descenso-de-la-temperatura-para-este-viernes-1024x497.jpeg\" alt=\"Alerta proteccio\u0301n civil ante marcado descenso de la temperatura para este viernes\" class=\"wp-image-72742\" srcset=\"https:\/\/www.opinionpublica.tv\/portada\/wp-content\/uploads\/2025\/11\/Alerta-Proteccion-Civil-ante-marcado-descenso-de-la-temperatura-para-este-viernes-1024x497.jpeg 1024w, https:\/\/www.opinionpublica.tv\/portada\/wp-content\/uploads\/2025\/11\/Alerta-Proteccion-Civil-ante-marcado-descenso-de-la-temperatura-para-este-viernes-300x146.jpeg 300w, https:\/\/www.opinionpublica.tv\/portada\/wp-content\/uploads\/2025\/11\/Alerta-Proteccion-Civil-ante-marcado-descenso-de-la-temperatura-para-este-viernes-768x373.jpeg 768w, https:\/\/www.opinionpublica.tv\/portada\/wp-content\/uploads\/2025\/11\/Alerta-Proteccion-Civil-ante-marcado-descenso-de-la-temperatura-para-este-viernes-1536x746.jpeg 1536w, https:\/\/www.opinionpublica.tv\/portada\/wp-content\/uploads\/2025\/11\/Alerta-Proteccion-Civil-ante-marcado-descenso-de-la-temperatura-para-este-viernes.jpeg 1600w\" sizes=\"(max-width: 1024px) 100vw, 1024px\" \/><\/figure>\n\n\n\n<p><em>Chihuahua, Chih<\/em>.- La Coordinaci\u00f3n Estatal de Protecci\u00f3n Civil (CEPC) emiti\u00f3 una alerta preventiva ante un marcado descenso de temperatura previsto para el viernes 21 de noviembre en la entidad, particularmente en localidades de la regi\u00f3n serrana.<\/p>\n\n\n\n<p>Se espera que el term\u00f3metro registre m\u00ednimas de 7 grados cent\u00edgrados (\u00baC) en Chihuahua, 4 \u00b0C en Ju\u00e1rez, 2 \u00b0C en Janos, -1 \u00b0C en Madera, -4 \u00b0C en Tem\u00f3sachic, 0 \u00b0C en Cuauht\u00e9moc, mientras que en Ojinaga se esperan 9 \u00b0C, 7 \u00b0C en Delicias, 8 \u00b0C en Camargo, 9 \u00b0C en Jim\u00e9nez, 6 \u00b0C en Parral, -2 \u00b0C en Creel, 14 \u00b0C en Ch\u00ednipas, -1 \u00b0C en Guachochi y -4 \u00b0C en El Vergel.<\/p>\n\n\n\n<p>Aunado a ello, se mantiene el aviso preventivo ante el pron\u00f3stico de vientos en gran parte del estado, con rachas que pueden superar los 75 kil\u00f3metros por hora (km\/h) en sectores de las zonas noroeste, oeste y suroeste.<\/p>\n\n\n\n<p>Entre los municipios m\u00e1s afectados se encuentran Ignacio Zaragoza, G\u00f3mez Far\u00edas, Matach\u00ed, Namiquipa, Bach\u00edniva, Guerrero, Carich\u00ed, Guachochi, El Vergel, Balleza y Nonoava.<\/p>\n\n\n\n<p>En el caso de Ahumada, Casas Grandes, Madera, Buenaventura, Tem\u00f3sachic, Bocoyna, Guadalupe y Calvo, San Francisco de Borja, Cusihuiriachi, Cuauht\u00e9moc, Riva Palacio, Gran Morelos, Santa Isabel, Belisario Dom\u00ednguez, Satev\u00f3, Valle de Zaragoza, Rosario, El Tule, Huejotit\u00e1n, San Francisco del Oro, Santa B\u00e1rbara, Parral y Manuel Benavides, la velocidad del viento podr\u00eda superar los 65 km\/h.<\/p>\n\n\n\n<p>En otros puntos de la zona norte, noroeste, oeste, suroeste, centro, sur y sureste, las rachas de viento podr\u00edan superar los 55 km\/h.<\/p>\n\n\n\n<p>De igual forma, en municipios como Moris, Uruachi, Guazapares y Morelos se prev\u00e9n vientos de hasta 45 kil\u00f3metros por hora y, aunque de menor intensidad, estas condiciones tambi\u00e9n pueden generar afectaciones en la movilidad y en estructuras ligeras.<\/p>\n\n\n\n<p>Las r\u00e1fagas de viento fuerte podr\u00edan ocasionar tolvaneras en diversos tramos carreteros, incluyendo Chihuahua-Ju\u00e1rez, Ju\u00e1rez-Janos, Janos-Sueco, Chihuahua-La Junta, Chihuahua-Jim\u00e9nez, Jim\u00e9nez-Parral y en la v\u00eda corta Chihuahua-Parral.<\/p>\n\n\n\n<p>La CEPC exhorta a la poblaci\u00f3n a extremar precauciones, asegurar techos y objetos sueltos, evitar encender fogatas en zonas serranas y mantenerse informada a trav\u00e9s de los canales oficiales.<\/p>\n\n\n\n<p>Las autoridades estatales y municipales se mantienen en coordinaci\u00f3n permanente para atender cualquier eventualidad derivada de estas condiciones meteorol\u00f3gicas.<\/p>\n","protected":false},"excerpt":{"rendered":"<p>Chihuahua, Chih.- La Coordinaci\u00f3n Estatal de Protecci\u00f3n Civil (CEPC) emiti\u00f3 una alerta preventiva ante un marcado descenso de temperatura previsto para el viernes 21 de noviembre en la entidad, particularmente en localidades de la regi\u00f3n serrana. Se espera que el term\u00f3metro registre m\u00ednimas de 7 grados cent\u00edgrados (\u00baC) en Chihuahua, 4 \u00b0C en Ju\u00e1rez, 2 [&hellip;]<\/p>\n","protected":false},"author":6,"featured_media":72742,"comment_status":"closed","ping_status":"closed","sticky":false,"template":"","format":"standard","meta":{"_acf_changed":false,"_monsterinsights_skip_tracking":false,"_monsterinsights_sitenote_active":false,"_monsterinsights_sitenote_note":"","_monsterinsights_sitenote_category":0,"slim_seo":{"title":"Alerta Protecci\u00f3n Civil ante marcado descenso de la temperatura para este viernes - Opini\u00f3n P\u00fablica","description":"Chihuahua, Chih .- La Coordinaci\u00f3n Estatal de Protecci\u00f3n Civil (CEPC) emiti\u00f3 una alerta preventiva ante un marcado descenso de temperatura previsto para el vier"},"footnotes":""},"categories":[11],"tags":[248],"class_list":["post-72735","post","type-post","status-publish","format-standard","has-post-thumbnail","hentry","category-tendencias","tag-frente-frio-chihuahua"],"acf":[],"_links":{"self":[{"href":"https:\/\/www.opinionpublica.tv\/portada\/wp-json\/wp\/v2\/posts\/72735","targetHints":{"allow":["GET"]}}],"collection":[{"href":"https:\/\/www.opinionpublica.tv\/portada\/wp-json\/wp\/v2\/posts"}],"about":[{"href":"https:\/\/www.opinionpublica.tv\/portada\/wp-json\/wp\/v2\/types\/post"}],"author":[{"embeddable":true,"href":"https:\/\/www.opinionpublica.tv\/portada\/wp-json\/wp\/v2\/users\/6"}],"replies":[{"embeddable":true,"href":"https:\/\/www.opinionpublica.tv\/portada\/wp-json\/wp\/v2\/comments?post=72735"}],"version-history":[{"count":5,"href":"https:\/\/www.opinionpublica.tv\/portada\/wp-json\/wp\/v2\/posts\/72735\/revisions"}],"predecessor-version":[{"id":72743,"href":"https:\/\/www.opinionpublica.tv\/portada\/wp-json\/wp\/v2\/posts\/72735\/revisions\/72743"}],"wp:featuredmedia":[{"embeddable":true,"href":"https:\/\/www.opinionpublica.tv\/portada\/wp-json\/wp\/v2\/media\/72742"}],"wp:attachment":[{"href":"https:\/\/www.opinionpublica.tv\/portada\/wp-json\/wp\/v2\/media?parent=72735"}],"wp:term":[{"taxonomy":"category","embeddable":true,"href":"https:\/\/www.opinionpublica.tv\/portada\/wp-json\/wp\/v2\/categories?post=72735"},{"taxonomy":"post_tag","embeddable":true,"href":"https:\/\/www.opinionpublica.tv\/portada\/wp-json\/wp\/v2\/tags?post=72735"}],"curies":[{"name":"wp","href":"https:\/\/api.w.org\/{rel}","templated":true}]}}