{"id":72724,"date":"2025-11-21T00:01:00","date_gmt":"2025-11-21T07:01:00","guid":{"rendered":"https:\/\/www.opinionpublica.tv\/portada\/?p=72724"},"modified":"2025-11-20T20:02:17","modified_gmt":"2025-11-21T03:02:17","slug":"sheinbaum-y-su-politica-de-encubrimiento-de-errores-acumulados-jesus-silva-herzog-marquez","status":"publish","type":"post","link":"https:\/\/www.opinionpublica.tv\/portada\/sheinbaum-y-su-politica-de-encubrimiento-de-errores-acumulados-jesus-silva-herzog-marquez\/","title":{"rendered":"Video: Sheinbaum y su pol\u00edtica de encubrir errores acumulados | Jes\u00fas Silva-Herzog M"},"content":{"rendered":"\n<p><a href=\"https:\/\/www.youtube.com\/@Latinusus\"><\/a><\/p>\n\n\n\n<figure class=\"wp-block-embed is-type-video is-provider-youtube wp-block-embed-youtube wp-embed-aspect-16-9 wp-has-aspect-ratio\"><div class=\"wp-block-embed__wrapper\">\n<iframe title=\"Sheinbaum y su pol\u00edtica de encubrimiento ante errores que se acumulan: Jes\u00fas Silva-Herzog M\u00e1rquez\" width=\"800\" height=\"450\" src=\"https:\/\/www.youtube.com\/embed\/fofVoiZedYM?feature=oembed\" frameborder=\"0\" allow=\"accelerometer; autoplay; clipboard-write; encrypted-media; gyroscope; picture-in-picture; web-share\" referrerpolicy=\"strict-origin-when-cross-origin\" allowfullscreen><\/iframe>\n<\/div><\/figure>\n\n\n\n<p>El acad\u00e9mico y analista pol\u00edtico, Jes\u00fas Silva-Herzog M\u00e1rquez, asegura que la presidenta Claudia Sheinbaum est\u00e1 usando una pol\u00edtica de encubrimiento ante errores que se acumulan.<\/p>\n\n\n\n<p><em>Cr\u00e9ditos: Latinus<\/em>.<\/p>\n","protected":false},"excerpt":{"rendered":"<p>El acad\u00e9mico y analista pol\u00edtico, Jes\u00fas Silva-Herzog M\u00e1rquez, asegura que la presidenta Claudia Sheinbaum est\u00e1 usando una pol\u00edtica de encubrimiento ante errores que se acumulan. Cr\u00e9ditos: Latinus.<\/p>\n","protected":false},"author":6,"featured_media":72728,"comment_status":"closed","ping_status":"closed","sticky":false,"template":"","format":"standard","meta":{"_acf_changed":false,"_monsterinsights_skip_tracking":false,"_monsterinsights_sitenote_active":false,"_monsterinsights_sitenote_note":"","_monsterinsights_sitenote_category":0,"slim_seo":{"title":"Video: Sheinbaum y su pol\u00edtica de encubrir errores acumulados | Jes\u00fas Silva-Herzog M - Opini\u00f3n P\u00fablica","description":"https:\/\/youtu.be\/fofVoiZedYM?si=1wCYfT-Y8fDORV_X El acad\u00e9mico y analista pol\u00edtico, Jes\u00fas Silva-Herzog M\u00e1rquez, asegura que la presidenta Claudia Sheinbaum est\u00e1"},"footnotes":""},"categories":[13,2,8],"tags":[64,307,1051,1134],"class_list":["post-72724","post","type-post","status-publish","format-standard","has-post-thumbnail","hentry","category-videos-destacados-contenido","category-videos-destacados","category-videos","tag-amlo","tag-claudia-sheinbaum","tag-jesus-silva-herzog-marquez","tag-latinus"],"acf":[],"_links":{"self":[{"href":"https:\/\/www.opinionpublica.tv\/portada\/wp-json\/wp\/v2\/posts\/72724","targetHints":{"allow":["GET"]}}],"collection":[{"href":"https:\/\/www.opinionpublica.tv\/portada\/wp-json\/wp\/v2\/posts"}],"about":[{"href":"https:\/\/www.opinionpublica.tv\/portada\/wp-json\/wp\/v2\/types\/post"}],"author":[{"embeddable":true,"href":"https:\/\/www.opinionpublica.tv\/portada\/wp-json\/wp\/v2\/users\/6"}],"replies":[{"embeddable":true,"href":"https:\/\/www.opinionpublica.tv\/portada\/wp-json\/wp\/v2\/comments?post=72724"}],"version-history":[{"count":3,"href":"https:\/\/www.opinionpublica.tv\/portada\/wp-json\/wp\/v2\/posts\/72724\/revisions"}],"predecessor-version":[{"id":72729,"href":"https:\/\/www.opinionpublica.tv\/portada\/wp-json\/wp\/v2\/posts\/72724\/revisions\/72729"}],"wp:featuredmedia":[{"embeddable":true,"href":"https:\/\/www.opinionpublica.tv\/portada\/wp-json\/wp\/v2\/media\/72728"}],"wp:attachment":[{"href":"https:\/\/www.opinionpublica.tv\/portada\/wp-json\/wp\/v2\/media?parent=72724"}],"wp:term":[{"taxonomy":"category","embeddable":true,"href":"https:\/\/www.opinionpublica.tv\/portada\/wp-json\/wp\/v2\/categories?post=72724"},{"taxonomy":"post_tag","embeddable":true,"href":"https:\/\/www.opinionpublica.tv\/portada\/wp-json\/wp\/v2\/tags?post=72724"}],"curies":[{"name":"wp","href":"https:\/\/api.w.org\/{rel}","templated":true}]}}