{"id":72716,"date":"2025-11-21T00:01:00","date_gmt":"2025-11-21T07:01:00","guid":{"rendered":"https:\/\/www.opinionpublica.tv\/portada\/?p=72716"},"modified":"2025-11-20T18:36:49","modified_gmt":"2025-11-21T01:36:49","slug":"el-coletazo-de-quetzalcoatl","status":"publish","type":"post","link":"https:\/\/www.opinionpublica.tv\/portada\/el-coletazo-de-quetzalcoatl\/","title":{"rendered":"El coletazo de Quetzalc\u00f3atl"},"content":{"rendered":"\n<h4 class=\"wp-block-heading\">Ra\u00fal Ruiz<\/h4>\n\n\n\n<p>___________________________<\/p>\n\n\n\n<p>Todos sabemos que Quetzalc\u00f3atl fue considerado el dios de la serpiente emplumada, representante de la dualidad del ser humano.<\/p>\n\n\n\n<p>Ha sido asociado con el viento, la fertilidad, el amanecer, Venus, la creaci\u00f3n del hombre, la vida y la sabidur\u00eda.<\/p>\n\n\n\n<p>\u00a1Quetzalc\u00f3atl!, una entidad et\u00e9rea, creadora de los antiguos mexicanos; que trajo desde el Mictl\u00e1n el ma\u00edz.<\/p>\n\n\n\n<p>Uno de los m\u00e1s rancios s\u00edmbolos de la Mexicanidad.<\/p>\n\n\n\n<p>En esta lucha entre el gobierno de la 4T y las fuerzas de derecha, donde estas \u00faltimas, hacen hasta lo imposible por descarrilar pol\u00edticamente al adversario, utilizando como estrategia el famoso Golpe Blando, convocan a los suyos a&nbsp; marchas y concentraciones para provocar enfrentamientos violentos y acusar a la presidenta Sheinbaum como represora de la poblaci\u00f3n, aparece la figura de QUETZALCOATL como emblema de los mexicanos.<\/p>\n\n\n\n<p>Cuatro intentos por medirse contra la multitud guinda: Marea Rosa, FRENA, Los Z y el intento de sabotear el desfile deportivo del 20 de noviembre.<\/p>\n\n\n\n<p>Como parte del ant\u00eddoto contra el golpe blando, hemos visto que para neutralizar campa\u00f1as medi\u00e1ticas hostiles se requiere revirar con informaci\u00f3n clara, accesible y verificable.<\/p>\n\n\n\n<p>As\u00ed como con movilizaciones&nbsp; en defensa de los principios que proteges, evitando caer en la provocaci\u00f3n de enfrentamientos violentos.<\/p>\n\n\n\n<p>Como respuesta a la protesta por una imaginaria \u00a1Libertad!, y \u00a1Justicia! Y contra la supuesta dictadura del gobierno de Claudia Sheinbaum, surge una convocatoria \u00abpopular\u00bb para juntarse en el z\u00f3calo y festejar los logros del gobierno de la 4T.<\/p>\n\n\n\n<p>Yo le llamo el coletazo de Quetzalc\u00f3atl, una demostraci\u00f3n del poder de convocatoria de la presidenta.<\/p>\n\n\n\n<p>Dejar claro el peso del poder de la gente, sobre sus rivales.<\/p>\n\n\n\n<p>Considero que el 6 de diciembre, la respuesta ser\u00e1 aplastante, y que Quetzalc\u00f3atl se impondr\u00e1 a deidades menores.<\/p>\n\n\n\n<p>Est\u00e1 contemplado que el 6 de diciembre no ser\u00e1 un d\u00eda cualquiera: ser\u00e1 recordado como el d\u00eda en que Quetzalc\u00f3atl, con un simple movimiento de su cola emplumada, recordar\u00e1 a los aprendices de brujo que no basta con invocar a deidades menores para desafiar al pueblo.<\/p>\n\n\n\n<p>Figurativamente, Quetzalc\u00f3atl no necesita gritar ni golpear: basta con desplegar sus plumas para que el Z\u00f3calo se llene de voces, de cuerpos, de historia viva.<\/p>\n\n\n\n<p>El coletazo ser\u00e1 aplastante, no por violencia, sino por la contundencia de la multitud que se reconoce en su propia fuerza.<\/p>\n\n\n\n<p>La idea es manejar los s\u00edmbolos ancestrales para mostrar el poder del \u00abpueblo sabio y noble\u00bb.<\/p>\n\n\n\n<p>La serpiente emplumada no se rebaja a la pelea de callej\u00f3n: se eleva, se impone.<\/p>\n\n\n\n<p>La pretensi\u00f3n es dejar claro que la mexicanidad no se negocia en mesas de caf\u00e9 ni se alquila para marchas de ocasi\u00f3n.<\/p>\n\n\n\n<p>En el Z\u00f3calo, la serpiente emplumada mostrar\u00e1 que la verdadera divinidad es la del pueblo convocado, que no se deja intimidar por golpes blandos ni por letan\u00edas huecas.<\/p>\n\n\n\n<p>Ese d\u00eda, el mito se har\u00e1 carne en la multitud guinda, y los rivales comprender\u00e1n que no hay exorcismo posible contra la fuerza de un dios que, desde tiempos ancestrales, sabe que la vida, la sabidur\u00eda y el ma\u00edz son m\u00e1s poderosos que cualquier conjuro de ocasi\u00f3n.<\/p>\n","protected":false},"excerpt":{"rendered":"<p>Ra\u00fal Ruiz ___________________________ Todos sabemos que Quetzalc\u00f3atl fue considerado el dios de la serpiente emplumada, representante de la dualidad del ser humano. Ha sido asociado con el viento, la fertilidad, el amanecer, Venus, la creaci\u00f3n del hombre, la vida y la sabidur\u00eda. \u00a1Quetzalc\u00f3atl!, una entidad et\u00e9rea, creadora de los antiguos mexicanos; que trajo desde el [&hellip;]<\/p>\n","protected":false},"author":6,"featured_media":43347,"comment_status":"closed","ping_status":"closed","sticky":false,"template":"","format":"standard","meta":{"_acf_changed":false,"_monsterinsights_skip_tracking":false,"_monsterinsights_sitenote_active":false,"_monsterinsights_sitenote_note":"","_monsterinsights_sitenote_category":0,"slim_seo":{"title":"El coletazo de Quetzalc\u00f3atl - Opini\u00f3n P\u00fablica","description":"Ra\u00fal Ruiz ___________________________ Todos sabemos que Quetzalc\u00f3atl fue considerado el dios de la serpiente emplumada, representante de la dualidad del ser hum"},"footnotes":""},"categories":[21],"tags":[593,1246,789],"class_list":["post-72716","post","type-post","status-publish","format-standard","has-post-thumbnail","hentry","category-cartapacio","tag-cartapacio","tag-quetzalcoatl","tag-raul-ruiz"],"acf":[],"_links":{"self":[{"href":"https:\/\/www.opinionpublica.tv\/portada\/wp-json\/wp\/v2\/posts\/72716","targetHints":{"allow":["GET"]}}],"collection":[{"href":"https:\/\/www.opinionpublica.tv\/portada\/wp-json\/wp\/v2\/posts"}],"about":[{"href":"https:\/\/www.opinionpublica.tv\/portada\/wp-json\/wp\/v2\/types\/post"}],"author":[{"embeddable":true,"href":"https:\/\/www.opinionpublica.tv\/portada\/wp-json\/wp\/v2\/users\/6"}],"replies":[{"embeddable":true,"href":"https:\/\/www.opinionpublica.tv\/portada\/wp-json\/wp\/v2\/comments?post=72716"}],"version-history":[{"count":2,"href":"https:\/\/www.opinionpublica.tv\/portada\/wp-json\/wp\/v2\/posts\/72716\/revisions"}],"predecessor-version":[{"id":72718,"href":"https:\/\/www.opinionpublica.tv\/portada\/wp-json\/wp\/v2\/posts\/72716\/revisions\/72718"}],"wp:featuredmedia":[{"embeddable":true,"href":"https:\/\/www.opinionpublica.tv\/portada\/wp-json\/wp\/v2\/media\/43347"}],"wp:attachment":[{"href":"https:\/\/www.opinionpublica.tv\/portada\/wp-json\/wp\/v2\/media?parent=72716"}],"wp:term":[{"taxonomy":"category","embeddable":true,"href":"https:\/\/www.opinionpublica.tv\/portada\/wp-json\/wp\/v2\/categories?post=72716"},{"taxonomy":"post_tag","embeddable":true,"href":"https:\/\/www.opinionpublica.tv\/portada\/wp-json\/wp\/v2\/tags?post=72716"}],"curies":[{"name":"wp","href":"https:\/\/api.w.org\/{rel}","templated":true}]}}