{"id":72708,"date":"2025-11-21T00:01:00","date_gmt":"2025-11-21T07:01:00","guid":{"rendered":"https:\/\/www.opinionpublica.tv\/portada\/?p=72708"},"modified":"2025-11-20T18:23:54","modified_gmt":"2025-11-21T01:23:54","slug":"desempleo-en-estados-unidos-alcanza-su-nivel-mas-alto-de-los-ultimos-cuatro-anos","status":"publish","type":"post","link":"https:\/\/www.opinionpublica.tv\/portada\/desempleo-en-estados-unidos-alcanza-su-nivel-mas-alto-de-los-ultimos-cuatro-anos\/","title":{"rendered":"Desempleo en Estados Unidos alcanza su nivel m\u00e1s alto de los \u00faltimos cuatro a\u00f1os"},"content":{"rendered":"\n<figure class=\"wp-block-image size-large\"><img fetchpriority=\"high\" decoding=\"async\" width=\"1024\" height=\"683\" src=\"https:\/\/www.opinionpublica.tv\/portada\/wp-content\/uploads\/2025\/11\/Desempleo-en-Estados-Unidos-alcanza-su-nivel-mas-alto-de-los-ultimos-cuatro-anos-1024x683.webp\" alt=\"Desempleo en estados unidos alcanza su nivel ma\u0301s alto de los u\u0301ltimos cuatro an\u0303os\" class=\"wp-image-72710\" srcset=\"https:\/\/www.opinionpublica.tv\/portada\/wp-content\/uploads\/2025\/11\/Desempleo-en-Estados-Unidos-alcanza-su-nivel-mas-alto-de-los-ultimos-cuatro-anos-1024x683.webp 1024w, https:\/\/www.opinionpublica.tv\/portada\/wp-content\/uploads\/2025\/11\/Desempleo-en-Estados-Unidos-alcanza-su-nivel-mas-alto-de-los-ultimos-cuatro-anos-300x200.webp 300w, https:\/\/www.opinionpublica.tv\/portada\/wp-content\/uploads\/2025\/11\/Desempleo-en-Estados-Unidos-alcanza-su-nivel-mas-alto-de-los-ultimos-cuatro-anos-768x512.webp 768w, https:\/\/www.opinionpublica.tv\/portada\/wp-content\/uploads\/2025\/11\/Desempleo-en-Estados-Unidos-alcanza-su-nivel-mas-alto-de-los-ultimos-cuatro-anos.webp 1242w\" sizes=\"(max-width: 1024px) 100vw, 1024px\" \/><\/figure>\n\n\n\n<p><em>Washington, DC, EU<\/em>.- Los empleadores en Estados Unidos a\u00f1adieron un sorprendente y s\u00f3lido n\u00famero de 119 mil empleos en septiembre, inform\u00f3 el gobierno, emitiendo un informe econ\u00f3mico clave que hab\u00eda sido retrasado durante siete semanas debido al cierre del gobierno federal.<\/p>\n\n\n\n<p>La tasa de desempleo subi\u00f3 al 4.4% desde el 4.3% en agosto, inform\u00f3 el Departamento de Trabajo el jueves.<\/p>\n\n\n\n<p>El aumento en las n\u00f3minas fue m\u00e1s del doble de los 50 mil que los economistas hab\u00edan pronosticado. Sin embargo, las revisiones del Departamento de Trabajo mostraron que la econom\u00eda perdi\u00f3 4 mil empleos en agosto en lugar de ganar 22 mil como se inform\u00f3 originalmente.<\/p>\n\n\n\n<p>El desempleo registr\u00f3 un nuevo incremento de una d\u00e9cima, manteniendo la tendencia alcista de los \u00faltimos meses, y alcanz\u00f3 el 4,4 %, su nivel m\u00e1s alto en casi cuatro a\u00f1os, lo que equivale a 7,6 millones de personas sin trabajo. Esta cifra supera la registrada en el mismo periodo del a\u00f1o anterior, cuando la tasa se situaba en el 4,1 %.<\/p>\n\n\n\n<p><strong>Incertidumbre econ\u00f3mica<\/strong><\/p>\n\n\n\n<p>Durante los 43 d\u00edas de cierre del gobierno, los inversores, las empresas, los responsables de pol\u00edticas y la Reserva Federal estaban a oscuras buscando pistas sobre la salud del mercado laboral porque los trabajadores federales hab\u00edan sido suspendidos y no pod\u00edan recopilar los datos.<\/p>\n\n\n\n<p>El informe llega en un momento de considerable incertidumbre sobre la econom\u00eda. El mercado laboral ha estado tensionado por los efectos persistentes de las altas tasas de inter\u00e9s y la incertidumbre en torno a la err\u00e1tica campa\u00f1a de Trump para imponer impuestos a las importaciones de casi todos los pa\u00edses del mundo. Sin embargo, el crecimiento econ\u00f3mico a mediados de a\u00f1o fue resistente.<\/p>\n\n\n\n<p>Los responsables de pol\u00edticas de la Reserva Federal est\u00e1n divididos sobre si deben reducir las tasas de inter\u00e9s por tercera vez este a\u00f1o cuando se re\u00fanan el pr\u00f3ximo mes.<\/p>\n\n\n\n<p>Los economistas esperaban ver una continuaci\u00f3n de lo que estaba sucediendo en primavera y verano: contrataci\u00f3n d\u00e9bil pero pocos despidos, una combinaci\u00f3n inc\u00f3moda que significa que los estadounidenses que tienen trabajo disfrutan mayormente de seguridad laboral, pero aquellos que no lo tienen a menudo luchan por encontrar empleo.<\/p>\n\n\n\n<p>El mercado laboral ha estado tensado este a\u00f1o por los efectos persistentes de las altas tasas de inter\u00e9s dise\u00f1adas para combatir un aumento de la inflaci\u00f3n y la incertidumbre en torno a la campa\u00f1a de Trump para imponer aranceles a casi todos los pa\u00edses del mundo y a productos espec\u00edficos, desde cobre hasta pel\u00edculas extranjeras.<\/p>\n\n\n\n<p><strong>Ritmo de contrataci\u00f3n en el mercado<\/strong><\/p>\n\n\n\n<p>Las revisiones del Departamento de Trabajo en septiembre mostraron que la econom\u00eda cre\u00f3 911.000 empleos menos de lo que se inform\u00f3 originalmente en el a\u00f1o que termin\u00f3 en marzo. Eso significaba que los empleadores a\u00f1adieron un promedio de solo 71.000 nuevos empleos al mes durante ese per\u00edodo, no los 147 mil reportados inicialmente.<\/p>\n\n\n\n<p>Desde marzo, la creaci\u00f3n de empleos ha disminuido a\u00fan m\u00e1s, a un promedio de 53 mil al mes. Durante el auge de contrataciones de 2021-2023 que sigui\u00f3 a los confinamientos por COVID-19, en contraste, la econom\u00eda estaba creando 400 mil empleos al mes.<\/p>\n\n\n\n<p>Se espera que la represi\u00f3n de la inmigraci\u00f3n ilegal por parte del presidente Donald Trump reduzca el n\u00famero de personas que buscan trabajo, lo que significa que la econom\u00eda puede crear menos empleos sin aumentar la tasa de desempleo.<\/p>\n\n\n\n<p>Con los n\u00fameros de septiembre disponibles, las empresas, los inversores, los responsables de pol\u00edticas y la Fed tendr\u00e1n que esperar un tiempo para obtener otra buena visi\u00f3n de los n\u00fameros detr\u00e1s del mercado laboral estadounidense.<\/p>\n\n\n\n<p>El Departamento de Trabajo dijo el mi\u00e9rcoles que no publicar\u00e1 un informe completo de empleos para octubre porque no pudo calcular la tasa de desempleo durante el cierre del gobierno.<\/p>\n\n\n\n<p>En su lugar, publicar\u00e1 algunos de los datos de empleos de octubre, incluido el n\u00famero de empleos que los empleadores crearon el mes pasado, junto con el informe completo de empleos de noviembre el 16 de diciembre, un par de semanas tarde.<\/p>\n\n\n\n<p>Eso pone un enfoque a\u00fan m\u00e1s intenso en los n\u00fameros de empleos de septiembre publicados el jueves. Son la \u00faltima medici\u00f3n completa de contrataci\u00f3n y desempleo que los responsables de pol\u00edticas de la Fed ver\u00e1n antes de reunirse el 9-10 de diciembre para decidir si recortan su tasa de inter\u00e9s de referencia por tercera vez este a\u00f1o.<\/p>\n","protected":false},"excerpt":{"rendered":"<p>Washington, DC, EU.- Los empleadores en Estados Unidos a\u00f1adieron un sorprendente y s\u00f3lido n\u00famero de 119 mil empleos en septiembre, inform\u00f3 el gobierno, emitiendo un informe econ\u00f3mico clave que hab\u00eda sido retrasado durante siete semanas debido al cierre del gobierno federal. La tasa de desempleo subi\u00f3 al 4.4% desde el 4.3% en agosto, inform\u00f3 el [&hellip;]<\/p>\n","protected":false},"author":6,"featured_media":72710,"comment_status":"closed","ping_status":"closed","sticky":false,"template":"","format":"standard","meta":{"_acf_changed":false,"_monsterinsights_skip_tracking":false,"_monsterinsights_sitenote_active":false,"_monsterinsights_sitenote_note":"","_monsterinsights_sitenote_category":0,"slim_seo":{"title":"Desempleo en Estados Unidos alcanza su nivel m\u00e1s alto de los \u00faltimos cuatro a\u00f1os - Opini\u00f3n P\u00fablica","description":"Washington, DC, EU .- Los empleadores en Estados Unidos a\u00f1adieron un sorprendente y s\u00f3lido n\u00famero de 119 mil empleos en septiembre, inform\u00f3 el gobierno, emitien"},"footnotes":""},"categories":[4],"tags":[312,93],"class_list":["post-72708","post","type-post","status-publish","format-standard","has-post-thumbnail","hentry","category-pulsopolitico","tag-desempleo","tag-estados-unidos"],"acf":[],"_links":{"self":[{"href":"https:\/\/www.opinionpublica.tv\/portada\/wp-json\/wp\/v2\/posts\/72708","targetHints":{"allow":["GET"]}}],"collection":[{"href":"https:\/\/www.opinionpublica.tv\/portada\/wp-json\/wp\/v2\/posts"}],"about":[{"href":"https:\/\/www.opinionpublica.tv\/portada\/wp-json\/wp\/v2\/types\/post"}],"author":[{"embeddable":true,"href":"https:\/\/www.opinionpublica.tv\/portada\/wp-json\/wp\/v2\/users\/6"}],"replies":[{"embeddable":true,"href":"https:\/\/www.opinionpublica.tv\/portada\/wp-json\/wp\/v2\/comments?post=72708"}],"version-history":[{"count":2,"href":"https:\/\/www.opinionpublica.tv\/portada\/wp-json\/wp\/v2\/posts\/72708\/revisions"}],"predecessor-version":[{"id":72711,"href":"https:\/\/www.opinionpublica.tv\/portada\/wp-json\/wp\/v2\/posts\/72708\/revisions\/72711"}],"wp:featuredmedia":[{"embeddable":true,"href":"https:\/\/www.opinionpublica.tv\/portada\/wp-json\/wp\/v2\/media\/72710"}],"wp:attachment":[{"href":"https:\/\/www.opinionpublica.tv\/portada\/wp-json\/wp\/v2\/media?parent=72708"}],"wp:term":[{"taxonomy":"category","embeddable":true,"href":"https:\/\/www.opinionpublica.tv\/portada\/wp-json\/wp\/v2\/categories?post=72708"},{"taxonomy":"post_tag","embeddable":true,"href":"https:\/\/www.opinionpublica.tv\/portada\/wp-json\/wp\/v2\/tags?post=72708"}],"curies":[{"name":"wp","href":"https:\/\/api.w.org\/{rel}","templated":true}]}}