{"id":72705,"date":"2025-11-25T00:01:00","date_gmt":"2025-11-25T07:01:00","guid":{"rendered":"https:\/\/www.opinionpublica.tv\/portada\/?p=72705"},"modified":"2025-11-21T13:27:01","modified_gmt":"2025-11-21T20:27:01","slug":"reapertura-del-caso-colosio-tres-dudas","status":"publish","type":"post","link":"https:\/\/www.opinionpublica.tv\/portada\/reapertura-del-caso-colosio-tres-dudas\/","title":{"rendered":"Reapertura del caso Colosio: tres dudas"},"content":{"rendered":"\n<h4 class=\"wp-block-heading\">Jorge G Casta\u00f1eda<\/h4>\n\n\n\n<p class=\"wp-block-paragraph\">___________________________<\/p>\n\n\n\n<p class=\"wp-block-paragraph\">Resulta obvio que las versiones propagadas en el mundo de la marcha del s\u00e1bado encierran exageraciones de buena fe, o francas mentiras. Entre esta \u00faltimas figuran las de Alex Jones, el fan\u00e1tico estadounidense de ultraderecha y las de Barron Trump, as\u00ed como las portadas de varios peri\u00f3dicos, incluyendo, extra\u00f1amente, The Guardian y Los Angeles Times.<\/p>\n\n\n\n<p class=\"wp-block-paragraph\">No es inminente la ca\u00edda del gobierno de Sheinbaum, ni existe un repudio generalizado en M\u00e9xico a la corrupci\u00f3n y la violencia. De haberlo \u2014y en eso tiene raz\u00f3n Sheinbaum\u2014 sus n\u00fameros de aprobaci\u00f3n, aunque descendieron mucho, no se mantendr\u00edan en los niveles actuales.<\/p>\n\n\n\n<p class=\"wp-block-paragraph\">Pero es innegable que el mundo vio las im\u00e1genes, y en todo caso, las revis\u00f3 el personaje m\u00e1s importante del mundo para Sheinbaum y M\u00e9xico. Trump coment\u00f3 las protestas en una larga entrevista el lunes, cuando tambi\u00e9n lament\u00f3 que \u201cno estaba contento con M\u00e9xico\u201d.<\/p>\n\n\n\n<p class=\"wp-block-paragraph\">Todo esto, aunque la Embajada de Estados Unidos aqu\u00ed, en un intento de control de da\u00f1os, haya posteado m\u00e1s bien las declaraciones elogiosas de Marco Rubio. Especul\u00e9 el viernes en un blog que la Presidenta se hac\u00eda un flaco favor publicitando a tal grado la marcha. Persiste en su error, al denostarla por ser de derecha, de viejos (\u00a1me ofende!) y de extranjeros.<\/p>\n\n\n\n<p class=\"wp-block-paragraph\">Entiendo su dilema. Cada d\u00eda se descomponen m\u00e1s frentes abiertos, de los que ya hemos hablado aqu\u00ed. Y no se cierra ninguno: ni Sinaloa, ni las negociaciones con Washington sobre los aranceles, ni el huachicol fiscal, ni La Barredora y Ad\u00e1n Augusto. Esto sucede en el marco de una econom\u00eda que se enfr\u00eda cada vez m\u00e1s, y de un \u00e1nimo social que comienza a enardecerse, aunque solo fuera entre grupos minoritarios. El problema no reside en la gravedad objetiva de la situaci\u00f3n \u2014es adversa, sin m\u00e1s\u2014 sino en las heridas autoinfligidas de un gobierno sin br\u00fajula aparente.<\/p>\n\n\n\n<p class=\"wp-block-paragraph\">En este contexto la Fiscal\u00eda General de la Rep\u00fablica resucita el caso Colosio. No todos los lectores recuerdan que, desde un principio, circul\u00f3 la versi\u00f3n seg\u00fan la cual, adem\u00e1s de Mario Aburto, se present\u00f3 un segundo tirador en Lomas Taurinas. Primero se habl\u00f3 de Jorge Antonio S\u00e1nchez Ortega, un agente joven del Cisen asignado al seguimiento del candidato, y luego Pablo Chapa Bezanilla invent\u00f3 a Oth\u00f3n Cort\u00e9s, detenido un a\u00f1o despu\u00e9s y absuelto, al igual que S\u00e1nchez Ortega.<\/p>\n\n\n\n<p class=\"wp-block-paragraph\">Las m\u00faltiples investigaciones realizadas en esa \u00e9poca concluyeron claramente que Colosio muri\u00f3 de dos balazos (en realidad el primero, al cerebro, fue el decisivo), disparados con el mismo rev\u00f3lver Taurus (brasile\u00f1o) que portaba Aburto. Ambos casquillos fueron encontrados en el rev\u00f3lver al ser detenido Aburto. Se descart\u00f3 la tesis del segundo tirador por falsedad evidente: si solo fueron dos disparos y ambos con la misma arma, no pod\u00eda existir otro balazo ni otro asesino.<\/p>\n\n\n\n<p class=\"wp-block-paragraph\">En tres ocasiones \u2014octubre de 2023, noviembre de 2023 y enero de 2024\u2014 Alejandro Gertz y L\u00f3pez Obrador procuraron revivir la falsa y refutada tesis. Por lo menos cuatro jueces negaron el auto de formal prisi\u00f3n, por falta de pruebas.<\/p>\n\n\n\n<p class=\"wp-block-paragraph\">Lo volvi\u00f3 a intentar Gertz hace un par de semanas, y en esta ocasi\u00f3n el juez Daniel Marcelino Ni\u00f1o Jim\u00e9nez, del Cuarto Distrito en Materia Penal del Estado de M\u00e9xico, dict\u00f3 la prisi\u00f3n formal. Lo cual significa que habr\u00e1 un juicio, donde S\u00e1nchez Ortega ser\u00e1 acusado de homicidio y se declarar\u00e1 inocente o culpable. El juez accedi\u00f3 a la solicitud de Gertz gracias a dos pruebas contenidas en el expediente elaborado por el Sub-Fiscal Juan Ramos L\u00f3pez antes de morir en 2023.<\/p>\n\n\n\n<p class=\"wp-block-paragraph\">La primera consiste en el testimonio de una tal Leticia Ortiz, compa\u00f1era de trabajo de Aburto, que afirm\u00f3 haber identificado a S\u00e1nchez Ortega cuando visit\u00f3 a Aburto en tres ocasiones en la maquiladora donde laboraba Aburto. La segunda radica en los trazos de GSR (plomo, bario o antimonio) encontrados en un peritaje bal\u00edstico de 2023 en la chamarra de S\u00e1nchez Ortega.<\/p>\n\n\n\n<p class=\"wp-block-paragraph\">Pero se ha especulado que el expediente no se limita a las pruebas. Establece una cadena de mando, que explica, en mi opini\u00f3n, el inter\u00e9s de L\u00f3pez Obrador, Sheinbaum y Gertz, de reabrir el caso. Se afirma que S\u00e1nchez Ortega le respond\u00eda a otro agente junior del Cisen, de nombre Genaro Garc\u00eda Luna, que incluso lo rescat\u00f3 de Tijuana en aquellos d\u00edas aciagos de 1994.<\/p>\n\n\n\n<p class=\"wp-block-paragraph\">\u00c9ste, a su vez, le reportaba al Director del Cisen, Jorge Tello Pe\u00f3n, quien segu\u00eda las orientaciones del Gabinete de Seguridad Nacional y de su secretario t\u00e9cnico, as\u00ed como del secretario de Gobernaci\u00f3n. El jefe de ambos, por \u00faltimo, era Carlos Salinas de Gortari. Es esta cadena de mando que va a ser presentada en el juicio por la Fiscal\u00eda, y es este esc\u00e1ndalo el que busca revivir el gobierno.<\/p>\n\n\n\n<p class=\"wp-block-paragraph\">Aqu\u00ed surgen varias dudas. La primera es el paradero, el destino, la vida misma, de S\u00e1nchez Ortega, entre 1994 y 2025. Seg\u00fan Chat GPT, la nota del auto de formal prisi\u00f3n menciona que fue directivo de Peak Growth Capital, pero no arroja m\u00e1s informaci\u00f3n. Grok se\u00f1ala que sigui\u00f3 en el Cisen; en 2008 fue reasignado a Coahuila donde se acerc\u00f3 a los familiares de las v\u00edctimas de Pasta de Conchos. Entre 2009 y 2023, se pierde el trazo. Se antoja que hoy, a diferencia de hace treinta a\u00f1os, cantar\u00e1 la canci\u00f3n que le pidan.<\/p>\n\n\n\n<p class=\"wp-block-paragraph\">En segundo lugar, aunque el juez Ni\u00f1o Jim\u00e9nez sea de los que permanecieron en su cargo desde antes de las elecciones del poder judicial, es probable que sea sensible a la amenaza que pende sobre todos los magistrados, electos o no: el Tribunal de Disciplina Judicial, cuyos fallos son inapelables y pueden ser fatales para la carrera y el empleo de cualquier integrante del poder judicial.<\/p>\n\n\n\n<p class=\"wp-block-paragraph\">La tercera duda es si el impulso de todo este teatro montado proviene de Palacio Nacional o de Palenque. Algunos pensar\u00e1n que a estas alturas da lo mismo. No estoy seguro. L\u00f3pez Obrador tendr\u00eda sus razones, no electorales, para seguir buscando condenar a Salinas, aunque fuera en ausencia, porque nunca los espa\u00f1oles lo extraditar\u00edan.<\/p>\n\n\n\n<p class=\"wp-block-paragraph\">Poco importa que la acusaci\u00f3n a S\u00e1nchez Ortega sea falsa, y que la tesis de la cadena de mando no valga. Para AMLO, se trata de un asunto de legado, no de hechos ni de votos.<\/p>\n\n\n\n<p class=\"wp-block-paragraph\">En cambio, no veo qu\u00e9 tendr\u00eda que ganar Sheinbaum con el numerito. Puede distraer a la opini\u00f3n durante un rato, pero tambi\u00e9n meterse en otro pleito internacional que no necesita. Ojal\u00e1, y por lo menos, que no le eche ganitas al asunto.<\/p>\n","protected":false},"excerpt":{"rendered":"<p>Jorge G Casta\u00f1eda ___________________________ Resulta obvio que las versiones propagadas en el mundo de la marcha del s\u00e1bado encierran exageraciones de buena fe, o francas mentiras. Entre esta \u00faltimas figuran las de Alex Jones, el fan\u00e1tico estadounidense de ultraderecha y las de Barron Trump, as\u00ed como las portadas de varios peri\u00f3dicos, incluyendo, extra\u00f1amente, The Guardian [&hellip;]<\/p>\n","protected":false},"author":6,"featured_media":43385,"comment_status":"closed","ping_status":"closed","sticky":false,"template":"","format":"standard","meta":{"_acf_changed":false,"_monsterinsights_skip_tracking":false,"slim_seo":{"title":"Reapertura del caso Colosio: tres dudas - Opini\u00f3n P\u00fablica","description":"Jorge G Casta\u00f1eda ___________________________ Resulta obvio que las versiones propagadas en el mundo de la marcha del s\u00e1bado encierran exageraciones de buena fe"},"footnotes":""},"categories":[18],"tags":[82],"class_list":["post-72705","post","type-post","status-publish","format-standard","has-post-thumbnail","hentry","category-castaneda-opina","tag-jorge-castaneda"],"acf":[],"_links":{"self":[{"href":"https:\/\/www.opinionpublica.tv\/portada\/wp-json\/wp\/v2\/posts\/72705","targetHints":{"allow":["GET"]}}],"collection":[{"href":"https:\/\/www.opinionpublica.tv\/portada\/wp-json\/wp\/v2\/posts"}],"about":[{"href":"https:\/\/www.opinionpublica.tv\/portada\/wp-json\/wp\/v2\/types\/post"}],"author":[{"embeddable":true,"href":"https:\/\/www.opinionpublica.tv\/portada\/wp-json\/wp\/v2\/users\/6"}],"replies":[{"embeddable":true,"href":"https:\/\/www.opinionpublica.tv\/portada\/wp-json\/wp\/v2\/comments?post=72705"}],"version-history":[{"count":2,"href":"https:\/\/www.opinionpublica.tv\/portada\/wp-json\/wp\/v2\/posts\/72705\/revisions"}],"predecessor-version":[{"id":72707,"href":"https:\/\/www.opinionpublica.tv\/portada\/wp-json\/wp\/v2\/posts\/72705\/revisions\/72707"}],"wp:featuredmedia":[{"embeddable":true,"href":"https:\/\/www.opinionpublica.tv\/portada\/wp-json\/wp\/v2\/media\/43385"}],"wp:attachment":[{"href":"https:\/\/www.opinionpublica.tv\/portada\/wp-json\/wp\/v2\/media?parent=72705"}],"wp:term":[{"taxonomy":"category","embeddable":true,"href":"https:\/\/www.opinionpublica.tv\/portada\/wp-json\/wp\/v2\/categories?post=72705"},{"taxonomy":"post_tag","embeddable":true,"href":"https:\/\/www.opinionpublica.tv\/portada\/wp-json\/wp\/v2\/tags?post=72705"}],"curies":[{"name":"wp","href":"https:\/\/api.w.org\/{rel}","templated":true}]}}